{"id":10765,"date":"2019-11-08T01:21:20","date_gmt":"2019-11-08T01:21:20","guid":{"rendered":"https:\/\/jorgezanoni.com.br\/2019\/?p=10765"},"modified":"2019-11-08T01:21:20","modified_gmt":"2019-11-08T01:21:20","slug":"prefeitura-de-dracena-com-dificuldade-na-gestao-fiscal","status":"publish","type":"post","link":"https:\/\/jorgezanoni.com.br\/2019\/prefeitura-de-dracena-com-dificuldade-na-gestao-fiscal\/","title":{"rendered":"Prefeitura de Dracena com dificuldade na gest\u00e3o fiscal"},"content":{"rendered":"<p style=\"text-align: justify;\">\u00c9 o que aponta estudo da FIRJAN (Federa\u00e7\u00e3o das Ind\u00fastrias do Estado do Rio de Janeiro) lan\u00e7ado em 31\/10.<br \/>\nNo ranking estadual, Dracena aparece na posi\u00e7\u00e3o\u00a0<strong>336\u00ba<\/strong>\u00a0enquanto que a vizinha Junqueir\u00f3polis em\u00a0<strong>27\u00ba<\/strong>, Presidente Epit\u00e1cio em\u00a0<strong>46<\/strong>\u00ba, Adamantina em 155\u00ba e Paulic\u00e9ia em 196\u00ba.<br \/>\nO estudo elaborado tem por refer\u00eancia o ano de 2018. A FIRJAN revelou que o or\u00e7amento p\u00fablico de Dracena apresenta situa\u00e7\u00e3o cr\u00edtica de investimento, al\u00e9m das dificuldades na folha de pagamento e na liquidez.<br \/>\nSem foco no futuro. \u201cNa pr\u00e1tica, essas prefeituras n\u00e3o conseguem pensar no futuro de sua popula\u00e7\u00e3o, pois n\u00e3o investem em infraestrutura, escolas e hospitais bem equipados, por exemplo\u201d, avalia Goulart, gerente de Estudos Econ\u00f4micos da FIRJAN.<br \/>\nGastos com folha de pagamento sempre no limite de alerta.<br \/>\nNo \u201ccheque especial\u201d. As prefeituras est\u00e3o postergando pagamentos de despesas para o pr\u00f3ximo ano sem a devida cobertura. Faltou planejamento em seu or\u00e7amento de forma eficiente.<br \/>\nEstudo completo pode ser acessado no link https:\/\/firjan.com.br\/noticias\/ifgf-rio-de-janeiro-2019.htm?&amp;IdEditoriaPrincipal=4028818B46EEB3CD0147276DBF7865ED<\/p>\n<p style=\"text-align: justify;\">Por Bruno Brandino<\/p>\n<p style=\"text-align: justify;\">Fonte: https:\/\/jornalinterativo.net\/2016\/prefeitura-de-dracena-com-dificuldade-na-gestao-fiscal\/<\/p>\n","protected":false},"excerpt":{"rendered":"<p>\u00c9 o que aponta estudo da FIRJAN (Federa\u00e7\u00e3o das Ind\u00fastrias do Estado do Rio de Janeiro) lan\u00e7ado em 31\/10. No ranking estadual, Dracena aparece na posi\u00e7\u00e3o\u00a0336\u00ba\u00a0enquanto que a vizinha Junqueir\u00f3polis em\u00a027\u00ba, Presidente Epit\u00e1cio em\u00a046\u00ba, Adamantina em 155\u00ba e Paulic\u00e9ia em 196\u00ba. O estudo elaborado tem por refer\u00eancia o ano de 2018. A FIRJAN revelou que [&hellip;]<\/p>\n","protected":false},"author":1,"featured_media":10766,"comment_status":"closed","ping_status":"open","sticky":false,"template":"","format":"standard","meta":{"footnotes":""},"categories":[179,184,110],"tags":[],"class_list":["post-10765","post","type-post","status-publish","format-standard","has-post-thumbnail","hentry","category-cidadeseregiao","category-dracena","category-noticiasdestaque"],"_links":{"self":[{"href":"https:\/\/jorgezanoni.com.br\/2019\/wp-json\/wp\/v2\/posts\/10765","targetHints":{"allow":["GET"]}}],"collection":[{"href":"https:\/\/jorgezanoni.com.br\/2019\/wp-json\/wp\/v2\/posts"}],"about":[{"href":"https:\/\/jorgezanoni.com.br\/2019\/wp-json\/wp\/v2\/types\/post"}],"author":[{"embeddable":true,"href":"https:\/\/jorgezanoni.com.br\/2019\/wp-json\/wp\/v2\/users\/1"}],"replies":[{"embeddable":true,"href":"https:\/\/jorgezanoni.com.br\/2019\/wp-json\/wp\/v2\/comments?post=10765"}],"version-history":[{"count":0,"href":"https:\/\/jorgezanoni.com.br\/2019\/wp-json\/wp\/v2\/posts\/10765\/revisions"}],"wp:featuredmedia":[{"embeddable":true,"href":"https:\/\/jorgezanoni.com.br\/2019\/wp-json\/wp\/v2\/media\/10766"}],"wp:attachment":[{"href":"https:\/\/jorgezanoni.com.br\/2019\/wp-json\/wp\/v2\/media?parent=10765"}],"wp:term":[{"taxonomy":"category","embeddable":true,"href":"https:\/\/jorgezanoni.com.br\/2019\/wp-json\/wp\/v2\/categories?post=10765"},{"taxonomy":"post_tag","embeddable":true,"href":"https:\/\/jorgezanoni.com.br\/2019\/wp-json\/wp\/v2\/tags?post=10765"}],"curies":[{"name":"wp","href":"https:\/\/api.w.org\/{rel}","templated":true}]}}