{"id":10758,"date":"2019-11-08T00:24:48","date_gmt":"2019-11-08T00:24:48","guid":{"rendered":"https:\/\/jorgezanoni.com.br\/2019\/?p=10758"},"modified":"2019-11-08T00:24:48","modified_gmt":"2019-11-08T00:24:48","slug":"crianca-de-2-anos-morre-apos-televisao-cair-de-movel-e-acertar-cabeca-dentro-de-casa-em-rio-preto","status":"publish","type":"post","link":"https:\/\/jorgezanoni.com.br\/2019\/crianca-de-2-anos-morre-apos-televisao-cair-de-movel-e-acertar-cabeca-dentro-de-casa-em-rio-preto\/","title":{"rendered":"Crian\u00e7a de 2 anos morre ap\u00f3s televis\u00e3o cair de m\u00f3vel e acertar cabe\u00e7a dentro de casa em Rio Preto"},"content":{"rendered":"<h2 class=\"content-head__subtitle\" style=\"text-align: justify;\"><strong>Televisor estava em cima de um m\u00f3vel na sala da casa onde a fam\u00edlia mora. Boletim de ocorr\u00eancia foi registrado como morte suspeita; Pol\u00edcia Civil investiga o caso.<\/strong><\/h2>\n<div class=\"mc-column content-text active-extra-styles \" data-block-type=\"unstyled\" data-block-weight=\"35\" data-block-id=\"2\">\n<p class=\"content-text__container \" style=\"text-align: justify;\" data-track-category=\"Link no Texto\" data-track-links=\"\">Uma crian\u00e7a de 2 anos morreu ap\u00f3s uma televis\u00e3o de 29 nove polegadas cair sobre a cabe\u00e7a dela no bairro Lealdade Amizade, em S\u00e3o Jos\u00e9 do Rio Preto (SP), na tarde desta quarta-feira (6).<\/p>\n<\/div>\n<div class=\"wall protected-content\">\n<div class=\"mc-column content-text active-extra-styles \" style=\"text-align: justify;\" data-block-type=\"unstyled\" data-block-weight=\"37\" data-block-id=\"3\">\n<p class=\"content-text__container \" data-track-category=\"Link no Texto\" data-track-links=\"\">De acordo com a Pol\u00edcia Civil, o aparelho eletr\u00f4nico estava em cima de um m\u00f3vel na sala da casa onde a fam\u00edlia mora. A suspeita \u00e9 de que a menina estava brincando quando o acidente aconteceu.<\/p>\n<\/div>\n<div class=\"mc-column content-text active-extra-styles \" data-block-type=\"unstyled\" data-block-weight=\"31\" data-block-id=\"4\">\n<p class=\"content-text__container \" style=\"text-align: justify;\" data-track-category=\"Link no Texto\" data-track-links=\"\">Os pais da crian\u00e7a, que estavam na casa, ouviram o barulho e foram checar. Ao chegar \u00e0 sala, o casal viu a filha ferida com a televis\u00e3o em cima dela.<\/p>\n<div class=\"mc-column content-text active-extra-styles \" style=\"text-align: justify;\" data-block-type=\"unstyled\" data-block-weight=\"34\" data-block-id=\"6\">\n<p class=\"content-text__container \" data-track-category=\"Link no Texto\" data-track-links=\"\">Ainda segundo a Pol\u00edcia Civil, a menina foi socorrida para a Unidade B\u00e1sica de Sa\u00fade (UBS) e depois transferida para a Unidade de Pronto Atendimento (UPA), onde n\u00e3o resistiu aos ferimentos e morreu.<\/p>\n<\/div>\n<div class=\"mc-column content-text active-extra-styles \" data-block-type=\"unstyled\" data-block-weight=\"27\" data-block-id=\"7\">\n<p class=\"content-text__container \" style=\"text-align: justify;\" data-track-category=\"Link no Texto\" data-track-links=\"\">O caso foi registrado como morte suspeita na central de flagrantes e ser\u00e1 investigado pelo 3\u00ba Distrito Policial de Rio Preto, regi\u00e3o onde a morte ocorreu.<\/p>\n<p style=\"text-align: justify;\" data-track-category=\"Link no Texto\" data-track-links=\"\">Fonte: G1<\/p>\n<\/div>\n<\/div>\n<\/div>\n","protected":false},"excerpt":{"rendered":"<p>Televisor estava em cima de um m\u00f3vel na sala da casa onde a fam\u00edlia mora. Boletim de ocorr\u00eancia foi registrado como morte suspeita; Pol\u00edcia Civil investiga o caso. Uma crian\u00e7a de 2 anos morreu ap\u00f3s uma televis\u00e3o de 29 nove polegadas cair sobre a cabe\u00e7a dela no bairro Lealdade Amizade, em S\u00e3o Jos\u00e9 do Rio [&hellip;]<\/p>\n","protected":false},"author":1,"featured_media":10760,"comment_status":"closed","ping_status":"open","sticky":false,"template":"","format":"standard","meta":{"footnotes":""},"categories":[110,2],"tags":[],"class_list":["post-10758","post","type-post","status-publish","format-standard","has-post-thumbnail","hentry","category-noticiasdestaque","category-policial"],"_links":{"self":[{"href":"https:\/\/jorgezanoni.com.br\/2019\/wp-json\/wp\/v2\/posts\/10758","targetHints":{"allow":["GET"]}}],"collection":[{"href":"https:\/\/jorgezanoni.com.br\/2019\/wp-json\/wp\/v2\/posts"}],"about":[{"href":"https:\/\/jorgezanoni.com.br\/2019\/wp-json\/wp\/v2\/types\/post"}],"author":[{"embeddable":true,"href":"https:\/\/jorgezanoni.com.br\/2019\/wp-json\/wp\/v2\/users\/1"}],"replies":[{"embeddable":true,"href":"https:\/\/jorgezanoni.com.br\/2019\/wp-json\/wp\/v2\/comments?post=10758"}],"version-history":[{"count":0,"href":"https:\/\/jorgezanoni.com.br\/2019\/wp-json\/wp\/v2\/posts\/10758\/revisions"}],"wp:featuredmedia":[{"embeddable":true,"href":"https:\/\/jorgezanoni.com.br\/2019\/wp-json\/wp\/v2\/media\/10760"}],"wp:attachment":[{"href":"https:\/\/jorgezanoni.com.br\/2019\/wp-json\/wp\/v2\/media?parent=10758"}],"wp:term":[{"taxonomy":"category","embeddable":true,"href":"https:\/\/jorgezanoni.com.br\/2019\/wp-json\/wp\/v2\/categories?post=10758"},{"taxonomy":"post_tag","embeddable":true,"href":"https:\/\/jorgezanoni.com.br\/2019\/wp-json\/wp\/v2\/tags?post=10758"}],"curies":[{"name":"wp","href":"https:\/\/api.w.org\/{rel}","templated":true}]}}