{"id":10747,"date":"2019-11-07T23:58:21","date_gmt":"2019-11-07T23:58:21","guid":{"rendered":"https:\/\/jorgezanoni.com.br\/2019\/?p=10747"},"modified":"2019-11-07T23:58:21","modified_gmt":"2019-11-07T23:58:21","slug":"policiais-civis-sao-presos-escoltando-carga-de-1-tonelada-de-maconha-no-interior-de-sp","status":"publish","type":"post","link":"https:\/\/jorgezanoni.com.br\/2019\/policiais-civis-sao-presos-escoltando-carga-de-1-tonelada-de-maconha-no-interior-de-sp\/","title":{"rendered":"Policiais civis s\u00e3o presos escoltando carga de 1 tonelada de maconha no interior de SP"},"content":{"rendered":"<h2 class=\"content-head__subtitle\" style=\"text-align: justify;\"><strong>PMs suspeitaram quando viram os policiais civis em um posto de combust\u00edveis com o caminh\u00e3o. Eles e outros dois suspeitos foram presos em Mirand\u00f3polis.<\/strong><\/h2>\n<p style=\"text-align: justify;\"><img loading=\"lazy\" decoding=\"async\" class=\"alignnone size-full wp-image-10748\" src=\"https:\/\/jorgezanoni.com.br\/2019\/wp-content\/uploads\/2019\/11\/droga-1.jpg\" alt=\"\" width=\"1200\" height=\"930\" srcset=\"https:\/\/jorgezanoni.com.br\/2019\/wp-content\/uploads\/2019\/11\/droga-1.jpg 1200w, https:\/\/jorgezanoni.com.br\/2019\/wp-content\/uploads\/2019\/11\/droga-1-300x233.jpg 300w, https:\/\/jorgezanoni.com.br\/2019\/wp-content\/uploads\/2019\/11\/droga-1-768x595.jpg 768w, https:\/\/jorgezanoni.com.br\/2019\/wp-content\/uploads\/2019\/11\/droga-1-1024x794.jpg 1024w, https:\/\/jorgezanoni.com.br\/2019\/wp-content\/uploads\/2019\/11\/droga-1-696x539.jpg 696w, https:\/\/jorgezanoni.com.br\/2019\/wp-content\/uploads\/2019\/11\/droga-1-1068x828.jpg 1068w, https:\/\/jorgezanoni.com.br\/2019\/wp-content\/uploads\/2019\/11\/droga-1-542x420.jpg 542w\" sizes=\"auto, (max-width: 1200px) 100vw, 1200px\" \/>Policiais civis foram presos ao serem flagrados escoltando carro com uma tonelada de maconha \u2014 Foto: Reprodu\u00e7\u00e3o\/TV TEM<\/p>\n<div class=\"mc-column content-text active-extra-styles \" style=\"text-align: justify;\" data-block-type=\"unstyled\" data-block-weight=\"32\" data-block-id=\"2\">\n<p class=\"content-text__container \" data-track-category=\"Link no Texto\" data-track-links=\"\">Dois policiais civis de S\u00e3o Paulo foram presos nesta quinta-feira (7) depois de serem flagrados escoltando, com uma viatura caracterizada da Pol\u00edcia Civil, um caminh\u00e3o carregado com uma tonelada de maconha.<\/p>\n<\/div>\n<div class=\"wall protected-content\">\n<div class=\"mc-column content-text active-extra-styles \" style=\"text-align: justify;\" data-block-type=\"unstyled\" data-block-weight=\"30\" data-block-id=\"3\">\n<p class=\"content-text__container \" data-track-category=\"Link no Texto\" data-track-links=\"\">Outros dois homens tamb\u00e9m foram presos. A Justi\u00e7a converteu a pris\u00e3o dos suspeitos em preventiva ap\u00f3s o t\u00e9rmino da audi\u00eancia de cust\u00f3dia realizado horas depois do flagrante ser feito.<\/p>\n<\/div>\n<div class=\"mc-column content-text active-extra-styles \" data-block-type=\"unstyled\" data-block-weight=\"36\" data-block-id=\"4\">\n<p class=\"content-text__container \" style=\"text-align: justify;\" data-track-category=\"Link no Texto\" data-track-links=\"\">O flagrante foi feito na rodovia Marechal Rondon, em Mirand\u00f3polis (SP). A droga estava escondida no fundo falso da carroceria. A Secretaria de Seguran\u00e7a P\u00fablica informou que a 10\u00aa Corregedoria Auxiliar de Ara\u00e7atuba foi acionada.<\/p>\n<div class=\"mc-column content-text active-extra-styles \" style=\"text-align: justify;\" data-block-type=\"unstyled\" data-block-weight=\"31\" data-block-id=\"7\">\n<p class=\"content-text__container \" data-track-category=\"Link no Texto\" data-track-links=\"\">O advogado de defesa dos policiais afirmou em entrevista \u00e0\u00a0<strong>TV TEM\u00a0<\/strong>que os clientes alegaram que estavam na regi\u00e3o por conta de uma investiga\u00e7\u00e3o relacionada ao tr\u00e1fico de drogas.<\/p>\n<\/div>\n<div class=\"mc-column content-text active-extra-styles \" data-block-type=\"unstyled\" data-block-weight=\"42\" data-block-id=\"8\">\n<p class=\"content-text__container \" style=\"text-align: justify;\" data-track-category=\"Link no Texto\" data-track-links=\"\">&#8220;Eles acreditam que tenha sido uma arma\u00e7\u00e3o. Os policiais vieram na surdina para que fosse feito o flagrante na carga monstruosa de drogas e foram abordados pela Pol\u00edcia Militar. Eles negam veementemente e v\u00e3o aguardar a investiga\u00e7\u00e3o da pol\u00edcia&#8221;, afirma<\/p>\n<p style=\"text-align: justify;\" data-track-category=\"Link no Texto\" data-track-links=\"\">De acordo com a pol\u00edcia, policiais militares chegaram a fazer contato com os integrantes da viatura da Civil em um posto de combust\u00edveis \u00e0s margens da rodovia. Os policiais falaram que estavam em dilig\u00eancia na regi\u00e3o, sem explicar o que era.<\/p>\n<div class=\"mc-column content-text active-extra-styles \" style=\"text-align: justify;\" data-block-type=\"unstyled\" data-block-weight=\"41\" data-block-id=\"12\">\n<p class=\"content-text__container \" data-track-category=\"Link no Texto\" data-track-links=\"\">Quando a viatura da pol\u00edcia saiu do posto, o caminh\u00e3o saiu logo atr\u00e1s, o que chamou aten\u00e7\u00e3o dos policiais. Os PMs entraram em contato com a Pol\u00edcia Civil em Andradina, que apurou, na capital, n\u00e3o ter nenhuma equipe oficialmente na regi\u00e3o.<\/p>\n<\/div>\n<div class=\"mc-column content-text active-extra-styles \" style=\"text-align: justify;\" data-block-type=\"unstyled\" data-block-weight=\"33\" data-block-id=\"13\">\n<p class=\"content-text__container \" data-track-category=\"Link no Texto\" data-track-links=\"\">A pol\u00edcia montou um cerco na rodovia no trecho de Mirand\u00f3polis, onde o caminh\u00e3o e a viatura foram parados e a droga encontrada. O caso foi levado para a delegacia seccional de Andradina.<\/p>\n<\/div>\n<div class=\"mc-column content-text active-extra-styles \" data-block-type=\"unstyled\" data-block-weight=\"30\" data-block-id=\"14\">\n<p class=\"content-text__container \" style=\"text-align: justify;\" data-track-category=\"Link no Texto\" data-track-links=\"\">Segundo a pol\u00edcia, os dois policiais civis ainda simularam que estavam com um preso dentro da viatura e que estariam escoltando o caminh\u00e3o at\u00e9 a capital para fazer a apreens\u00e3o.<\/p>\n<p style=\"text-align: justify;\" data-track-category=\"Link no Texto\" data-track-links=\"\"><img loading=\"lazy\" decoding=\"async\" class=\"alignnone size-full wp-image-10750\" src=\"https:\/\/jorgezanoni.com.br\/2019\/wp-content\/uploads\/2019\/11\/droga2-1.jpg\" alt=\"\" width=\"1200\" height=\"664\" srcset=\"https:\/\/jorgezanoni.com.br\/2019\/wp-content\/uploads\/2019\/11\/droga2-1.jpg 1200w, https:\/\/jorgezanoni.com.br\/2019\/wp-content\/uploads\/2019\/11\/droga2-1-300x166.jpg 300w, https:\/\/jorgezanoni.com.br\/2019\/wp-content\/uploads\/2019\/11\/droga2-1-768x425.jpg 768w, https:\/\/jorgezanoni.com.br\/2019\/wp-content\/uploads\/2019\/11\/droga2-1-1024x567.jpg 1024w, https:\/\/jorgezanoni.com.br\/2019\/wp-content\/uploads\/2019\/11\/droga2-1-696x385.jpg 696w, https:\/\/jorgezanoni.com.br\/2019\/wp-content\/uploads\/2019\/11\/droga2-1-1068x591.jpg 1068w, https:\/\/jorgezanoni.com.br\/2019\/wp-content\/uploads\/2019\/11\/droga2-1-759x420.jpg 759w\" sizes=\"auto, (max-width: 1200px) 100vw, 1200px\" \/>Caminh\u00e3o que era usado para transportar drogas em Andradina \u2014 Foto: C\u00e9sar Culiche\/TV TEM<\/p>\n<p style=\"text-align: justify;\" data-track-category=\"Link no Texto\" data-track-links=\"\"><img loading=\"lazy\" decoding=\"async\" class=\"alignnone size-full wp-image-10751\" src=\"https:\/\/jorgezanoni.com.br\/2019\/wp-content\/uploads\/2019\/11\/droga3.jpg\" alt=\"\" width=\"1200\" height=\"661\" srcset=\"https:\/\/jorgezanoni.com.br\/2019\/wp-content\/uploads\/2019\/11\/droga3.jpg 1200w, https:\/\/jorgezanoni.com.br\/2019\/wp-content\/uploads\/2019\/11\/droga3-300x165.jpg 300w, https:\/\/jorgezanoni.com.br\/2019\/wp-content\/uploads\/2019\/11\/droga3-768x423.jpg 768w, https:\/\/jorgezanoni.com.br\/2019\/wp-content\/uploads\/2019\/11\/droga3-1024x564.jpg 1024w, https:\/\/jorgezanoni.com.br\/2019\/wp-content\/uploads\/2019\/11\/droga3-696x383.jpg 696w, https:\/\/jorgezanoni.com.br\/2019\/wp-content\/uploads\/2019\/11\/droga3-1068x588.jpg 1068w, https:\/\/jorgezanoni.com.br\/2019\/wp-content\/uploads\/2019\/11\/droga3-762x420.jpg 762w\" sizes=\"auto, (max-width: 1200px) 100vw, 1200px\" \/>Droga apreendida no caminh\u00e3o que era escoltado por uma viatura da Pol\u00edcia Civil \u2014 Foto: C\u00e9sar Culiche\/TV TEM<\/p>\n<p data-track-category=\"Link no Texto\" data-track-links=\"\">Fonte: G1<img loading=\"lazy\" decoding=\"async\" class=\"alignnone size-full wp-image-10749\" src=\"https:\/\/jorgezanoni.com.br\/2019\/wp-content\/uploads\/2019\/11\/droga2.jpg\" alt=\"\" width=\"1200\" height=\"664\" srcset=\"https:\/\/jorgezanoni.com.br\/2019\/wp-content\/uploads\/2019\/11\/droga2.jpg 1200w, https:\/\/jorgezanoni.com.br\/2019\/wp-content\/uploads\/2019\/11\/droga2-300x166.jpg 300w, https:\/\/jorgezanoni.com.br\/2019\/wp-content\/uploads\/2019\/11\/droga2-768x425.jpg 768w, https:\/\/jorgezanoni.com.br\/2019\/wp-content\/uploads\/2019\/11\/droga2-1024x567.jpg 1024w, https:\/\/jorgezanoni.com.br\/2019\/wp-content\/uploads\/2019\/11\/droga2-696x385.jpg 696w, https:\/\/jorgezanoni.com.br\/2019\/wp-content\/uploads\/2019\/11\/droga2-1068x591.jpg 1068w, https:\/\/jorgezanoni.com.br\/2019\/wp-content\/uploads\/2019\/11\/droga2-759x420.jpg 759w\" sizes=\"auto, (max-width: 1200px) 100vw, 1200px\" \/><\/p>\n<\/div>\n<\/div>\n<\/div>\n<\/div>\n<p data-track-category=\"Link no Texto\" data-track-links=\"\">\n<p data-track-category=\"Link no Texto\" data-track-links=\"\">\n<p data-track-category=\"Link no Texto\" data-track-links=\"\">\n<p data-track-category=\"Link no Texto\" data-track-links=\"\">\n","protected":false},"excerpt":{"rendered":"<p>PMs suspeitaram quando viram os policiais civis em um posto de combust\u00edveis com o caminh\u00e3o. Eles e outros dois suspeitos foram presos em Mirand\u00f3polis. Policiais civis foram presos ao serem flagrados escoltando carro com uma tonelada de maconha \u2014 Foto: Reprodu\u00e7\u00e3o\/TV TEM Dois policiais civis de S\u00e3o Paulo foram presos nesta quinta-feira (7) depois de [&hellip;]<\/p>\n","protected":false},"author":1,"featured_media":10752,"comment_status":"closed","ping_status":"open","sticky":false,"template":"","format":"standard","meta":{"footnotes":""},"categories":[110,2],"tags":[],"class_list":["post-10747","post","type-post","status-publish","format-standard","has-post-thumbnail","hentry","category-noticiasdestaque","category-policial"],"_links":{"self":[{"href":"https:\/\/jorgezanoni.com.br\/2019\/wp-json\/wp\/v2\/posts\/10747","targetHints":{"allow":["GET"]}}],"collection":[{"href":"https:\/\/jorgezanoni.com.br\/2019\/wp-json\/wp\/v2\/posts"}],"about":[{"href":"https:\/\/jorgezanoni.com.br\/2019\/wp-json\/wp\/v2\/types\/post"}],"author":[{"embeddable":true,"href":"https:\/\/jorgezanoni.com.br\/2019\/wp-json\/wp\/v2\/users\/1"}],"replies":[{"embeddable":true,"href":"https:\/\/jorgezanoni.com.br\/2019\/wp-json\/wp\/v2\/comments?post=10747"}],"version-history":[{"count":0,"href":"https:\/\/jorgezanoni.com.br\/2019\/wp-json\/wp\/v2\/posts\/10747\/revisions"}],"wp:featuredmedia":[{"embeddable":true,"href":"https:\/\/jorgezanoni.com.br\/2019\/wp-json\/wp\/v2\/media\/10752"}],"wp:attachment":[{"href":"https:\/\/jorgezanoni.com.br\/2019\/wp-json\/wp\/v2\/media?parent=10747"}],"wp:term":[{"taxonomy":"category","embeddable":true,"href":"https:\/\/jorgezanoni.com.br\/2019\/wp-json\/wp\/v2\/categories?post=10747"},{"taxonomy":"post_tag","embeddable":true,"href":"https:\/\/jorgezanoni.com.br\/2019\/wp-json\/wp\/v2\/tags?post=10747"}],"curies":[{"name":"wp","href":"https:\/\/api.w.org\/{rel}","templated":true}]}}