{"id":10739,"date":"2019-11-07T23:21:02","date_gmt":"2019-11-07T23:21:02","guid":{"rendered":"https:\/\/jorgezanoni.com.br\/2019\/?p=10739"},"modified":"2019-11-07T23:21:02","modified_gmt":"2019-11-07T23:21:02","slug":"dono-de-oficina-destruida-cre-em-milagre-apos-imagem-de-nossa-senhora-resistir-a-incendio-ja-me-salvou-de-muitas-coisas","status":"publish","type":"post","link":"https:\/\/jorgezanoni.com.br\/2019\/dono-de-oficina-destruida-cre-em-milagre-apos-imagem-de-nossa-senhora-resistir-a-incendio-ja-me-salvou-de-muitas-coisas\/","title":{"rendered":"Dono de oficina destru\u00edda cr\u00ea em milagre ap\u00f3s imagem de Nossa Senhora resistir a inc\u00eandio: &#8216;J\u00e1 me salvou de muitas coisas&#8217;"},"content":{"rendered":"<h2 class=\"content-head__subtitle\" style=\"text-align: justify;\"><strong>Empres\u00e1rio destaca que at\u00e9 extintor derreteu com o calor e diz que imagem da santa permitiu que ningu\u00e9m ficasse ferido. Fogo destruiu barrac\u00e3o, dois carros, uma moto e quatro empilhadeiras em Santa Cruz do Rio Pardo.<\/strong><\/h2>\n<div class=\"mc-column content-text active-extra-styles \" data-block-type=\"unstyled\" data-block-weight=\"39\" data-block-id=\"2\">\n<p class=\"content-text__container \" style=\"text-align: justify;\" data-track-category=\"Link no Texto\" data-track-links=\"\">Uma imagem de Nossa Senhora Aparecida foi praticamente a \u00fanica pe\u00e7a que resistiu ao\u00a0<a href=\"https:\/\/g1.globo.com\/sp\/bauru-marilia\/noticia\/2019\/11\/05\/oficina-mecanica-pega-fogo-em-santa-cruz-do-rio-pardo.ghtml\">inc\u00eandio que destruiu uma oficina mec\u00e2nica<\/a>\u00a0na noite de segunda-feira (4), em Santa Cruz do Rio Pardo (SP), situa\u00e7\u00e3o que chamou a aten\u00e7\u00e3o do dono.<\/p>\n<\/div>\n<div class=\"wall protected-content\">\n<div class=\"mc-column content-text active-extra-styles \" data-block-type=\"unstyled\" data-block-weight=\"53\" data-block-id=\"3\">\n<p class=\"content-text__container \" style=\"text-align: justify;\" data-track-category=\"Link no Texto\" data-track-links=\"\">A imagem foi resgatada por um policial militar, o sargento Luiz Roberto da Silva, que comandou a equipe de PMs no apoio aos bombeiros durante os trabalhos de combate \u00e0s chamas. A santa estava em um altar na parede da oficina onde ela foi colocada desde a reforma do pr\u00e9dio, h\u00e1 tr\u00eas anos.<\/p>\n<div class=\"mc-column content-text active-extra-styles \" style=\"text-align: justify;\" data-block-type=\"unstyled\" data-block-weight=\"51\" data-block-id=\"6\">\n<p class=\"content-text__container \" data-track-category=\"Link no Texto\" data-track-links=\"\">Para o comerciante Marco Roberto Pellegatti, de 58 anos, dono da oficina, o fato de a santa sair \u201cilesa\u201d das chamas refor\u00e7a sua f\u00e9 e, para ele, representa uma esp\u00e9cie de milagre. Ele lembra que at\u00e9 mesmo um extintor de inc\u00eandio que ficava pr\u00f3ximo \u00e0 imagem acabou derretido com o calor.<\/p>\n<\/div>\n<div class=\"mc-column content-text active-extra-styles \" style=\"text-align: justify;\" data-block-type=\"unstyled\" data-block-weight=\"48\" data-block-id=\"7\">\n<p class=\"content-text__container \" data-track-category=\"Link no Texto\" data-track-links=\"\">\u201cEla [santa] estava ali h\u00e1 tr\u00eas anos, desde quando reformei o pr\u00e9dio. Sempre a deixava por perto, Nossa Senhora j\u00e1 me salvou de muitas coisas. Pra mim, foi ela que nos iluminou para que ningu\u00e9m estivesse na oficina na hora do fogo e se ferisse\u201d, cr\u00ea o comerciante.<\/p>\n<\/div>\n<div class=\"mc-column content-text active-extra-styles \" style=\"text-align: justify;\" data-block-type=\"unstyled\" data-block-weight=\"26\" data-block-id=\"8\">\n<p class=\"content-text__container \" data-track-category=\"Link no Texto\" data-track-links=\"\">Apesar dos preju\u00edzos, o dono da oficina disse que est\u00e1 feliz por poder ter levado a imagem de Nossa Senhora para sua casa, praticamente intacta.<\/p>\n<\/div>\n<div class=\"mc-column content-text active-extra-styles \" data-block-type=\"unstyled\" data-block-weight=\"42\" data-block-id=\"9\">\n<p class=\"content-text__container \" style=\"text-align: justify;\" data-track-category=\"Link no Texto\" data-track-links=\"\">\u201cO incidente n\u00e3o vai abalar minha f\u00e9 em Nossa Senhora Aparecida, confio totalmente nela. Ningu\u00e9m se feriu, os danos foram s\u00f3 materiais. Pelo menos ela [santa] continua comigo\u201d, diz Pellegatti, devoto da santa e que todo ano viaja a Aparecida do Norte.<\/p>\n<p style=\"text-align: justify;\" data-track-category=\"Link no Texto\" data-track-links=\"\"><img loading=\"lazy\" decoding=\"async\" class=\"alignnone size-full wp-image-10740\" src=\"https:\/\/jorgezanoni.com.br\/2019\/wp-content\/uploads\/2019\/11\/santa1.jpg\" alt=\"\" width=\"1200\" height=\"992\" srcset=\"https:\/\/jorgezanoni.com.br\/2019\/wp-content\/uploads\/2019\/11\/santa1.jpg 1200w, https:\/\/jorgezanoni.com.br\/2019\/wp-content\/uploads\/2019\/11\/santa1-300x248.jpg 300w, https:\/\/jorgezanoni.com.br\/2019\/wp-content\/uploads\/2019\/11\/santa1-768x635.jpg 768w, https:\/\/jorgezanoni.com.br\/2019\/wp-content\/uploads\/2019\/11\/santa1-1024x847.jpg 1024w, https:\/\/jorgezanoni.com.br\/2019\/wp-content\/uploads\/2019\/11\/santa1-696x575.jpg 696w, https:\/\/jorgezanoni.com.br\/2019\/wp-content\/uploads\/2019\/11\/santa1-1068x883.jpg 1068w, https:\/\/jorgezanoni.com.br\/2019\/wp-content\/uploads\/2019\/11\/santa1-508x420.jpg 508w\" sizes=\"auto, (max-width: 1200px) 100vw, 1200px\" \/>A imagem da santa ficava em uma esp\u00e9cie de altar (no detalhe) na parede da oficina \u2014 Foto: Lucas Pereira\/Rep\u00f3rter na Rua\/Divulga\u00e7\u00e3o<\/p>\n<p style=\"text-align: justify;\" data-track-category=\"Link no Texto\" data-track-links=\"\">O sargento Luiz Roberto tamb\u00e9m admite que se emocionou ao &#8220;resgatar&#8221; a imagem. Segundo ele, ao perceber que a santa resistiu ao calor e \u00e0 explos\u00e3o, s\u00f3 pensou em devolv\u00ea-la ao dono da oficina. O policial disse que a fam\u00edlia se comoveu ao receber a imagem.<\/p>\n<p style=\"text-align: justify;\" data-track-category=\"Link no Texto\" data-track-links=\"\"><img loading=\"lazy\" decoding=\"async\" class=\"alignnone size-full wp-image-10741\" src=\"https:\/\/jorgezanoni.com.br\/2019\/wp-content\/uploads\/2019\/11\/santa2.jpeg\" alt=\"\" width=\"1200\" height=\"900\" srcset=\"https:\/\/jorgezanoni.com.br\/2019\/wp-content\/uploads\/2019\/11\/santa2.jpeg 1200w, https:\/\/jorgezanoni.com.br\/2019\/wp-content\/uploads\/2019\/11\/santa2-300x225.jpeg 300w, https:\/\/jorgezanoni.com.br\/2019\/wp-content\/uploads\/2019\/11\/santa2-768x576.jpeg 768w, https:\/\/jorgezanoni.com.br\/2019\/wp-content\/uploads\/2019\/11\/santa2-1024x768.jpeg 1024w, https:\/\/jorgezanoni.com.br\/2019\/wp-content\/uploads\/2019\/11\/santa2-80x60.jpeg 80w, https:\/\/jorgezanoni.com.br\/2019\/wp-content\/uploads\/2019\/11\/santa2-265x198.jpeg 265w, https:\/\/jorgezanoni.com.br\/2019\/wp-content\/uploads\/2019\/11\/santa2-696x522.jpeg 696w, https:\/\/jorgezanoni.com.br\/2019\/wp-content\/uploads\/2019\/11\/santa2-1068x801.jpeg 1068w, https:\/\/jorgezanoni.com.br\/2019\/wp-content\/uploads\/2019\/11\/santa2-560x420.jpeg 560w\" sizes=\"auto, (max-width: 1200px) 100vw, 1200px\" \/>Oficina mec\u00e2nica pega fogo em Santa Cruz do Rio Pardo \u2014 Foto: Diogo Nolasco\/TV TEM<\/p>\n<h2>&#8216;Perdi vida de trabalho&#8217;<\/h2>\n<p style=\"text-align: justify;\"><img loading=\"lazy\" decoding=\"async\" class=\"alignnone size-full wp-image-10742\" src=\"https:\/\/jorgezanoni.com.br\/2019\/wp-content\/uploads\/2019\/11\/santa3.jpeg\" alt=\"\" width=\"1200\" height=\"763\" srcset=\"https:\/\/jorgezanoni.com.br\/2019\/wp-content\/uploads\/2019\/11\/santa3.jpeg 1200w, https:\/\/jorgezanoni.com.br\/2019\/wp-content\/uploads\/2019\/11\/santa3-300x191.jpeg 300w, https:\/\/jorgezanoni.com.br\/2019\/wp-content\/uploads\/2019\/11\/santa3-768x488.jpeg 768w, https:\/\/jorgezanoni.com.br\/2019\/wp-content\/uploads\/2019\/11\/santa3-1024x651.jpeg 1024w, https:\/\/jorgezanoni.com.br\/2019\/wp-content\/uploads\/2019\/11\/santa3-696x443.jpeg 696w, https:\/\/jorgezanoni.com.br\/2019\/wp-content\/uploads\/2019\/11\/santa3-1068x679.jpeg 1068w, https:\/\/jorgezanoni.com.br\/2019\/wp-content\/uploads\/2019\/11\/santa3-661x420.jpeg 661w\" sizes=\"auto, (max-width: 1200px) 100vw, 1200px\" \/>Dono de oficina destru\u00edda por inc\u00eandio cr\u00ea em milagre ap\u00f3s imagem de Nossa Senhora resistir \u00e0s chamas em Santa Cruz do Rio Pardo \u2014 Foto: Lucas Pereira\/Rep\u00f3rter na Rua\/Divulga\u00e7\u00e3o<\/p>\n<div class=\"mc-column content-text active-extra-styles \" style=\"text-align: justify;\" data-block-type=\"unstyled\" data-block-weight=\"36\" data-block-id=\"17\">\n<p class=\"content-text__container \" data-track-category=\"Link no Texto\" data-track-links=\"\">O fogo atingiu o im\u00f3vel na Avenida Dr. Pedro Camarinha e destruiu dois carros, uma moto, equipamento de mec\u00e2nica e quatro empilhadeiras que estavam na oficina. Apesar da dimens\u00e3o do inc\u00eandio, ningu\u00e9m ficou ferido.<\/p>\n<\/div>\n<div class=\"mc-column content-text active-extra-styles \" data-block-type=\"unstyled\" data-block-weight=\"36\" data-block-id=\"18\">\n<p class=\"content-text__container \" style=\"text-align: justify;\" data-track-category=\"Link no Texto\" data-track-links=\"\">O comerciante explica que o im\u00f3vel ainda n\u00e3o tinha seguro porque ele tinha aberto o estabelecimento h\u00e1 tr\u00eas anos. Diante disso, o preju\u00edzo deixado pelo inc\u00eandio foi grande. \u201cPerdi a vida inteira de trabalho&#8221;, lamenta Pellegatti.<\/p>\n<p style=\"text-align: justify;\" data-track-category=\"Link no Texto\" data-track-links=\"\"><img loading=\"lazy\" decoding=\"async\" class=\"alignnone size-full wp-image-10743\" src=\"https:\/\/jorgezanoni.com.br\/2019\/wp-content\/uploads\/2019\/11\/santa4.jpeg\" alt=\"\" width=\"1200\" height=\"900\" srcset=\"https:\/\/jorgezanoni.com.br\/2019\/wp-content\/uploads\/2019\/11\/santa4.jpeg 1200w, https:\/\/jorgezanoni.com.br\/2019\/wp-content\/uploads\/2019\/11\/santa4-300x225.jpeg 300w, https:\/\/jorgezanoni.com.br\/2019\/wp-content\/uploads\/2019\/11\/santa4-768x576.jpeg 768w, https:\/\/jorgezanoni.com.br\/2019\/wp-content\/uploads\/2019\/11\/santa4-1024x768.jpeg 1024w, https:\/\/jorgezanoni.com.br\/2019\/wp-content\/uploads\/2019\/11\/santa4-80x60.jpeg 80w, https:\/\/jorgezanoni.com.br\/2019\/wp-content\/uploads\/2019\/11\/santa4-265x198.jpeg 265w, https:\/\/jorgezanoni.com.br\/2019\/wp-content\/uploads\/2019\/11\/santa4-696x522.jpeg 696w, https:\/\/jorgezanoni.com.br\/2019\/wp-content\/uploads\/2019\/11\/santa4-1068x801.jpeg 1068w, https:\/\/jorgezanoni.com.br\/2019\/wp-content\/uploads\/2019\/11\/santa4-560x420.jpeg 560w\" sizes=\"auto, (max-width: 1200px) 100vw, 1200px\" \/>Inc\u00eandio destruiu dois carros, uma moto, equipamentos e empilhadeiras que estavam no local \u2014 Foto: Diogo Nolasco\/TV TEM<\/p>\n<div class=\"mc-column content-text active-extra-styles \" data-block-type=\"unstyled\" data-block-weight=\"43\" data-block-id=\"20\">\n<p class=\"content-text__container \" style=\"text-align: justify;\" data-track-category=\"Link no Texto\" data-track-links=\"\">Ele conta que trabalhou normalmente durante o dia, fechando o im\u00f3vel por volta das 20h15. &#8220;Dia normal, fechei a empresa como fa\u00e7o sempre. Desligo os disjuntores, o r\u00e1dio. A\u00ed 23h me ligaram dizendo que meu estabelecimento estava em chamas&#8221;, lembra o comerciante.<\/p>\n<p style=\"text-align: justify;\" data-track-category=\"Link no Texto\" data-track-links=\"\">Segundo o Corpo de Bombeiros, as equipes foram acionadas por volta das 22h30 e levaram cerca de duas horas para controlar as chamas e realizar os trabalhos no local.<\/p>\n<div class=\"mc-column content-text active-extra-styles \" style=\"text-align: justify;\" data-block-type=\"unstyled\" data-block-weight=\"27\" data-block-id=\"24\">\n<p class=\"content-text__container \" data-track-category=\"Link no Texto\" data-track-links=\"\">Os bombeiros ainda n\u00e3o sabem o que causou o inc\u00eandio, mas o comerciante lembra que a bateria de um dos carros que estavam na oficina permaneceu ligada.<\/p>\n<\/div>\n<div class=\"mc-column content-text active-extra-styles \" data-block-type=\"unstyled\" data-block-weight=\"50\" data-block-id=\"25\">\n<p class=\"content-text__container \" style=\"text-align: justify;\" data-track-category=\"Link no Texto\" data-track-links=\"\">&#8220;Os bombeiros n\u00e3o conseguiram fazer nada, n\u00e3o sabem de onde partiu. A \u00fanica coisa \u00e9 que um carro estava com bateria ligada, tinha uma Ecosport e uma caminhonete, uma oficina m\u00f3vel que eu tenho pra fazer linha agr\u00edcola. O restante dos ve\u00edculos estavam todos com bateria desligada\u201d, conta Marco.<\/p>\n<p style=\"text-align: justify;\" data-track-category=\"Link no Texto\" data-track-links=\"\">O inc\u00eandio tamb\u00e9m provocou uma explos\u00e3o na oficina. Imagens cedidas \u00e0\u00a0<strong>TV TEM<\/strong>\u00a0mostram o momento em que uma luz forte atinge o local e pessoas saem correndo, fugindo das chamas.<\/p>\n<div class=\"mc-column content-text active-extra-styles \" style=\"text-align: justify;\" data-block-type=\"unstyled\" data-block-weight=\"27\" data-block-id=\"29\">\n<p class=\"content-text__container \" data-track-category=\"Link no Texto\" data-track-links=\"\">Al\u00e9m da oficina, o fogo tamb\u00e9m se espalhou para uma empresa de loca\u00e7\u00e3o de m\u00e1quinas que fica ao lado do estabelecimento. L\u00e1, apenas o escrit\u00f3rio foi queimado.<\/p>\n<\/div>\n<div class=\"row medium-uncollapsed content-media content-photo\" data-block-type=\"backstage-photo\" data-block-id=\"30\">\n<div class=\"mc-column content-media__container\">\n<div class=\"progressive-img can-open-lightbox\" style=\"text-align: justify;\" data-min-size=\"1008x756\" data-min-size-url=\"https:\/\/s2.glbimg.com\/vjZtiNj_hgsvGRsZw9N-JA9-Aq8=\/0x0:1280x960\/1008x0\/smart\/filters:strip_icc()\/i.s3.glbimg.com\/v1\/AUTH_59edd422c0c84a879bd37670ae4f538a\/internal_photos\/bs\/2019\/I\/j\/Sl2jxLT1AltpH0AGkUYw\/whatsapp-image-2019-11-05-at-09.17.24-1-.jpeg\" data-max-size=\"1600x1200\" data-max-size-url=\"https:\/\/s2.glbimg.com\/EOdcOV5mzayMo_v_Tr7X8OquWZg=\/0x0:1280x960\/1600x0\/smart\/filters:strip_icc()\/i.s3.glbimg.com\/v1\/AUTH_59edd422c0c84a879bd37670ae4f538a\/internal_photos\/bs\/2019\/I\/j\/Sl2jxLT1AltpH0AGkUYw\/whatsapp-image-2019-11-05-at-09.17.24-1-.jpeg\" data-media-index=\"5\"><img loading=\"lazy\" decoding=\"async\" class=\"alignnone size-full wp-image-10744\" src=\"https:\/\/jorgezanoni.com.br\/2019\/wp-content\/uploads\/2019\/11\/santa5.jpeg\" alt=\"\" width=\"1200\" height=\"900\" srcset=\"https:\/\/jorgezanoni.com.br\/2019\/wp-content\/uploads\/2019\/11\/santa5.jpeg 1200w, https:\/\/jorgezanoni.com.br\/2019\/wp-content\/uploads\/2019\/11\/santa5-300x225.jpeg 300w, https:\/\/jorgezanoni.com.br\/2019\/wp-content\/uploads\/2019\/11\/santa5-768x576.jpeg 768w, https:\/\/jorgezanoni.com.br\/2019\/wp-content\/uploads\/2019\/11\/santa5-1024x768.jpeg 1024w, https:\/\/jorgezanoni.com.br\/2019\/wp-content\/uploads\/2019\/11\/santa5-80x60.jpeg 80w, https:\/\/jorgezanoni.com.br\/2019\/wp-content\/uploads\/2019\/11\/santa5-265x198.jpeg 265w, https:\/\/jorgezanoni.com.br\/2019\/wp-content\/uploads\/2019\/11\/santa5-696x522.jpeg 696w, https:\/\/jorgezanoni.com.br\/2019\/wp-content\/uploads\/2019\/11\/santa5-1068x801.jpeg 1068w, https:\/\/jorgezanoni.com.br\/2019\/wp-content\/uploads\/2019\/11\/santa5-560x420.jpeg 560w\" sizes=\"auto, (max-width: 1200px) 100vw, 1200px\" \/>Bombeiros controlaram as chamas e ningu\u00e9m ficou ferido no inc\u00eandio \u2014 Foto: Diogo Nolasco\/TV TEM<\/div>\n<\/div>\n<\/div>\n<div style=\"text-align: justify;\" data-min-size=\"1008x756\" data-min-size-url=\"https:\/\/s2.glbimg.com\/vjZtiNj_hgsvGRsZw9N-JA9-Aq8=\/0x0:1280x960\/1008x0\/smart\/filters:strip_icc()\/i.s3.glbimg.com\/v1\/AUTH_59edd422c0c84a879bd37670ae4f538a\/internal_photos\/bs\/2019\/I\/j\/Sl2jxLT1AltpH0AGkUYw\/whatsapp-image-2019-11-05-at-09.17.24-1-.jpeg\" data-max-size=\"1600x1200\" data-max-size-url=\"https:\/\/s2.glbimg.com\/EOdcOV5mzayMo_v_Tr7X8OquWZg=\/0x0:1280x960\/1600x0\/smart\/filters:strip_icc()\/i.s3.glbimg.com\/v1\/AUTH_59edd422c0c84a879bd37670ae4f538a\/internal_photos\/bs\/2019\/I\/j\/Sl2jxLT1AltpH0AGkUYw\/whatsapp-image-2019-11-05-at-09.17.24-1-.jpeg\" data-media-index=\"5\">Fonte: G1<\/div>\n<div data-min-size=\"1008x756\" data-min-size-url=\"https:\/\/s2.glbimg.com\/vjZtiNj_hgsvGRsZw9N-JA9-Aq8=\/0x0:1280x960\/1008x0\/smart\/filters:strip_icc()\/i.s3.glbimg.com\/v1\/AUTH_59edd422c0c84a879bd37670ae4f538a\/internal_photos\/bs\/2019\/I\/j\/Sl2jxLT1AltpH0AGkUYw\/whatsapp-image-2019-11-05-at-09.17.24-1-.jpeg\" data-max-size=\"1600x1200\" data-max-size-url=\"https:\/\/s2.glbimg.com\/EOdcOV5mzayMo_v_Tr7X8OquWZg=\/0x0:1280x960\/1600x0\/smart\/filters:strip_icc()\/i.s3.glbimg.com\/v1\/AUTH_59edd422c0c84a879bd37670ae4f538a\/internal_photos\/bs\/2019\/I\/j\/Sl2jxLT1AltpH0AGkUYw\/whatsapp-image-2019-11-05-at-09.17.24-1-.jpeg\" data-media-index=\"5\"><\/div>\n<\/div>\n<\/div>\n<\/div>\n<\/div>\n<\/div>\n<\/div>\n","protected":false},"excerpt":{"rendered":"<p>Empres\u00e1rio destaca que at\u00e9 extintor derreteu com o calor e diz que imagem da santa permitiu que ningu\u00e9m ficasse ferido. Fogo destruiu barrac\u00e3o, dois carros, uma moto e quatro empilhadeiras em Santa Cruz do Rio Pardo. Uma imagem de Nossa Senhora Aparecida foi praticamente a \u00fanica pe\u00e7a que resistiu ao\u00a0inc\u00eandio que destruiu uma oficina mec\u00e2nica\u00a0na [&hellip;]<\/p>\n","protected":false},"author":1,"featured_media":10745,"comment_status":"closed","ping_status":"open","sticky":false,"template":"","format":"standard","meta":{"footnotes":""},"categories":[110,118],"tags":[],"class_list":["post-10739","post","type-post","status-publish","format-standard","has-post-thumbnail","hentry","category-noticiasdestaque","category-religiaoesolidariedade"],"_links":{"self":[{"href":"https:\/\/jorgezanoni.com.br\/2019\/wp-json\/wp\/v2\/posts\/10739","targetHints":{"allow":["GET"]}}],"collection":[{"href":"https:\/\/jorgezanoni.com.br\/2019\/wp-json\/wp\/v2\/posts"}],"about":[{"href":"https:\/\/jorgezanoni.com.br\/2019\/wp-json\/wp\/v2\/types\/post"}],"author":[{"embeddable":true,"href":"https:\/\/jorgezanoni.com.br\/2019\/wp-json\/wp\/v2\/users\/1"}],"replies":[{"embeddable":true,"href":"https:\/\/jorgezanoni.com.br\/2019\/wp-json\/wp\/v2\/comments?post=10739"}],"version-history":[{"count":0,"href":"https:\/\/jorgezanoni.com.br\/2019\/wp-json\/wp\/v2\/posts\/10739\/revisions"}],"wp:featuredmedia":[{"embeddable":true,"href":"https:\/\/jorgezanoni.com.br\/2019\/wp-json\/wp\/v2\/media\/10745"}],"wp:attachment":[{"href":"https:\/\/jorgezanoni.com.br\/2019\/wp-json\/wp\/v2\/media?parent=10739"}],"wp:term":[{"taxonomy":"category","embeddable":true,"href":"https:\/\/jorgezanoni.com.br\/2019\/wp-json\/wp\/v2\/categories?post=10739"},{"taxonomy":"post_tag","embeddable":true,"href":"https:\/\/jorgezanoni.com.br\/2019\/wp-json\/wp\/v2\/tags?post=10739"}],"curies":[{"name":"wp","href":"https:\/\/api.w.org\/{rel}","templated":true}]}}