{"id":10734,"date":"2019-11-07T22:58:53","date_gmt":"2019-11-07T22:58:53","guid":{"rendered":"https:\/\/jorgezanoni.com.br\/2019\/?p=10734"},"modified":"2019-11-07T22:58:53","modified_gmt":"2019-11-07T22:58:53","slug":"motorista-de-guincho-e-atropelado-no-acostamento-durante-atendimento-em-ourinhos","status":"publish","type":"post","link":"https:\/\/jorgezanoni.com.br\/2019\/motorista-de-guincho-e-atropelado-no-acostamento-durante-atendimento-em-ourinhos\/","title":{"rendered":"Motorista de guincho \u00e9 atropelado no acostamento durante atendimento em Ourinhos"},"content":{"rendered":"<h2 class=\"content-head__subtitle\" style=\"text-align: justify;\"><strong>Jovem de 19 anos estava atendendo ocorr\u00eancia com uma caminhonete na Transbrasiliana quando outro ve\u00edculo surgiu em alta velocidade. Ve\u00edculo invadiu o acostamento, capotou ap\u00f3s subir na plataforma do guincho e parou a 100 metros de dist\u00e2ncia.<\/strong><\/h2>\n<div class=\"mc-column content-text active-extra-styles \" data-block-type=\"unstyled\" data-block-weight=\"34\" data-block-id=\"2\">\n<p class=\"content-text__container \" style=\"text-align: justify;\" data-track-category=\"Link no Texto\" data-track-links=\"\">O motorista de um guincho de 19 anos ficou gravemente ferido ap\u00f3s ser atropelado nesta quarta-feira (6) por um carro quando fazia um atendimento no km 343 da Rodovia Transbrasiliana (BR-153), em Ourinhos (SP).<\/p>\n<\/div>\n<div class=\"wall protected-content\">\n<div class=\"mc-column content-text active-extra-styles \" style=\"text-align: justify;\" data-block-type=\"unstyled\" data-block-weight=\"26\" data-block-id=\"3\">\n<p class=\"content-text__container \" data-track-category=\"Link no Texto\" data-track-links=\"\">Segundo a Pol\u00edcia Rodovi\u00e1ria Federal, o guincho estava recolhendo uma caminhonete que estava no acostamento da rodovia, quando um carro em alta velocidade atingiu o guincho.<\/p>\n<\/div>\n<div class=\"mc-column content-text active-extra-styles \" data-block-type=\"unstyled\" data-block-weight=\"47\" data-block-id=\"4\">\n<p class=\"content-text__container \" style=\"text-align: justify;\" data-track-category=\"Link no Texto\" data-track-links=\"\">Segundo a pol\u00edcia, o carro subiu na beirada da plataforma, batendo de rasp\u00e3o no guincho e atingindo o jovem. Ap\u00f3s subir na plataforma, o carro capotou e parou a aproximadamente 100 metros de dist\u00e2ncia do local da batida. O guincho e a caminhonete tiveram poucos danos.<\/p>\n<div class=\"mc-column content-text active-extra-styles \" style=\"text-align: justify;\" data-block-type=\"unstyled\" data-block-weight=\"34\" data-block-id=\"6\">\n<p class=\"content-text__container \" data-track-category=\"Link no Texto\" data-track-links=\"\">As tr\u00eas pessoas que estavam no ve\u00edculo que capotou tiveram ferimentos leves. Elas e o jovem de 19 anos, que sofreu uma les\u00e3o grave na perna, foram encaminhados para a Santa Casa de Ourinhos.<\/p>\n<\/div>\n<div class=\"mc-column content-text active-extra-styles \" data-block-type=\"unstyled\" data-block-weight=\"26\" data-block-id=\"7\">\n<p class=\"content-text__container \" style=\"text-align: justify;\" data-track-category=\"Link no Texto\" data-track-links=\"\">Apenas uma das faixas da BR-153 foi interditada para atendimento da ocorr\u00eancia. A per\u00edcia t\u00e9cnica esteve no local do acidente e as causas ser\u00e3o investigadas.<\/p>\n<p style=\"text-align: justify;\" data-track-category=\"Link no Texto\" data-track-links=\"\"><img loading=\"lazy\" decoding=\"async\" class=\"alignnone size-full wp-image-10735\" src=\"https:\/\/jorgezanoni.com.br\/2019\/wp-content\/uploads\/2019\/11\/ouri1.jpg\" alt=\"\" width=\"1200\" height=\"817\" srcset=\"https:\/\/jorgezanoni.com.br\/2019\/wp-content\/uploads\/2019\/11\/ouri1.jpg 1200w, https:\/\/jorgezanoni.com.br\/2019\/wp-content\/uploads\/2019\/11\/ouri1-300x204.jpg 300w, https:\/\/jorgezanoni.com.br\/2019\/wp-content\/uploads\/2019\/11\/ouri1-768x523.jpg 768w, https:\/\/jorgezanoni.com.br\/2019\/wp-content\/uploads\/2019\/11\/ouri1-1024x697.jpg 1024w, https:\/\/jorgezanoni.com.br\/2019\/wp-content\/uploads\/2019\/11\/ouri1-696x474.jpg 696w, https:\/\/jorgezanoni.com.br\/2019\/wp-content\/uploads\/2019\/11\/ouri1-1068x727.jpg 1068w, https:\/\/jorgezanoni.com.br\/2019\/wp-content\/uploads\/2019\/11\/ouri1-617x420.jpg 617w\" sizes=\"auto, (max-width: 1200px) 100vw, 1200px\" \/>Apenas uma das faixas da BR-153 foi interditada para atendimento da ocorr\u00eancia \u2014 Foto: Pol\u00edcia Rodovi\u00e1ria Federal\/Divulga\u00e7\u00e3o<\/p>\n<p style=\"text-align: justify;\" data-track-category=\"Link no Texto\" data-track-links=\"\"><img loading=\"lazy\" decoding=\"async\" class=\"alignnone size-full wp-image-10736\" src=\"https:\/\/jorgezanoni.com.br\/2019\/wp-content\/uploads\/2019\/11\/ouri2.jpg\" alt=\"\" width=\"1200\" height=\"945\" srcset=\"https:\/\/jorgezanoni.com.br\/2019\/wp-content\/uploads\/2019\/11\/ouri2.jpg 1200w, https:\/\/jorgezanoni.com.br\/2019\/wp-content\/uploads\/2019\/11\/ouri2-300x236.jpg 300w, https:\/\/jorgezanoni.com.br\/2019\/wp-content\/uploads\/2019\/11\/ouri2-768x605.jpg 768w, https:\/\/jorgezanoni.com.br\/2019\/wp-content\/uploads\/2019\/11\/ouri2-1024x806.jpg 1024w, https:\/\/jorgezanoni.com.br\/2019\/wp-content\/uploads\/2019\/11\/ouri2-696x548.jpg 696w, https:\/\/jorgezanoni.com.br\/2019\/wp-content\/uploads\/2019\/11\/ouri2-1068x841.jpg 1068w, https:\/\/jorgezanoni.com.br\/2019\/wp-content\/uploads\/2019\/11\/ouri2-533x420.jpg 533w\" sizes=\"auto, (max-width: 1200px) 100vw, 1200px\" \/>Carro ficou destru\u00eddo, mas os tr\u00eas ocupantes tiveram ferimentos considerados leves \u2014 Foto: Pol\u00edcia Rodovi\u00e1ria Federal\/Divulga\u00e7\u00e3o<\/p>\n<p data-track-category=\"Link no Texto\" data-track-links=\"\">Fonte: G1<\/p>\n<\/div>\n<\/div>\n<\/div>\n","protected":false},"excerpt":{"rendered":"<p>Jovem de 19 anos estava atendendo ocorr\u00eancia com uma caminhonete na Transbrasiliana quando outro ve\u00edculo surgiu em alta velocidade. Ve\u00edculo invadiu o acostamento, capotou ap\u00f3s subir na plataforma do guincho e parou a 100 metros de dist\u00e2ncia. O motorista de um guincho de 19 anos ficou gravemente ferido ap\u00f3s ser atropelado nesta quarta-feira (6) por [&hellip;]<\/p>\n","protected":false},"author":1,"featured_media":10737,"comment_status":"closed","ping_status":"open","sticky":false,"template":"","format":"standard","meta":{"footnotes":""},"categories":[170,110],"tags":[],"class_list":["post-10734","post","type-post","status-publish","format-standard","has-post-thumbnail","hentry","category-acidentes","category-noticiasdestaque"],"_links":{"self":[{"href":"https:\/\/jorgezanoni.com.br\/2019\/wp-json\/wp\/v2\/posts\/10734","targetHints":{"allow":["GET"]}}],"collection":[{"href":"https:\/\/jorgezanoni.com.br\/2019\/wp-json\/wp\/v2\/posts"}],"about":[{"href":"https:\/\/jorgezanoni.com.br\/2019\/wp-json\/wp\/v2\/types\/post"}],"author":[{"embeddable":true,"href":"https:\/\/jorgezanoni.com.br\/2019\/wp-json\/wp\/v2\/users\/1"}],"replies":[{"embeddable":true,"href":"https:\/\/jorgezanoni.com.br\/2019\/wp-json\/wp\/v2\/comments?post=10734"}],"version-history":[{"count":0,"href":"https:\/\/jorgezanoni.com.br\/2019\/wp-json\/wp\/v2\/posts\/10734\/revisions"}],"wp:featuredmedia":[{"embeddable":true,"href":"https:\/\/jorgezanoni.com.br\/2019\/wp-json\/wp\/v2\/media\/10737"}],"wp:attachment":[{"href":"https:\/\/jorgezanoni.com.br\/2019\/wp-json\/wp\/v2\/media?parent=10734"}],"wp:term":[{"taxonomy":"category","embeddable":true,"href":"https:\/\/jorgezanoni.com.br\/2019\/wp-json\/wp\/v2\/categories?post=10734"},{"taxonomy":"post_tag","embeddable":true,"href":"https:\/\/jorgezanoni.com.br\/2019\/wp-json\/wp\/v2\/tags?post=10734"}],"curies":[{"name":"wp","href":"https:\/\/api.w.org\/{rel}","templated":true}]}}