{"id":1073,"date":"2019-07-19T22:25:24","date_gmt":"2019-07-19T22:25:24","guid":{"rendered":"http:\/\/jorgezanoni.com.br\/2019\/?p=1073"},"modified":"2019-07-22T21:01:52","modified_gmt":"2019-07-22T21:01:52","slug":"cinco-artistas-brasileiros-concorrem-ao-oscar-dos-quadrinhos","status":"publish","type":"post","link":"https:\/\/jorgezanoni.com.br\/2019\/cinco-artistas-brasileiros-concorrem-ao-oscar-dos-quadrinhos\/","title":{"rendered":"Cinco artistas brasileiros concorrem ao Oscar dos quadrinhos"},"content":{"rendered":"<p><strong>Pr\u00eamio Eisner 2019 ser\u00e1 entregue nesta sexta-feira nos EUA durante conven\u00e7\u00e3o de cultura pop Comic-con.<\/strong><\/p>\n<p>S\u00c3O PAULO &#8211; Se o Oscar ainda \u00e9 um tabu para o cinema brasileiro, no Eisner, pr\u00eamio equivalente dos quadrinhos, os artistas nacionais t\u00eam se superado. Depois de 2018, quando\u00a0<a href=\"https:\/\/oglobo.globo.com\/cultura\/hq-do-brasileiro-marcelo-dsalete-sobre-escravidao-ganha-eisner-22907815\">\u201cCumbe\u201d, de Marcelo D\u2019Salete, levou o trof\u00e9u da categoria melhor edi\u00e7\u00e3o americana de material estrangeiro<\/a>\u00a0, os brasileiros est\u00e3o de novo no p\u00e1reo. Este ano, ser\u00e3o cinco, concorrendo em tr\u00eas categorias. Os vencedores ser\u00e3o conhecidos nesta sexta-feira, em San Diego, na Calif\u00f3rnia, durante a conven\u00e7\u00e3o de cultura pop Comic-con.<\/p>\n<div class=\"block__advertising block__advertising-in-text\">\n<div class=\"block__advertising\">\n<div id=\"pub-in-text-1\" class=\"advertising advertising--teads outstream advertising--loaded\" data-oglobo-advertising-format=\"in-text\" data-oglobo-advertising-index=\"1\" data-google-query-id=\"CJbwiOuCwuMCFY9owQod2MMLVw\">\n<div id=\"google_ads_iframe_\/85042905\/info.web.oglobo\/cultura\/livros\/materia_3__container__\"><iframe id=\"google_ads_iframe_\/85042905\/info.web.oglobo\/cultura\/livros\/materia_3\" title=\"3rd party ad content\" name=\"google_ads_iframe_\/85042905\/info.web.oglobo\/cultura\/livros\/materia_3\" width=\"2\" height=\"2\" frameborder=\"0\" marginwidth=\"0\" marginheight=\"0\" scrolling=\"no\" data-google-container-id=\"4\" data-load-complete=\"true\" data-mce-fragment=\"1\"><\/iframe><\/div>\n<\/div>\n<\/div>\n<\/div>\n<p>Os brasileiros concorrem no Eisner em duas frentes: \u201cA terr\u00edvel Elizabeth Dumn contra os diabos de terno\u201d, de Arabson Assis, e \u201cP\u00e9talas\u201d, de Gustavo Borges e Cris Peters, s\u00e3o trabalhos publicados no Brasil e editados nos EUA; \u201cThe immortal Hulk\u201d, que tem desenhos de Joe Bennett e arte-final de Ruy Jos\u00e9, foi criada diretamente para o mercado americano.<\/p>\n<h2 align=\"left\">\u2018N\u00e3o estava no horizonte\u2019<\/h2>\n<p>Indicada na categoria melhor edi\u00e7\u00e3o \u00fanica, \u201cA terr\u00edvel Elizabeth Dumn contra os diabos de terno\u201d foi criada em 2013 pelo artista gr\u00e1fico capixaba Arabson Assis para responder a um edital p\u00fablico \u2014 era seu primeiro trabalho com quadrinhos. Tr\u00eas anos depois, a obra foi lan\u00e7ada em preto e branco pelo IHQ (sigla de Instituto dos Quadrinhos). Ano passado, a hist\u00f3ria da garota rebelde prometida ao dem\u00f4nio ganhou cores na edi\u00e7\u00e3o americana, da Image.<\/p>\n<p>\u2014 Um belo dia, o Klebs Junior, da editora IHQ, me ligou dizendo que eu estava indicado ao Eisner. Perguntei: \u201cO qu\u00ea?\u201d. Era uma coisa muito distante, n\u00e3o estava no meu horizonte \u2014 espanta-se Assis, que trabalha como chargista do jornal \u201cA Gazeta\u201d, em Vit\u00f3ria. \u2014 Voc\u00ea percebe a import\u00e2ncia da indica\u00e7\u00e3o pelo espanto das pessoas. Imagine, estou concorrendo com Jeff Lemite\u00a0<em>(canadense criador da s\u00e9rie \u201cSweet Tooth).<\/em><\/p>\n<p>Fonte: https:\/\/oglobo.globo.com\/cultura\/livros\/cinco-artistas-brasileiros-concorrem-ao-oscar-dos-quadrinhos-23817985<\/p>\n<p>&nbsp;<\/p>\n","protected":false},"excerpt":{"rendered":"<p>Pr\u00eamio Eisner 2019 ser\u00e1 entregue nesta sexta-feira nos EUA durante conven\u00e7\u00e3o de cultura pop Comic-con. S\u00c3O PAULO &#8211; Se o Oscar ainda \u00e9 um tabu para o cinema brasileiro, no Eisner, pr\u00eamio equivalente dos quadrinhos, os artistas nacionais t\u00eam se superado. Depois de 2018, quando\u00a0\u201cCumbe\u201d, de Marcelo D\u2019Salete, levou o trof\u00e9u da categoria melhor edi\u00e7\u00e3o [&hellip;]<\/p>\n","protected":false},"author":1,"featured_media":1074,"comment_status":"open","ping_status":"open","sticky":false,"template":"","format":"standard","meta":{"footnotes":""},"categories":[114],"tags":[],"class_list":["post-1073","post","type-post","status-publish","format-standard","has-post-thumbnail","hentry","category-geralecomercio"],"_links":{"self":[{"href":"https:\/\/jorgezanoni.com.br\/2019\/wp-json\/wp\/v2\/posts\/1073","targetHints":{"allow":["GET"]}}],"collection":[{"href":"https:\/\/jorgezanoni.com.br\/2019\/wp-json\/wp\/v2\/posts"}],"about":[{"href":"https:\/\/jorgezanoni.com.br\/2019\/wp-json\/wp\/v2\/types\/post"}],"author":[{"embeddable":true,"href":"https:\/\/jorgezanoni.com.br\/2019\/wp-json\/wp\/v2\/users\/1"}],"replies":[{"embeddable":true,"href":"https:\/\/jorgezanoni.com.br\/2019\/wp-json\/wp\/v2\/comments?post=1073"}],"version-history":[{"count":0,"href":"https:\/\/jorgezanoni.com.br\/2019\/wp-json\/wp\/v2\/posts\/1073\/revisions"}],"wp:featuredmedia":[{"embeddable":true,"href":"https:\/\/jorgezanoni.com.br\/2019\/wp-json\/wp\/v2\/media\/1074"}],"wp:attachment":[{"href":"https:\/\/jorgezanoni.com.br\/2019\/wp-json\/wp\/v2\/media?parent=1073"}],"wp:term":[{"taxonomy":"category","embeddable":true,"href":"https:\/\/jorgezanoni.com.br\/2019\/wp-json\/wp\/v2\/categories?post=1073"},{"taxonomy":"post_tag","embeddable":true,"href":"https:\/\/jorgezanoni.com.br\/2019\/wp-json\/wp\/v2\/tags?post=1073"}],"curies":[{"name":"wp","href":"https:\/\/api.w.org\/{rel}","templated":true}]}}