{"id":10726,"date":"2019-11-07T22:19:21","date_gmt":"2019-11-07T22:19:21","guid":{"rendered":"https:\/\/jorgezanoni.com.br\/2019\/?p=10726"},"modified":"2019-11-07T22:19:21","modified_gmt":"2019-11-07T22:19:21","slug":"em-julgamento-no-stj-deputado-estadual-mauro-bragato-ganha-recurso-e-se-livra-de-condenacao-por-improbidade-administrativa","status":"publish","type":"post","link":"https:\/\/jorgezanoni.com.br\/2019\/em-julgamento-no-stj-deputado-estadual-mauro-bragato-ganha-recurso-e-se-livra-de-condenacao-por-improbidade-administrativa\/","title":{"rendered":"Em julgamento no STJ, deputado estadual Mauro Bragato ganha recurso e se livra de condena\u00e7\u00e3o por improbidade administrativa"},"content":{"rendered":"<h2 class=\"content-head__subtitle\" style=\"text-align: justify;\"><strong>Segunda Turma do Superior Tribunal de Justi\u00e7a reformou o ac\u00f3rd\u00e3o do Tribunal de Justi\u00e7a de S\u00e3o Paulo (TJ-SP) e julgou procedente a a\u00e7\u00e3o rescis\u00f3ria proposta pelo parlamentar paulista.<\/strong><\/h2>\n<div class=\"mc-column content-text active-extra-styles \" data-block-type=\"unstyled\" data-block-weight=\"80\" data-block-id=\"2\">\n<p class=\"content-text__container \" style=\"text-align: justify;\" data-track-category=\"Link no Texto\" data-track-links=\"\">Em julgamento realizado na tarde desta quinta-feira (7), a Segunda Turma do\u00a0<a href=\"https:\/\/g1.globo.com\/tudo-sobre\/superior-tribunal-de-justica\/\">Superior Tribunal de Justi\u00e7a (STJ)<\/a>, em Bras\u00edlia (DF), por maioria de votos, deu provimento ao recurso especial do deputado estadual Mauro Bragato (PSDB) e, reformando o ac\u00f3rd\u00e3o do Tribunal de Justi\u00e7a do Estado de S\u00e3o Paulo (TJ-SP), julgou procedente a a\u00e7\u00e3o rescis\u00f3ria proposta pelo parlamentar paulista para julgar improcedente uma a\u00e7\u00e3o civil por improbidade administrativa na qual ele havia sido condenado em decis\u00e3o judicial j\u00e1 transitada em julgado.<\/p>\n<\/div>\n<div class=\"wall protected-content\">\n<div class=\"mc-column content-text active-extra-styles \" data-block-type=\"unstyled\" data-block-weight=\"65\" data-block-id=\"3\">\n<p class=\"content-text__container \" style=\"text-align: justify;\" data-track-category=\"Link no Texto\" data-track-links=\"\">O STJ informou ao\u00a0<strong>G1\u00a0<\/strong>que, segundo o colegiado, Mauro Bragato foi condenado por improbidade administrativa por les\u00e3o ao er\u00e1rio sem a indica\u00e7\u00e3o de conduta dolosa, mas pelo reconhecimento de conduta culposa configurada em raz\u00e3o de, na condi\u00e7\u00e3o de chefe do Executivo municipal, ter nomeado comiss\u00e3o de licita\u00e7\u00e3o, bem como pelo fato de n\u00e3o ter fiscalizado as atividades da comiss\u00e3o que causou preju\u00edzo ao er\u00e1rio.<\/p>\n<div class=\"mc-column content-text active-extra-styles \" style=\"text-align: justify;\" data-block-type=\"unstyled\" data-block-weight=\"34\" data-block-id=\"5\">\n<p class=\"content-text__container \" data-track-category=\"Link no Texto\" data-track-links=\"\">Entretanto, para a Segunda Turma do STJ, a conduta descrita pelo TJ-SP como culposa n\u00e3o configura puni\u00e7\u00e3o no \u00e2mbito da lei de improbidade administrativa, que exige a demonstra\u00e7\u00e3o da participa\u00e7\u00e3o na pr\u00e1tica da ilegalidade.<\/p>\n<\/div>\n<div class=\"mc-column content-text active-extra-styles \" style=\"text-align: justify;\" data-block-type=\"unstyled\" data-block-weight=\"51\" data-block-id=\"6\">\n<p class=\"content-text__container \" data-track-category=\"Link no Texto\" data-track-links=\"\">\u201cEm tese, existe a possibilidade de algum recurso ao STJ, a exemplo dos embargos de declara\u00e7\u00e3o (para sanar eventuais omiss\u00f5es ou contradi\u00e7\u00f5es na decis\u00e3o) ou dos embargos de diverg\u00eancia (se alguma das partes entender que a decis\u00e3o \u00e9 conflitante com outros julgamentos semelhantes do STJ)\u201d, informou o tribunal superior ao\u00a0<strong>G1<\/strong>.<\/p>\n<\/div>\n<div class=\"mc-column content-text active-extra-styles \" style=\"text-align: justify;\" data-block-type=\"unstyled\" data-block-weight=\"11\" data-block-id=\"7\">\n<p class=\"content-text__container \" data-track-category=\"Link no Texto\" data-track-links=\"\">Tamb\u00e9m em tese, \u00e9 poss\u00edvel recorrer ao\u00a0<a href=\"https:\/\/g1.globo.com\/tudo-sobre\/supremo-tribunal-federal\/\">Supremo Tribunal Federal (STF)<\/a>.<\/p>\n<\/div>\n<div class=\"mc-column content-text active-extra-styles \" style=\"text-align: justify;\" data-block-type=\"unstyled\" data-block-weight=\"28\" data-block-id=\"8\">\n<p class=\"content-text__container \" data-track-category=\"Link no Texto\" data-track-links=\"\">O\u00a0<strong>G1\u00a0<\/strong>solicitou o documento com a decis\u00e3o do julgamento, mas o STJ informou que n\u00e3o tem autoriza\u00e7\u00e3o para encaminhar o voto do relator, ministro Mauro Campbell Marques.<\/p>\n<\/div>\n<div class=\"mc-column content-text active-extra-styles \" style=\"text-align: justify;\" data-block-type=\"unstyled\" data-block-weight=\"17\" data-block-id=\"9\">\n<p class=\"content-text__container \" data-track-category=\"Link no Texto\" data-track-links=\"\">\u201cO ac\u00f3rd\u00e3o ser\u00e1 publicado na\u00a0<a href=\"http:\/\/www.stj.jus.br\/sites\/portalp\/Inicio\" target=\"_blank\" rel=\"noopener noreferrer\">p\u00e1gina<\/a>\u00a0do STJ, ainda sem data definida\u201d, concluiu o tribunal ao\u00a0<strong>G1<\/strong>.<\/p>\n<\/div>\n<div class=\"mc-column content-text active-extra-styles \" style=\"text-align: justify;\" data-block-type=\"unstyled\" data-block-weight=\"9\" data-block-id=\"10\">\n<p class=\"content-text__container \" data-track-category=\"Link no Texto\" data-track-links=\"\">Confira abaixo a proclama\u00e7\u00e3o final de julgamento do STJ:<\/p>\n<\/div>\n<div class=\"mc-column content-text active-extra-styles \" data-block-type=\"unstyled\" data-block-weight=\"97\" data-block-id=\"11\">\n<p class=\"content-text__container \" style=\"text-align: justify;\" data-track-category=\"Link no Texto\" data-track-links=\"\"><em>&#8220;Prosseguindo-se no julgamento, ap\u00f3s o voto-vista do Sr. Ministro Francisco Falc\u00e3o, acompanhando o Sr. Ministro Mauro Campbell Marques, dando provimento ao recurso, os votos dos Srs. Ministros Herman Benjamin (voto-vogal) e Og Fernandes, no m\u00e9rito, acompanhando o Sr. Ministro-Relator, dando provimento ao recurso, a ratifica\u00e7\u00e3o de voto da Sra. Ministra Assusete Magalh\u00e3es, divergindo do Sr. Ministro Mauro Campbell Marques, negando provimento ao recurso, a Turma, por maioria, deu provimento ao recurso, nos termos do voto do Sr. Ministro-Relator. Vencidos, no conhecimento, os Srs. Ministros Og Fernandes e Herman Benjamin e, no m\u00e9rito, a Sra. Ministra Assusete Magalh\u00e3es&#8221;.<\/em><\/p>\n<ul class=\"content-unordered-list\">\n<li style=\"text-align: justify;\"><a href=\"http:\/\/g1.globo.com\/sp\/presidente-prudente-regiao\/noticia\/2016\/04\/justica-cassa-mandato-do-deputado-estadual-mauro-bragato.html\">Justi\u00e7a cassa mandato do deputado estadual Mauro Bragato<\/a><\/li>\n<li style=\"text-align: justify;\"><a href=\"http:\/\/g1.globo.com\/sp\/presidente-prudente-regiao\/noticia\/2016\/05\/tj-nega-efeito-suspensivo-contra-decisao-que-cassou-mauro-bragato.html\">TJ nega efeito suspensivo contra decis\u00e3o que cassou Mauro Bragato<\/a><\/li>\n<li style=\"text-align: justify;\"><a href=\"http:\/\/g1.globo.com\/sp\/presidente-prudente-regiao\/noticia\/2016\/06\/assembleia-cobra-da-justica-transito-em-julgado-de-decisao-contra-bragato.html\">Assembleia cobra da Justi\u00e7a tr\u00e2nsito em julgado de decis\u00e3o contra Bragato<\/a><\/li>\n<li style=\"text-align: justify;\"><a href=\"http:\/\/g1.globo.com\/sp\/presidente-prudente-regiao\/noticia\/2016\/06\/stf-determina-transito-em-julgado-de-acao-contra-mauro-bragato.html\">STF determina tr\u00e2nsito em julgado de a\u00e7\u00e3o contra Mauro Bragato<\/a><\/li>\n<li style=\"text-align: justify;\"><a href=\"http:\/\/g1.globo.com\/sp\/presidente-prudente-regiao\/noticia\/2016\/07\/alesp-acata-determinacao-da-justica-e-cassa-deputado-mauro-bragato.html\">Alesp acata determina\u00e7\u00e3o da Justi\u00e7a e Mauro Bragato perde mandato<\/a><\/li>\n<\/ul>\n<p style=\"text-align: justify;\"><img loading=\"lazy\" decoding=\"async\" class=\"alignnone size-full wp-image-10727\" src=\"https:\/\/jorgezanoni.com.br\/2019\/wp-content\/uploads\/2019\/11\/mauro-1.jpg\" alt=\"\" width=\"1200\" height=\"797\" srcset=\"https:\/\/jorgezanoni.com.br\/2019\/wp-content\/uploads\/2019\/11\/mauro-1.jpg 1200w, https:\/\/jorgezanoni.com.br\/2019\/wp-content\/uploads\/2019\/11\/mauro-1-300x199.jpg 300w, https:\/\/jorgezanoni.com.br\/2019\/wp-content\/uploads\/2019\/11\/mauro-1-768x510.jpg 768w, https:\/\/jorgezanoni.com.br\/2019\/wp-content\/uploads\/2019\/11\/mauro-1-1024x680.jpg 1024w, https:\/\/jorgezanoni.com.br\/2019\/wp-content\/uploads\/2019\/11\/mauro-1-696x462.jpg 696w, https:\/\/jorgezanoni.com.br\/2019\/wp-content\/uploads\/2019\/11\/mauro-1-1068x709.jpg 1068w, https:\/\/jorgezanoni.com.br\/2019\/wp-content\/uploads\/2019\/11\/mauro-1-632x420.jpg 632w\" sizes=\"auto, (max-width: 1200px) 100vw, 1200px\" \/>Recurso do deputado Mauro Bragato foi julgado pelo STJ, em Bras\u00edlia (DF) \u2014 Foto: STJ\/Divulga\u00e7\u00e3o<\/p>\n<div class=\"mc-column content-text active-extra-styles\" style=\"text-align: justify;\" data-block-type=\"raw\" data-block-weight=\"2\" data-block-id=\"15\">\n<div class=\"content-intertitle\">\n<h2>O caso<\/h2>\n<\/div>\n<\/div>\n<div class=\"mc-column content-text active-extra-styles \" data-block-type=\"unstyled\" data-block-weight=\"57\" data-block-id=\"16\">\n<p class=\"content-text__container \" style=\"text-align: justify;\" data-track-category=\"Link no Texto\" data-track-links=\"\">A a\u00e7\u00e3o por improbidade administrativa se refere ao per\u00edodo em que Bragato exerceu o mandato de prefeito de Presidente Prudente (1997-2000) e, entre as penalidades, imp\u00f4s-lhe a suspens\u00e3o dos direitos pol\u00edticos por cinco anos e a perda do mandato eletivo.\u00a0<a href=\"http:\/\/g1.globo.com\/sp\/presidente-prudente-regiao\/noticia\/2016\/06\/stf-determina-transito-em-julgado-de-acao-contra-mauro-bragato.html\">A decis\u00e3o teve o tr\u00e2nsito em julgado declarado pelo STF<\/a>, a \u00faltima inst\u00e2ncia da Justi\u00e7a no pa\u00eds.<\/p>\n<div class=\"mc-column content-text active-extra-styles \" style=\"text-align: justify;\" data-block-type=\"unstyled\" data-block-weight=\"93\" data-block-id=\"18\">\n<p class=\"content-text__container \" data-track-category=\"Link no Texto\" data-track-links=\"\">O processo contra Bragato come\u00e7ou a tramitar na Justi\u00e7a em 2002. Na a\u00e7\u00e3o civil p\u00fablica, o pol\u00edtico foi condenado ao pagamento de multa civil, ao ressarcimento do dano aos cofres p\u00fablicos, \u00e0 perda da fun\u00e7\u00e3o p\u00fablica, \u00e0 suspens\u00e3o dos direitos pol\u00edticos por cinco anos e \u00e0 proibi\u00e7\u00e3o de contratar com o Poder P\u00fablico pela pr\u00e1tica de atos de improbidade administrativa. O processo apontou supostas irregularidades em procedimentos licitat\u00f3rios para a aquisi\u00e7\u00e3o de 110.697 litros de leite do tipo \u201cC\u201d, entre os anos de 1999 e 2000, por pre\u00e7o superior ao encontrado no mercado.<\/p>\n<\/div>\n<div class=\"mc-column content-text active-extra-styles \" style=\"text-align: justify;\" data-block-type=\"unstyled\" data-block-weight=\"46\" data-block-id=\"19\">\n<p class=\"content-text__container \" data-track-category=\"Link no Texto\" data-track-links=\"\">No dia 26 de abril de 2016, o juiz da 1\u00aa Vara C\u00edvel da Comarca de Presidente Prudente, Carlos Eduardo Lombardi Castilho,\u00a0<a href=\"http:\/\/g1.globo.com\/sp\/presidente-prudente-regiao\/noticia\/2016\/04\/justica-cassa-mandato-do-deputado-estadual-mauro-bragato.html\">determinou a execu\u00e7\u00e3o do cumprimento da senten\u00e7a condenat\u00f3ria<\/a>, pois j\u00e1 na \u00e9poca considerava que o processo havia transitado em julgado no STF, em Bras\u00edlia.<\/p>\n<\/div>\n<div class=\"mc-column content-text active-extra-styles \" style=\"text-align: justify;\" data-block-type=\"unstyled\" data-block-weight=\"37\" data-block-id=\"20\">\n<p class=\"content-text__container \" data-track-category=\"Link no Texto\" data-track-links=\"\">Al\u00e9m da perda do mandato e da suspens\u00e3o dos direitos pol\u00edticos, o juiz tamb\u00e9m determinou a intima\u00e7\u00e3o de Bragato para pagar R$ 25.107,07, referentes ao ressarcimento do dano, e R$ 50.214,13, que se tratavam da multa civil.<\/p>\n<\/div>\n<div class=\"mc-column content-text active-extra-styles \" style=\"text-align: justify;\" data-block-type=\"unstyled\" data-block-weight=\"15\" data-block-id=\"21\">\n<p class=\"content-text__container \" data-track-category=\"Link no Texto\" data-track-links=\"\">Por causa desta condena\u00e7\u00e3o,\u00a0<a href=\"http:\/\/g1.globo.com\/sp\/presidente-prudente-regiao\/noticia\/2016\/07\/alesp-acata-determinacao-da-justica-e-cassa-deputado-mauro-bragato.html\">Bragato perdeu o mandato como deputado estadual em julho de 2016<\/a>.<\/p>\n<\/div>\n<div class=\"mc-column content-text active-extra-styles\" style=\"text-align: justify;\" data-block-type=\"raw\" data-block-weight=\"2\" data-block-id=\"22\">\n<div class=\"content-intertitle\">\n<h2>D\u00e9cimo mandato<\/h2>\n<\/div>\n<\/div>\n<div class=\"mc-column content-text active-extra-styles \" data-block-type=\"unstyled\" data-block-weight=\"55\" data-block-id=\"23\">\n<p class=\"content-text__container \" style=\"text-align: justify;\" data-track-category=\"Link no Texto\" data-track-links=\"\">Mauro Bragato, de 65 anos, mora em\u00a0<a href=\"https:\/\/g1.globo.com\/sp\/presidente-prudente-regiao\/cidade\/presidente-prudente\/\">Presidente Prudente<\/a>, \u00e9 soci\u00f3logo formado pela Universidade Estadual Paulista (Unesp) e est\u00e1 no d\u00e9cimo mandato como deputado estadual, cargo para o qual foi eleito pela primeira vez em 1978. Ele foi vice-presidente da Assembleia e ajudou a elaborar a Constitui\u00e7\u00e3o do Estado de S\u00e3o Paulo, promulgada em 1989.<\/p>\n<div class=\"mc-column content-text active-extra-styles \" style=\"text-align: justify;\" data-block-type=\"unstyled\" data-block-weight=\"39\" data-block-id=\"25\">\n<p class=\"content-text__container \" data-track-category=\"Link no Texto\" data-track-links=\"\">Entre 1997 e 2000, foi prefeito de Presidente Prudente. Ainda neste per\u00edodo, foi quatro vezes presidente da Uni\u00e3o dos Munic\u00edpios do Pontal do Paranapanema (Unipontal). J\u00e1 em 2004, Bragato assumiu a Secretaria da Habita\u00e7\u00e3o do Estado de S\u00e3o Paulo.<\/p>\n<\/div>\n<div class=\"mc-column content-text active-extra-styles \" style=\"text-align: justify;\" data-block-type=\"unstyled\" data-block-weight=\"57\" data-block-id=\"26\">\n<p class=\"content-text__container \" data-track-category=\"Link no Texto\" data-track-links=\"\">Em 2005, ele tomou posse para exercer seu sexto mandato de deputado estadual. Foi presidente das principais comiss\u00f5es permanentes da Casa. Bragato foi reeleito em 2006, 2010, 2014 e 2018. Ele tamb\u00e9m assumiu a lideran\u00e7a da bancada do PSDB e coordenou as Frentes Parlamentares da Defesa Civil, em Defesa da Malha Ferrovi\u00e1ria Paulista e da Regulariza\u00e7\u00e3o Fundi\u00e1ria.<\/p>\n<\/div>\n<div class=\"mc-column content-text active-extra-styles \" style=\"text-align: justify;\" data-block-type=\"unstyled\" data-block-weight=\"16\" data-block-id=\"27\">\n<p class=\"content-text__container \" data-track-category=\"Link no Texto\" data-track-links=\"\">Em 2018, Mauro Bragato foi eleito com 65.475 votos para seu 10\u00ba mandato como deputado estadual.<\/p>\n<\/div>\n<div class=\"mc-column content-text active-extra-styles \" data-block-type=\"unstyled\" data-block-weight=\"19\" data-block-id=\"28\">\n<p class=\"content-text__container \" style=\"text-align: justify;\" data-track-category=\"Link no Texto\" data-track-links=\"\">Atualmente, ele preside a Comiss\u00e3o de Constitui\u00e7\u00e3o, Justi\u00e7a e Reda\u00e7\u00e3o da\u00a0<a href=\"https:\/\/g1.globo.com\/tudo-sobre\/alesp\/\">Assembleia Legislativa do Estado de S\u00e3o Paulo (Alesp)<\/a>.<\/p>\n<p style=\"text-align: justify;\" data-track-category=\"Link no Texto\" data-track-links=\"\">Fonte: G1<\/p>\n<\/div>\n<\/div>\n<\/div>\n<\/div>\n<\/div>\n<\/div>\n","protected":false},"excerpt":{"rendered":"<p>Segunda Turma do Superior Tribunal de Justi\u00e7a reformou o ac\u00f3rd\u00e3o do Tribunal de Justi\u00e7a de S\u00e3o Paulo (TJ-SP) e julgou procedente a a\u00e7\u00e3o rescis\u00f3ria proposta pelo parlamentar paulista. Em julgamento realizado na tarde desta quinta-feira (7), a Segunda Turma do\u00a0Superior Tribunal de Justi\u00e7a (STJ), em Bras\u00edlia (DF), por maioria de votos, deu provimento ao recurso [&hellip;]<\/p>\n","protected":false},"author":1,"featured_media":10728,"comment_status":"closed","ping_status":"open","sticky":false,"template":"","format":"standard","meta":{"footnotes":""},"categories":[110,116],"tags":[],"class_list":["post-10726","post","type-post","status-publish","format-standard","has-post-thumbnail","hentry","category-noticiasdestaque","category-politicaeeconomia"],"_links":{"self":[{"href":"https:\/\/jorgezanoni.com.br\/2019\/wp-json\/wp\/v2\/posts\/10726","targetHints":{"allow":["GET"]}}],"collection":[{"href":"https:\/\/jorgezanoni.com.br\/2019\/wp-json\/wp\/v2\/posts"}],"about":[{"href":"https:\/\/jorgezanoni.com.br\/2019\/wp-json\/wp\/v2\/types\/post"}],"author":[{"embeddable":true,"href":"https:\/\/jorgezanoni.com.br\/2019\/wp-json\/wp\/v2\/users\/1"}],"replies":[{"embeddable":true,"href":"https:\/\/jorgezanoni.com.br\/2019\/wp-json\/wp\/v2\/comments?post=10726"}],"version-history":[{"count":0,"href":"https:\/\/jorgezanoni.com.br\/2019\/wp-json\/wp\/v2\/posts\/10726\/revisions"}],"wp:featuredmedia":[{"embeddable":true,"href":"https:\/\/jorgezanoni.com.br\/2019\/wp-json\/wp\/v2\/media\/10728"}],"wp:attachment":[{"href":"https:\/\/jorgezanoni.com.br\/2019\/wp-json\/wp\/v2\/media?parent=10726"}],"wp:term":[{"taxonomy":"category","embeddable":true,"href":"https:\/\/jorgezanoni.com.br\/2019\/wp-json\/wp\/v2\/categories?post=10726"},{"taxonomy":"post_tag","embeddable":true,"href":"https:\/\/jorgezanoni.com.br\/2019\/wp-json\/wp\/v2\/tags?post=10726"}],"curies":[{"name":"wp","href":"https:\/\/api.w.org\/{rel}","templated":true}]}}