{"id":10722,"date":"2019-11-07T21:58:07","date_gmt":"2019-11-07T21:58:07","guid":{"rendered":"https:\/\/jorgezanoni.com.br\/2019\/?p=10722"},"modified":"2019-11-07T21:58:07","modified_gmt":"2019-11-07T21:58:07","slug":"coral-guiomar-novaes-e-selecionado-para-se-apresentar-na-1a-cantata-vozes-do-natal-em-prudente","status":"publish","type":"post","link":"https:\/\/jorgezanoni.com.br\/2019\/coral-guiomar-novaes-e-selecionado-para-se-apresentar-na-1a-cantata-vozes-do-natal-em-prudente\/","title":{"rendered":"Coral Guiomar Novaes \u00e9 selecionado para se apresentar na 1\u00aa Cantata Vozes do Natal\u2019, em Prudente"},"content":{"rendered":"<h2 class=\"jeg_post_subtitle\" style=\"text-align: justify;\"><strong>O evento da TV Fronteira ser\u00e1 promovido no dia 1\u00b0 de dezembro, no Parque do Povo.<\/strong><\/h2>\n<p style=\"text-align: justify;\">O Coral Guiomar Novaes foi um dos quatro selecionados da regi\u00e3o de Presidente Prudente para participar da \u20181\u00aa Cantata Vozes do Natal\u2019, promovida pela TV Fronteira. O evento reunir\u00e1 grupos de corais da regi\u00e3o em apresenta\u00e7\u00e3o no Parque do Povo, no dia 1\u00ba de dezembro.<\/p>\n<div class=\"jeg_ad jeg_ad_article jnews_content_inline_ads  \" style=\"text-align: justify;\">\n<div class=\"ads-wrapper align-right \">\n<div class=\"ads_google_ads\">O Coral Guiomar Novaes iniciou suas atividades em 1998. Venceu a fase regional do Mapa Cultural Paulista 11 vezes, representando regi\u00e3o de Presidente Prudente na mostra estadual em S\u00e3o Paulo.<\/div>\n<\/div>\n<\/div>\n<p style=\"text-align: justify;\">Hoje tem 30 integrantes e desde sua funda\u00e7\u00e3o tem como maestrina Hellen Rose Rodrigues. Ela conta que o coral \u00e9 um projeto mantido pela Institui\u00e7\u00e3o Art\u00edstica Guiomar Novaes.<\/p>\n<p style=\"text-align: justify;\">No pr\u00f3ximo dia 24 tamb\u00e9m participar\u00e1 do evento \u2018Vozes em Sintonia\u2019, em S\u00e3o Jo\u00e3o da Boa Vista.<\/p>\n<p><img loading=\"lazy\" decoding=\"async\" class=\"alignnone size-full wp-image-10724\" src=\"https:\/\/jorgezanoni.com.br\/2019\/wp-content\/uploads\/2019\/11\/guiomar1.jpg\" alt=\"\" width=\"540\" height=\"404\" srcset=\"https:\/\/jorgezanoni.com.br\/2019\/wp-content\/uploads\/2019\/11\/guiomar1.jpg 540w, https:\/\/jorgezanoni.com.br\/2019\/wp-content\/uploads\/2019\/11\/guiomar1-300x224.jpg 300w, https:\/\/jorgezanoni.com.br\/2019\/wp-content\/uploads\/2019\/11\/guiomar1-80x60.jpg 80w, https:\/\/jorgezanoni.com.br\/2019\/wp-content\/uploads\/2019\/11\/guiomar1-265x198.jpg 265w\" sizes=\"auto, (max-width: 540px) 100vw, 540px\" \/>Coral Guiomar Novaes foi criado em 1998 (Cedidas\/Guiomar Novaes)<\/p>\n<p>Fonte: Portal Regional<\/p>\n<p style=\"text-align: justify;\">\n","protected":false},"excerpt":{"rendered":"<p>O evento da TV Fronteira ser\u00e1 promovido no dia 1\u00b0 de dezembro, no Parque do Povo. O Coral Guiomar Novaes foi um dos quatro selecionados da regi\u00e3o de Presidente Prudente para participar da \u20181\u00aa Cantata Vozes do Natal\u2019, promovida pela TV Fronteira. O evento reunir\u00e1 grupos de corais da regi\u00e3o em apresenta\u00e7\u00e3o no Parque do [&hellip;]<\/p>\n","protected":false},"author":1,"featured_media":10723,"comment_status":"closed","ping_status":"open","sticky":false,"template":"","format":"standard","meta":{"footnotes":""},"categories":[183],"tags":[],"class_list":["post-10722","post","type-post","status-publish","format-standard","has-post-thumbnail","hentry","category-musicaeturismo"],"_links":{"self":[{"href":"https:\/\/jorgezanoni.com.br\/2019\/wp-json\/wp\/v2\/posts\/10722","targetHints":{"allow":["GET"]}}],"collection":[{"href":"https:\/\/jorgezanoni.com.br\/2019\/wp-json\/wp\/v2\/posts"}],"about":[{"href":"https:\/\/jorgezanoni.com.br\/2019\/wp-json\/wp\/v2\/types\/post"}],"author":[{"embeddable":true,"href":"https:\/\/jorgezanoni.com.br\/2019\/wp-json\/wp\/v2\/users\/1"}],"replies":[{"embeddable":true,"href":"https:\/\/jorgezanoni.com.br\/2019\/wp-json\/wp\/v2\/comments?post=10722"}],"version-history":[{"count":0,"href":"https:\/\/jorgezanoni.com.br\/2019\/wp-json\/wp\/v2\/posts\/10722\/revisions"}],"wp:featuredmedia":[{"embeddable":true,"href":"https:\/\/jorgezanoni.com.br\/2019\/wp-json\/wp\/v2\/media\/10723"}],"wp:attachment":[{"href":"https:\/\/jorgezanoni.com.br\/2019\/wp-json\/wp\/v2\/media?parent=10722"}],"wp:term":[{"taxonomy":"category","embeddable":true,"href":"https:\/\/jorgezanoni.com.br\/2019\/wp-json\/wp\/v2\/categories?post=10722"},{"taxonomy":"post_tag","embeddable":true,"href":"https:\/\/jorgezanoni.com.br\/2019\/wp-json\/wp\/v2\/tags?post=10722"}],"curies":[{"name":"wp","href":"https:\/\/api.w.org\/{rel}","templated":true}]}}