{"id":10719,"date":"2019-11-07T18:47:56","date_gmt":"2019-11-07T18:47:56","guid":{"rendered":"https:\/\/jorgezanoni.com.br\/2019\/?p=10719"},"modified":"2019-11-07T18:47:56","modified_gmt":"2019-11-07T18:47:56","slug":"professora-anna-cecilia-rodrigues-conclui-mestrado-e-apresenta-trabalho-na-universidade-federal-da-paraiba","status":"publish","type":"post","link":"https:\/\/jorgezanoni.com.br\/2019\/professora-anna-cecilia-rodrigues-conclui-mestrado-e-apresenta-trabalho-na-universidade-federal-da-paraiba\/","title":{"rendered":"Professora Anna Cec\u00edlia Rodrigues conclui mestrado e apresenta trabalho na Universidade Federal da Para\u00edba"},"content":{"rendered":"<p style=\"font-weight: 400; text-align: justify;\">A professora da Unifadra Anna Cec\u00edlia Rodrigues concluiu,\u00a0no m\u00eas passado,\u00a0sua disserta\u00e7\u00e3o de mestrado intitulada:\u00a0\u201cAn\u00e1lise dos v\u00ednculos afetivos na ado\u00e7\u00e3o, um olhar para as condi\u00e7\u00f5es ambientais e afetivas na maternagem de m\u00e3es adotivas\u201d. Ela cursou o mestrado na Universidade Estadual Paulista \u201cJ\u00falio de Mesquita Filho\u201d em Assis e teve como orientador o professor Dr. Jorge Luis Ferreira Abr\u00e3o.<\/p>\n<p style=\"font-weight: 400; text-align: justify;\">Ainda no m\u00eas passado, a docente apresentou o trabalho na 49\u00aa Reuni\u00e3o Anual da Sociedade Brasileira de Psicologia Ambiental e Rela\u00e7\u00f5es Pessoa-Ambiente na Universidade Federal de Jo\u00e3o Pessoa\/PB.<\/p>\n<p style=\"font-weight: 400; text-align: justify;\">Segundo a docente, este evento agregou novos conhecimentos sobre os seus campos de pesquisa, al\u00e9m de ampliar\u00a0as\u00a0discuss\u00f5es voltadas \u00e0s \u00e1reas urbanas, ao autismo, revis\u00e3o de materiais projetivos, entre outras.<\/p>\n<p style=\"font-weight: 400; text-align: justify;\"><em>Fernando Nunes<\/em><\/p>\n<p style=\"font-weight: 400; text-align: justify;\">Diretor de Comunica\u00e7\u00e3o Fundec<\/p>\n<p style=\"text-align: justify;\">Foto: Professora da Unifadra Anna Cec\u00edlia Rodrigues conclui o mestrado e apresenta trabalho em Universidade Federal.<\/p>\n","protected":false},"excerpt":{"rendered":"<p>A professora da Unifadra Anna Cec\u00edlia Rodrigues concluiu,\u00a0no m\u00eas passado,\u00a0sua disserta\u00e7\u00e3o de mestrado intitulada:\u00a0\u201cAn\u00e1lise dos v\u00ednculos afetivos na ado\u00e7\u00e3o, um olhar para as condi\u00e7\u00f5es ambientais e afetivas na maternagem de m\u00e3es adotivas\u201d. Ela cursou o mestrado na Universidade Estadual Paulista \u201cJ\u00falio de Mesquita Filho\u201d em Assis e teve como orientador o professor Dr. Jorge Luis [&hellip;]<\/p>\n","protected":false},"author":1,"featured_media":10720,"comment_status":"closed","ping_status":"open","sticky":false,"template":"","format":"standard","meta":{"footnotes":""},"categories":[122],"tags":[],"class_list":["post-10719","post","type-post","status-publish","format-standard","has-post-thumbnail","hentry","category-saudeeducacaoeconcurso"],"_links":{"self":[{"href":"https:\/\/jorgezanoni.com.br\/2019\/wp-json\/wp\/v2\/posts\/10719","targetHints":{"allow":["GET"]}}],"collection":[{"href":"https:\/\/jorgezanoni.com.br\/2019\/wp-json\/wp\/v2\/posts"}],"about":[{"href":"https:\/\/jorgezanoni.com.br\/2019\/wp-json\/wp\/v2\/types\/post"}],"author":[{"embeddable":true,"href":"https:\/\/jorgezanoni.com.br\/2019\/wp-json\/wp\/v2\/users\/1"}],"replies":[{"embeddable":true,"href":"https:\/\/jorgezanoni.com.br\/2019\/wp-json\/wp\/v2\/comments?post=10719"}],"version-history":[{"count":0,"href":"https:\/\/jorgezanoni.com.br\/2019\/wp-json\/wp\/v2\/posts\/10719\/revisions"}],"wp:featuredmedia":[{"embeddable":true,"href":"https:\/\/jorgezanoni.com.br\/2019\/wp-json\/wp\/v2\/media\/10720"}],"wp:attachment":[{"href":"https:\/\/jorgezanoni.com.br\/2019\/wp-json\/wp\/v2\/media?parent=10719"}],"wp:term":[{"taxonomy":"category","embeddable":true,"href":"https:\/\/jorgezanoni.com.br\/2019\/wp-json\/wp\/v2\/categories?post=10719"},{"taxonomy":"post_tag","embeddable":true,"href":"https:\/\/jorgezanoni.com.br\/2019\/wp-json\/wp\/v2\/tags?post=10719"}],"curies":[{"name":"wp","href":"https:\/\/api.w.org\/{rel}","templated":true}]}}