{"id":10667,"date":"2019-11-07T16:43:27","date_gmt":"2019-11-07T16:43:27","guid":{"rendered":"https:\/\/jorgezanoni.com.br\/2019\/?p=10667"},"modified":"2019-11-07T16:44:36","modified_gmt":"2019-11-07T16:44:36","slug":"motorista-que-perdeu-o-controle-e-bateu-em-arvore-nesta-madrugada-havia-acabado-de-furtar-o-veiculo","status":"publish","type":"post","link":"https:\/\/jorgezanoni.com.br\/2019\/motorista-que-perdeu-o-controle-e-bateu-em-arvore-nesta-madrugada-havia-acabado-de-furtar-o-veiculo\/","title":{"rendered":"Motorista que perdeu o controle e bateu em \u00e1rvore nesta madrugada, havia acabado de furtar o ve\u00edculo"},"content":{"rendered":"<div class=\"mc-column content-text active-extra-styles\" data-block-type=\"raw\" data-block-weight=\"1\" data-block-id=\"6\">\n<h2><strong>Homem de 30 anos, ap\u00f3s ser liberado pela Santa Casa\u00a0 acabou autuado em flagrante por furto qualificado.<\/strong><\/h2>\n<p style=\"text-align: justify;\">Conforme informa\u00e7\u00f5es obtidas pela reportagem do Site JZ, a Pol\u00edcia Militar tomou conhecimento de um acidente de tr\u00e2nsito por volta das 02:30 Horas da madrugada desta quinta-feitra (7) envolvendo um ve\u00edculo Ford Belina placas de Dracena.<\/p>\n<p style=\"text-align: justify;\">O acidente aconteceu na vicinal Byron de Azevedo Nogueira h\u00e1 100 metros da Penitenci\u00e1ria, sentido Ouro Verde conduzido por A.M.L que passou por atendimento no Pronto Atendimento Municipal de Dracena.<\/p>\n<p style=\"text-align: justify;\">Em contato com o ferido, o mesmo alegou que n\u00e3o era ele quem estava dirigindo o ve\u00edculo, vindo posteriormente a informar que era sim o motorista e que tinha recebido o carro de um &#8220;amigo&#8221; que havia conhecido momentos antes de se dirigir para Ouro Verde.<\/p>\n<p style=\"text-align: justify;\">Em contato com esse &#8220;amigo&#8221;, o mesmo disse desconhecer o condutor do ve\u00edculo e que estava em um Posto de Combust\u00edveis de Dracena em uma mesa e ele em outra, e quando saiu para ir embora foi oferecido uma carona pelo dono de um ve\u00edculo GM\/Prisma. Ap\u00f3s chegar na resid\u00eancia convidou o rapaz que ofereceu carona para entrar em sua casa e ficaram batendo papo, quando o mesmo foi embora e ele foi dormir.<\/p>\n<p style=\"text-align: justify;\">J\u00e1 o propriet\u00e1rio do ve\u00edculo que havia deixado o mesmo estacionado desde a noite de ontem na garagem, percebeu que seu ve\u00edculo havia sido furtado hoje por volta de 06:00 Horas por desconhecido ap\u00f3s danificar o port\u00e3o da garagem.<\/p>\n<p style=\"text-align: justify;\">O furto aconteceu na av. Jos\u00e9 Bonif\u00e1cio na Vila Barros em Dracena, sendo que o ve\u00edculo deu perca total e foi retirado do local do acidente por uma equipe do DER.<\/p>\n<p style=\"text-align: justify;\">O autor deixou seu ve\u00edculo Prisma na rua Monte Castelo h\u00e1 uma quadra do local do furto, sendo que o ve\u00edculo furtado, a Belina, foi vistoriado e nada de il\u00edcito foi localizado.<\/p>\n<p style=\"text-align: justify;\">O autor do furto passara amanh\u00e3 por audi\u00eancia de cust\u00f3dia.<\/p>\n<p style=\"text-align: justify;\">A mat\u00e9ria postada pela manh\u00e3 referente a esta ocorr\u00eancia \u00e9 a que segue no link: https:\/\/jorgezanoni.com.br\/2019\/2019\/11\/07\/motorista-fica-gravemente-ferido-apos-perder-o-controle-da-direcao-e-bater-carro-contra-arvore\/<\/p>\n<p style=\"text-align: justify;\"><img loading=\"lazy\" decoding=\"async\" class=\"alignnone size-full wp-image-10670\" src=\"https:\/\/jorgezanoni.com.br\/2019\/wp-content\/uploads\/2019\/11\/OV1-2.jpg\" alt=\"\" width=\"1152\" height=\"864\" srcset=\"https:\/\/jorgezanoni.com.br\/2019\/wp-content\/uploads\/2019\/11\/OV1-2.jpg 1152w, https:\/\/jorgezanoni.com.br\/2019\/wp-content\/uploads\/2019\/11\/OV1-2-300x225.jpg 300w, https:\/\/jorgezanoni.com.br\/2019\/wp-content\/uploads\/2019\/11\/OV1-2-768x576.jpg 768w, https:\/\/jorgezanoni.com.br\/2019\/wp-content\/uploads\/2019\/11\/OV1-2-1024x768.jpg 1024w, https:\/\/jorgezanoni.com.br\/2019\/wp-content\/uploads\/2019\/11\/OV1-2-80x60.jpg 80w, https:\/\/jorgezanoni.com.br\/2019\/wp-content\/uploads\/2019\/11\/OV1-2-265x198.jpg 265w, https:\/\/jorgezanoni.com.br\/2019\/wp-content\/uploads\/2019\/11\/OV1-2-696x522.jpg 696w, https:\/\/jorgezanoni.com.br\/2019\/wp-content\/uploads\/2019\/11\/OV1-2-1068x801.jpg 1068w, https:\/\/jorgezanoni.com.br\/2019\/wp-content\/uploads\/2019\/11\/OV1-2-560x420.jpg 560w\" sizes=\"auto, (max-width: 1152px) 100vw, 1152px\" \/><img loading=\"lazy\" decoding=\"async\" class=\"alignnone size-full wp-image-10671\" src=\"https:\/\/jorgezanoni.com.br\/2019\/wp-content\/uploads\/2019\/11\/OV2-1.jpg\" alt=\"\" width=\"1152\" height=\"864\" srcset=\"https:\/\/jorgezanoni.com.br\/2019\/wp-content\/uploads\/2019\/11\/OV2-1.jpg 1152w, https:\/\/jorgezanoni.com.br\/2019\/wp-content\/uploads\/2019\/11\/OV2-1-300x225.jpg 300w, https:\/\/jorgezanoni.com.br\/2019\/wp-content\/uploads\/2019\/11\/OV2-1-768x576.jpg 768w, https:\/\/jorgezanoni.com.br\/2019\/wp-content\/uploads\/2019\/11\/OV2-1-1024x768.jpg 1024w, https:\/\/jorgezanoni.com.br\/2019\/wp-content\/uploads\/2019\/11\/OV2-1-80x60.jpg 80w, https:\/\/jorgezanoni.com.br\/2019\/wp-content\/uploads\/2019\/11\/OV2-1-265x198.jpg 265w, https:\/\/jorgezanoni.com.br\/2019\/wp-content\/uploads\/2019\/11\/OV2-1-696x522.jpg 696w, https:\/\/jorgezanoni.com.br\/2019\/wp-content\/uploads\/2019\/11\/OV2-1-1068x801.jpg 1068w, https:\/\/jorgezanoni.com.br\/2019\/wp-content\/uploads\/2019\/11\/OV2-1-560x420.jpg 560w\" sizes=\"auto, (max-width: 1152px) 100vw, 1152px\" \/> <img loading=\"lazy\" decoding=\"async\" class=\"alignnone size-full wp-image-10672\" src=\"https:\/\/jorgezanoni.com.br\/2019\/wp-content\/uploads\/2019\/11\/OV3-1.jpg\" alt=\"\" width=\"864\" height=\"1152\" srcset=\"https:\/\/jorgezanoni.com.br\/2019\/wp-content\/uploads\/2019\/11\/OV3-1.jpg 864w, https:\/\/jorgezanoni.com.br\/2019\/wp-content\/uploads\/2019\/11\/OV3-1-225x300.jpg 225w, https:\/\/jorgezanoni.com.br\/2019\/wp-content\/uploads\/2019\/11\/OV3-1-768x1024.jpg 768w, https:\/\/jorgezanoni.com.br\/2019\/wp-content\/uploads\/2019\/11\/OV3-1-696x928.jpg 696w, https:\/\/jorgezanoni.com.br\/2019\/wp-content\/uploads\/2019\/11\/OV3-1-315x420.jpg 315w\" sizes=\"auto, (max-width: 864px) 100vw, 864px\" \/> <img loading=\"lazy\" decoding=\"async\" class=\"alignnone size-full wp-image-10673\" src=\"https:\/\/jorgezanoni.com.br\/2019\/wp-content\/uploads\/2019\/11\/OV4-1.jpg\" alt=\"\" width=\"864\" height=\"1152\" srcset=\"https:\/\/jorgezanoni.com.br\/2019\/wp-content\/uploads\/2019\/11\/OV4-1.jpg 864w, https:\/\/jorgezanoni.com.br\/2019\/wp-content\/uploads\/2019\/11\/OV4-1-225x300.jpg 225w, https:\/\/jorgezanoni.com.br\/2019\/wp-content\/uploads\/2019\/11\/OV4-1-768x1024.jpg 768w, https:\/\/jorgezanoni.com.br\/2019\/wp-content\/uploads\/2019\/11\/OV4-1-696x928.jpg 696w, https:\/\/jorgezanoni.com.br\/2019\/wp-content\/uploads\/2019\/11\/OV4-1-315x420.jpg 315w\" sizes=\"auto, (max-width: 864px) 100vw, 864px\" \/> <img loading=\"lazy\" decoding=\"async\" class=\"alignnone size-full wp-image-10674\" src=\"https:\/\/jorgezanoni.com.br\/2019\/wp-content\/uploads\/2019\/11\/OV5-1.jpg\" alt=\"\" width=\"864\" height=\"1152\" srcset=\"https:\/\/jorgezanoni.com.br\/2019\/wp-content\/uploads\/2019\/11\/OV5-1.jpg 864w, https:\/\/jorgezanoni.com.br\/2019\/wp-content\/uploads\/2019\/11\/OV5-1-225x300.jpg 225w, https:\/\/jorgezanoni.com.br\/2019\/wp-content\/uploads\/2019\/11\/OV5-1-768x1024.jpg 768w, https:\/\/jorgezanoni.com.br\/2019\/wp-content\/uploads\/2019\/11\/OV5-1-696x928.jpg 696w, https:\/\/jorgezanoni.com.br\/2019\/wp-content\/uploads\/2019\/11\/OV5-1-315x420.jpg 315w\" sizes=\"auto, (max-width: 864px) 100vw, 864px\" \/> <img loading=\"lazy\" decoding=\"async\" class=\"alignnone size-full wp-image-10675\" src=\"https:\/\/jorgezanoni.com.br\/2019\/wp-content\/uploads\/2019\/11\/OV6-2.jpg\" alt=\"\" width=\"864\" height=\"1152\" srcset=\"https:\/\/jorgezanoni.com.br\/2019\/wp-content\/uploads\/2019\/11\/OV6-2.jpg 864w, https:\/\/jorgezanoni.com.br\/2019\/wp-content\/uploads\/2019\/11\/OV6-2-225x300.jpg 225w, https:\/\/jorgezanoni.com.br\/2019\/wp-content\/uploads\/2019\/11\/OV6-2-768x1024.jpg 768w, https:\/\/jorgezanoni.com.br\/2019\/wp-content\/uploads\/2019\/11\/OV6-2-696x928.jpg 696w, https:\/\/jorgezanoni.com.br\/2019\/wp-content\/uploads\/2019\/11\/OV6-2-315x420.jpg 315w\" sizes=\"auto, (max-width: 864px) 100vw, 864px\" \/><\/p>\n<p style=\"text-align: justify;\">Jorge Zanoni<\/p>\n<p>Fotos de Internauta<\/p>\n<\/div>\n<div class=\"mc-column content-text active-extra-styles\" data-block-type=\"raw\" data-block-weight=\"1\" data-block-id=\"6\">\n<div class=\"content-intertitle\">\n<h2 style=\"text-align: justify;\"><\/h2>\n<\/div>\n<\/div>\n<div class=\"mc-column content-text active-extra-styles \" data-block-type=\"unstyled\" data-block-weight=\"18\" data-block-id=\"7\"><\/div>\n<div class=\"mc-column content-text active-extra-styles \" data-block-type=\"unstyled\" data-block-weight=\"11\" data-block-id=\"8\">\n<p class=\"content-text__container \" data-track-category=\"Link no Texto\" data-track-links=\"\">\n<\/div>\n<div class=\"mc-column content-text active-extra-styles \" data-block-type=\"unstyled\" data-block-weight=\"21\" data-block-id=\"9\"><\/div>\n<div class=\"mc-column content-text active-extra-styles \" data-block-type=\"unstyled\" data-block-weight=\"22\" data-block-id=\"10\">\n<p class=\"content-text__container \" data-track-category=\"Link no Texto\" data-track-links=\"\">\n<\/div>\n<div class=\"mc-column content-text active-extra-styles \" data-block-type=\"unstyled\" data-block-weight=\"29\" data-block-id=\"11\"><\/div>\n<h1 class=\"content-head__title\"><\/h1>\n","protected":false},"excerpt":{"rendered":"<p>Homem de 30 anos, ap\u00f3s ser liberado pela Santa Casa\u00a0 acabou autuado em flagrante por furto qualificado. Conforme informa\u00e7\u00f5es obtidas pela reportagem do Site JZ, a Pol\u00edcia Militar tomou conhecimento de um acidente de tr\u00e2nsito por volta das 02:30 Horas da madrugada desta quinta-feitra (7) envolvendo um ve\u00edculo Ford Belina placas de Dracena. O acidente [&hellip;]<\/p>\n","protected":false},"author":1,"featured_media":10676,"comment_status":"closed","ping_status":"open","sticky":false,"template":"","format":"standard","meta":{"footnotes":""},"categories":[170,110],"tags":[],"class_list":["post-10667","post","type-post","status-publish","format-standard","has-post-thumbnail","hentry","category-acidentes","category-noticiasdestaque"],"_links":{"self":[{"href":"https:\/\/jorgezanoni.com.br\/2019\/wp-json\/wp\/v2\/posts\/10667","targetHints":{"allow":["GET"]}}],"collection":[{"href":"https:\/\/jorgezanoni.com.br\/2019\/wp-json\/wp\/v2\/posts"}],"about":[{"href":"https:\/\/jorgezanoni.com.br\/2019\/wp-json\/wp\/v2\/types\/post"}],"author":[{"embeddable":true,"href":"https:\/\/jorgezanoni.com.br\/2019\/wp-json\/wp\/v2\/users\/1"}],"replies":[{"embeddable":true,"href":"https:\/\/jorgezanoni.com.br\/2019\/wp-json\/wp\/v2\/comments?post=10667"}],"version-history":[{"count":0,"href":"https:\/\/jorgezanoni.com.br\/2019\/wp-json\/wp\/v2\/posts\/10667\/revisions"}],"wp:featuredmedia":[{"embeddable":true,"href":"https:\/\/jorgezanoni.com.br\/2019\/wp-json\/wp\/v2\/media\/10676"}],"wp:attachment":[{"href":"https:\/\/jorgezanoni.com.br\/2019\/wp-json\/wp\/v2\/media?parent=10667"}],"wp:term":[{"taxonomy":"category","embeddable":true,"href":"https:\/\/jorgezanoni.com.br\/2019\/wp-json\/wp\/v2\/categories?post=10667"},{"taxonomy":"post_tag","embeddable":true,"href":"https:\/\/jorgezanoni.com.br\/2019\/wp-json\/wp\/v2\/tags?post=10667"}],"curies":[{"name":"wp","href":"https:\/\/api.w.org\/{rel}","templated":true}]}}