{"id":1060,"date":"2019-07-19T21:52:35","date_gmt":"2019-07-19T21:52:35","guid":{"rendered":"http:\/\/jorgezanoni.com.br\/2019\/?p=1060"},"modified":"2019-07-22T21:04:17","modified_gmt":"2019-07-22T21:04:17","slug":"junho-foi-o-mais-quente-dos-ultimos-140-anos-na-terra-afirma-noaa","status":"publish","type":"post","link":"https:\/\/jorgezanoni.com.br\/2019\/junho-foi-o-mais-quente-dos-ultimos-140-anos-na-terra-afirma-noaa\/","title":{"rendered":"Junho foi o mais quente dos \u00faltimos 140 anos na Terra, afirma NOAA"},"content":{"rendered":"<div class=\"row content-head non-featured \">\n<div class=\"medium-centered subtitle\">\n<h2 class=\"content-head__subtitle\"><strong>Para Administra\u00e7\u00e3o Nacional Oce\u00e2nica e Atmosf\u00e9rica dos Estados Unidos, 2019 estar\u00e1 entre os cinco anos mais quentes registrados no mundo desde o estabelecimento de registros meteorol\u00f3gicos.<\/strong><\/h2>\n<div class=\"mc-column content-text active-extra-styles \" data-block-type=\"unstyled\" data-block-weight=\"44\" data-block-id=\"2\">\n<p class=\"content-text__container \" data-track-category=\"Link no Texto\" data-track-links=\"\">O m\u00eas passado foi o junho mais quente em 140 anos, registrado por observat\u00f3rios de meteorologia em todo o mundo, de acordo com o relat\u00f3rio mensal sobre o clima global divulgado nesta quinta-feira (18) pela Administra\u00e7\u00e3o Nacional Oce\u00e2nica e Atmosf\u00e9rica dos Estados Unidos (NOAA).<\/p>\n<\/div>\n<div class=\"wall protected-content\">\n<div class=\"mc-column content-text active-extra-styles \" data-block-type=\"unstyled\" data-block-weight=\"45\" data-block-id=\"3\">\n<p class=\"content-text__container \" data-track-category=\"Link no Texto\" data-track-links=\"\">Nove dos dez meses mais quentes de junho na Terra foram registrados, a partir de 2010. Este ano ocorreu o 43\u00ba m\u00eas de junho consecutivo e do 414\u00ba m\u00eas consecutivo com temperaturas acima da m\u00e9dia do s\u00e9culo 20, de acordo com o relat\u00f3rio da NOAA.<\/p>\n<\/div>\n<div class=\"mc-column content-text active-extra-styles \" data-block-type=\"unstyled\" data-block-weight=\"38\" data-block-id=\"4\">\n<p class=\"content-text__container \" data-track-category=\"Link no Texto\" data-track-links=\"\">Europa, \u00c1sia e \u00c1frica, al\u00e9m do Hava\u00ed e da regi\u00e3o do Golfo do M\u00e9xico, experimentaram o m\u00eas de junho mais quente de seus anais meteorol\u00f3gicos, e o sul do Fran\u00e7a registrou uma temperatura recorde perto de 46\u00b0 C.<\/p>\n<\/div>\n<div class=\"mc-column content-text active-extra-styles \" data-block-type=\"unstyled\" data-block-weight=\"50\" data-block-id=\"5\">\n<p class=\"content-text__container \" data-track-category=\"Link no Texto\" data-track-links=\"\">O relat\u00f3rio da NOAA estima que o n\u00famero m\u00e9dio de dias por ano, quando o calor exceder\u00e1 41\u00b0 nos Estados Unidos, dever\u00e1 mais do que quadruplicar, indo para 24 at\u00e9 2050, e que haver\u00e1 uma m\u00e9dia de 40 dias com temperaturas superiores a 41\u00b0 no pa\u00eds ao final do s\u00e9culo.<\/p>\n<\/div>\n<div class=\"mc-column content-text active-extra-styles \" data-block-type=\"unstyled\" data-block-weight=\"44\" data-block-id=\"6\">\n<p class=\"content-text__container \" data-track-category=\"Link no Texto\" data-track-links=\"\">Por outro lado, escreve NOAA em seu relat\u00f3rio, a camada de gelo da Ant\u00e1rtida diminuiu em n\u00edveis recordes durante o segundo m\u00eas em junho. A \u00e1rea m\u00e9dia da superf\u00edcie de gelo da Ant\u00e1rtida se encontra atualmente 8,5% abaixo da m\u00e9dia das \u00faltimas duas d\u00e9cadas.<\/p>\n<\/div>\n<div class=\"mc-column content-text active-extra-styles \" data-block-type=\"unstyled\" data-block-weight=\"48\" data-block-id=\"8\">\n<p class=\"content-text__container \" data-track-category=\"Link no Texto\" data-track-links=\"\">No \u00c1rtico, a extens\u00e3o do gelo foi em junho a 10,5% abaixo da m\u00e9dia de 1981-2010, quase um recorde. A temperatura m\u00e9dia da superf\u00edcie dos mares do mundo neste junho de 2019 ficou acima da m\u00e9dia global de 16 \u00b0 Celsius, igualando o n\u00edvel recorde alcan\u00e7ado em 2016.<\/p>\n<\/div>\n<div data-track-category=\"multicontent\" data-track-action=\"ultimo chunk conteudo\" data-track-noninteraction=\"false\" data-track-scroll=\"view\">\n<div class=\"mc-column content-text active-extra-styles \" data-block-type=\"unstyled\" data-block-weight=\"24\" data-block-id=\"9\">\n<p class=\"content-text__container \" data-track-category=\"Link no Texto\" data-track-links=\"\">Para a NOAA, j\u00e1 \u00e9 certo que 2019 estar\u00e1 entre os cinco anos mais quentes registrados no mundo desde o estabelecimento de registros meteorol\u00f3gicos.<\/p>\n<p data-track-category=\"Link no Texto\" data-track-links=\"\">Fonte: G1<\/p>\n<\/div>\n<\/div>\n<\/div>\n<\/div>\n<\/div>\n<div class=\"content__signa-share\">\n<div class=\"content__signature\">\n<div class=\"content-publication-data\">\n<div class=\"content-publication-data__logo\"><\/div>\n<\/div>\n<\/div>\n<\/div>\n","protected":false},"excerpt":{"rendered":"<p>Para Administra\u00e7\u00e3o Nacional Oce\u00e2nica e Atmosf\u00e9rica dos Estados Unidos, 2019 estar\u00e1 entre os cinco anos mais quentes registrados no mundo desde o estabelecimento de registros meteorol\u00f3gicos. O m\u00eas passado foi o junho mais quente em 140 anos, registrado por observat\u00f3rios de meteorologia em todo o mundo, de acordo com o relat\u00f3rio mensal sobre o clima [&hellip;]<\/p>\n","protected":false},"author":1,"featured_media":1061,"comment_status":"open","ping_status":"open","sticky":false,"template":"","format":"standard","meta":{"footnotes":""},"categories":[176],"tags":[],"class_list":["post-1060","post","type-post","status-publish","format-standard","has-post-thumbnail","hentry","category-meioambienteeagricultura"],"_links":{"self":[{"href":"https:\/\/jorgezanoni.com.br\/2019\/wp-json\/wp\/v2\/posts\/1060","targetHints":{"allow":["GET"]}}],"collection":[{"href":"https:\/\/jorgezanoni.com.br\/2019\/wp-json\/wp\/v2\/posts"}],"about":[{"href":"https:\/\/jorgezanoni.com.br\/2019\/wp-json\/wp\/v2\/types\/post"}],"author":[{"embeddable":true,"href":"https:\/\/jorgezanoni.com.br\/2019\/wp-json\/wp\/v2\/users\/1"}],"replies":[{"embeddable":true,"href":"https:\/\/jorgezanoni.com.br\/2019\/wp-json\/wp\/v2\/comments?post=1060"}],"version-history":[{"count":0,"href":"https:\/\/jorgezanoni.com.br\/2019\/wp-json\/wp\/v2\/posts\/1060\/revisions"}],"wp:featuredmedia":[{"embeddable":true,"href":"https:\/\/jorgezanoni.com.br\/2019\/wp-json\/wp\/v2\/media\/1061"}],"wp:attachment":[{"href":"https:\/\/jorgezanoni.com.br\/2019\/wp-json\/wp\/v2\/media?parent=1060"}],"wp:term":[{"taxonomy":"category","embeddable":true,"href":"https:\/\/jorgezanoni.com.br\/2019\/wp-json\/wp\/v2\/categories?post=1060"},{"taxonomy":"post_tag","embeddable":true,"href":"https:\/\/jorgezanoni.com.br\/2019\/wp-json\/wp\/v2\/tags?post=1060"}],"curies":[{"name":"wp","href":"https:\/\/api.w.org\/{rel}","templated":true}]}}