{"id":10556,"date":"2019-11-06T15:16:47","date_gmt":"2019-11-06T15:16:47","guid":{"rendered":"https:\/\/jorgezanoni.com.br\/2019\/?p=10556"},"modified":"2019-11-06T15:16:47","modified_gmt":"2019-11-06T15:16:47","slug":"devido-protestos-conmebol-anuncia-final-da-libertadores-em-lima","status":"publish","type":"post","link":"https:\/\/jorgezanoni.com.br\/2019\/devido-protestos-conmebol-anuncia-final-da-libertadores-em-lima\/","title":{"rendered":"Devido protestos, Conmebol anuncia final da Libertadores em Lima"},"content":{"rendered":"<p style=\"text-align: justify;\">A Confedera\u00e7\u00e3o Sul-Americana de Futebol (Conmebol) anunciou no in\u00edcio da noite de ter\u00e7a-feira, dia 5, que a final da Copa Libertadores de 2019, entre Flamengo (Brasil) e River Plate (Argentina), ser\u00e1 realizada em Lima (Peru) no dia 23 de novembro. Inicialmente, a partida estava prevista para ocorrer em Santiago, no Chile.<\/p>\n<p style=\"text-align: justify;\">A partida ser\u00e1 realizada no Est\u00e1dio Monumental, em Lima, e ter\u00e1 in\u00edcio \u00e0s 17 horas (hor\u00e1rio de Bras\u00edlia).<\/p>\n<p style=\"text-align: justify;\">A decis\u00e3o foi tomada depois que protestos tomaram conta do Chile nas \u00faltimas duas semanas. As manifesta\u00e7\u00f5es j\u00e1 deixaram 18 mortos e milhares de pessoas detidas.<\/p>\n<p style=\"text-align: justify;\">O an\u00fancio foi feito ap\u00f3s a realiza\u00e7\u00e3o de uma reuni\u00e3o da entidade com representantes da equipe brasileira, do clube argentino, da Confedera\u00e7\u00e3o Brasileira de Futebol (CBF) e da Associa\u00e7\u00e3o de Futebol Argentino (AFA).<\/p>\n<p style=\"text-align: justify;\">Antes da mudan\u00e7a de sede da final da Libertadores, o presidente do Chile, Sebasti\u00e1n Pi\u00f1era, j\u00e1 havia anunciado o cancelamento da realiza\u00e7\u00e3o de duas c\u00fapulas internacionais: a Coopera\u00e7\u00e3o Econ\u00f4mica \u00c1sia-Pac\u00edfico (Apec) e a Confer\u00eancia das Na\u00e7\u00f5es Unidas sobre as Mudan\u00e7as Clim\u00e1ticas de 2019 (COP25).<\/p>\n<p style=\"text-align: justify;\">Fonte: Ag\u00eancia Brasil<\/p>\n","protected":false},"excerpt":{"rendered":"<p>A Confedera\u00e7\u00e3o Sul-Americana de Futebol (Conmebol) anunciou no in\u00edcio da noite de ter\u00e7a-feira, dia 5, que a final da Copa Libertadores de 2019, entre Flamengo (Brasil) e River Plate (Argentina), ser\u00e1 realizada em Lima (Peru) no dia 23 de novembro. Inicialmente, a partida estava prevista para ocorrer em Santiago, no Chile. A partida ser\u00e1 realizada [&hellip;]<\/p>\n","protected":false},"author":1,"featured_media":10557,"comment_status":"closed","ping_status":"open","sticky":false,"template":"","format":"standard","meta":{"footnotes":""},"categories":[111],"tags":[],"class_list":["post-10556","post","type-post","status-publish","format-standard","has-post-thumbnail","hentry","category-esporteecultura"],"_links":{"self":[{"href":"https:\/\/jorgezanoni.com.br\/2019\/wp-json\/wp\/v2\/posts\/10556","targetHints":{"allow":["GET"]}}],"collection":[{"href":"https:\/\/jorgezanoni.com.br\/2019\/wp-json\/wp\/v2\/posts"}],"about":[{"href":"https:\/\/jorgezanoni.com.br\/2019\/wp-json\/wp\/v2\/types\/post"}],"author":[{"embeddable":true,"href":"https:\/\/jorgezanoni.com.br\/2019\/wp-json\/wp\/v2\/users\/1"}],"replies":[{"embeddable":true,"href":"https:\/\/jorgezanoni.com.br\/2019\/wp-json\/wp\/v2\/comments?post=10556"}],"version-history":[{"count":0,"href":"https:\/\/jorgezanoni.com.br\/2019\/wp-json\/wp\/v2\/posts\/10556\/revisions"}],"wp:featuredmedia":[{"embeddable":true,"href":"https:\/\/jorgezanoni.com.br\/2019\/wp-json\/wp\/v2\/media\/10557"}],"wp:attachment":[{"href":"https:\/\/jorgezanoni.com.br\/2019\/wp-json\/wp\/v2\/media?parent=10556"}],"wp:term":[{"taxonomy":"category","embeddable":true,"href":"https:\/\/jorgezanoni.com.br\/2019\/wp-json\/wp\/v2\/categories?post=10556"},{"taxonomy":"post_tag","embeddable":true,"href":"https:\/\/jorgezanoni.com.br\/2019\/wp-json\/wp\/v2\/tags?post=10556"}],"curies":[{"name":"wp","href":"https:\/\/api.w.org\/{rel}","templated":true}]}}