{"id":10546,"date":"2019-11-06T13:46:28","date_gmt":"2019-11-06T13:46:28","guid":{"rendered":"https:\/\/jorgezanoni.com.br\/2019\/?p=10546"},"modified":"2019-11-06T13:46:28","modified_gmt":"2019-11-06T13:46:28","slug":"chuva-e-vento-causam-danos-em-panorama","status":"publish","type":"post","link":"https:\/\/jorgezanoni.com.br\/2019\/chuva-e-vento-causam-danos-em-panorama\/","title":{"rendered":"Chuva e vento causam danos em Panorama"},"content":{"rendered":"<h2 class=\"jeg_post_subtitle\" style=\"text-align: justify;\"><strong>Ontem, conforme a previs\u00e3o meteorol\u00f3gica a temperatura chegou a 38\u00b0C: para hoje tem chance de chover novamente.<\/strong><\/h2>\n<p style=\"text-align: justify;\">No come\u00e7o da tarde de ontem, 5, a chuva que caiu em Dracena e Adamantina provocou danos. Em Panorama houve preju\u00edzos materiais em estabelecimentos comerciais na \u00e1rea central da cidade com alguns destelhamentos.<\/p>\n<p style=\"text-align: justify;\">De acordo com o Panorama Noticia, parte da cobertura de uma loja caiu sobre um ve\u00edculo, um port\u00e3o de grande porte do barrac\u00e3o de uma empresa tamb\u00e9m caiu, a fachada de uma boate foi arrancada pelo vento e ainda houve queda de galhos de \u00e1rvores em alguns pontos.<\/p>\n<p style=\"text-align: justify;\">H\u00e1 tamb\u00e9m informa\u00e7\u00e3o de que telhas do restaurante do balne\u00e1rio municipal foram arrancadas.<\/p>\n<p style=\"text-align: justify;\">Apesar desses danos causados, as Pol\u00edcias Militar e Civil informaram que n\u00e3o havia at\u00e9 as 17 horas, nenhum registro de boletim de ocorr\u00eancia sobre os fatos.<\/p>\n<p style=\"text-align: justify;\">O Centro de Previs\u00e3o de\u00a0Tempo\u00a0e Estudos Clim\u00e1ticos \u2013 CPTEC\/INPE informou que ontem, em Panorama a temperatura m\u00e1xima atingiu 38\u00b0C. Segundo o CPTEC\/INPE, nesta quarta-feira em Panorama h\u00e1 chance de chove est\u00e1 em 80% e as temperaturas ir\u00e3o variar de 24\u00b0C a 35\u00b0C.<\/p>\n<p><img loading=\"lazy\" decoding=\"async\" class=\"alignnone size-full wp-image-10548\" src=\"https:\/\/jorgezanoni.com.br\/2019\/wp-content\/uploads\/2019\/11\/panorama1-1.jpg\" alt=\"\" width=\"750\" height=\"364\" srcset=\"https:\/\/jorgezanoni.com.br\/2019\/wp-content\/uploads\/2019\/11\/panorama1-1.jpg 750w, https:\/\/jorgezanoni.com.br\/2019\/wp-content\/uploads\/2019\/11\/panorama1-1-300x146.jpg 300w, https:\/\/jorgezanoni.com.br\/2019\/wp-content\/uploads\/2019\/11\/panorama1-1-696x338.jpg 696w\" sizes=\"auto, (max-width: 750px) 100vw, 750px\" \/> <img loading=\"lazy\" decoding=\"async\" class=\"alignnone size-full wp-image-10549\" src=\"https:\/\/jorgezanoni.com.br\/2019\/wp-content\/uploads\/2019\/11\/panorama2-1.jpg\" alt=\"\" width=\"498\" height=\"1024\" srcset=\"https:\/\/jorgezanoni.com.br\/2019\/wp-content\/uploads\/2019\/11\/panorama2-1.jpg 498w, https:\/\/jorgezanoni.com.br\/2019\/wp-content\/uploads\/2019\/11\/panorama2-1-146x300.jpg 146w, https:\/\/jorgezanoni.com.br\/2019\/wp-content\/uploads\/2019\/11\/panorama2-1-204x420.jpg 204w\" sizes=\"auto, (max-width: 498px) 100vw, 498px\" \/><\/p>\n<p>Fonte: Portal Regional<\/p>\n<p>Fotos: Panorama Not\u00edcias<\/p>\n","protected":false},"excerpt":{"rendered":"<p>Ontem, conforme a previs\u00e3o meteorol\u00f3gica a temperatura chegou a 38\u00b0C: para hoje tem chance de chover novamente. No come\u00e7o da tarde de ontem, 5, a chuva que caiu em Dracena e Adamantina provocou danos. Em Panorama houve preju\u00edzos materiais em estabelecimentos comerciais na \u00e1rea central da cidade com alguns destelhamentos. De acordo com o Panorama [&hellip;]<\/p>\n","protected":false},"author":1,"featured_media":10547,"comment_status":"closed","ping_status":"open","sticky":false,"template":"","format":"standard","meta":{"footnotes":""},"categories":[179,110,188],"tags":[],"class_list":["post-10546","post","type-post","status-publish","format-standard","has-post-thumbnail","hentry","category-cidadeseregiao","category-noticiasdestaque","category-panorama"],"_links":{"self":[{"href":"https:\/\/jorgezanoni.com.br\/2019\/wp-json\/wp\/v2\/posts\/10546","targetHints":{"allow":["GET"]}}],"collection":[{"href":"https:\/\/jorgezanoni.com.br\/2019\/wp-json\/wp\/v2\/posts"}],"about":[{"href":"https:\/\/jorgezanoni.com.br\/2019\/wp-json\/wp\/v2\/types\/post"}],"author":[{"embeddable":true,"href":"https:\/\/jorgezanoni.com.br\/2019\/wp-json\/wp\/v2\/users\/1"}],"replies":[{"embeddable":true,"href":"https:\/\/jorgezanoni.com.br\/2019\/wp-json\/wp\/v2\/comments?post=10546"}],"version-history":[{"count":0,"href":"https:\/\/jorgezanoni.com.br\/2019\/wp-json\/wp\/v2\/posts\/10546\/revisions"}],"wp:featuredmedia":[{"embeddable":true,"href":"https:\/\/jorgezanoni.com.br\/2019\/wp-json\/wp\/v2\/media\/10547"}],"wp:attachment":[{"href":"https:\/\/jorgezanoni.com.br\/2019\/wp-json\/wp\/v2\/media?parent=10546"}],"wp:term":[{"taxonomy":"category","embeddable":true,"href":"https:\/\/jorgezanoni.com.br\/2019\/wp-json\/wp\/v2\/categories?post=10546"},{"taxonomy":"post_tag","embeddable":true,"href":"https:\/\/jorgezanoni.com.br\/2019\/wp-json\/wp\/v2\/tags?post=10546"}],"curies":[{"name":"wp","href":"https:\/\/api.w.org\/{rel}","templated":true}]}}