{"id":10540,"date":"2019-11-06T13:12:17","date_gmt":"2019-11-06T13:12:17","guid":{"rendered":"https:\/\/jorgezanoni.com.br\/2019\/?p=10540"},"modified":"2019-11-06T13:12:17","modified_gmt":"2019-11-06T13:12:17","slug":"pacto-federativo-proposta-preve-incorporar-a-municipios-vizinhos-cidades-com-ate-5-mil-habitantes","status":"publish","type":"post","link":"https:\/\/jorgezanoni.com.br\/2019\/pacto-federativo-proposta-preve-incorporar-a-municipios-vizinhos-cidades-com-ate-5-mil-habitantes\/","title":{"rendered":"Pacto federativo: proposta prev\u00ea incorporar a munic\u00edpios vizinhos cidades com at\u00e9 5 mil habitantes"},"content":{"rendered":"<h2 class=\"content-head__subtitle\" style=\"text-align: justify;\"><strong>Seriam afetados munic\u00edpios com menos de 5 mil habitantes e arrecada\u00e7\u00e3o pr\u00f3pria menor que 10% da receita total. Ministro Paulo Guedes afirmou que a decis\u00e3o \u00e9 pol\u00edtica.<\/strong><\/h2>\n<div class=\"mc-column content-text active-extra-styles \" data-block-type=\"unstyled\" data-block-weight=\"43\" data-block-id=\"2\">\n<p class=\"content-text__container \" style=\"text-align: justify;\" data-track-category=\"Link no Texto\" data-track-links=\"\">As\u00a0<a href=\"https:\/\/g1.globo.com\/economia\/noticia\/2019\/11\/05\/governo-propoe-mudar-pacto-federativo-liberando-r-400-bi-aos-estados-e-municipios-em-15-anos.ghtml\">mudan\u00e7as no pacto federativo<\/a>\u00a0propostas em uma das tr\u00eas PECs\u00a0<a href=\"https:\/\/g1.globo.com\/politica\/noticia\/2019\/11\/05\/bolsonaro-vai-ao-congresso-entregar-pacote-de-reformas-na-area-economica.ghtml\">enviadas nesta ter\u00e7a-feira (5) pelo governo ao Congresso<\/a>\u00a0preveem a incorpora\u00e7\u00e3o a munic\u00edpios vizinhos das cidades com menos de 5 mil habitantes e arrecada\u00e7\u00e3o pr\u00f3pria menor que 10% da receita total.<\/p>\n<\/div>\n<div class=\"wall protected-content\">\n<div class=\"mc-column content-text active-extra-styles \" style=\"text-align: justify;\" data-block-type=\"unstyled\" data-block-weight=\"22\" data-block-id=\"3\">\n<p class=\"content-text__container \" data-track-category=\"Link no Texto\" data-track-links=\"\">De acordo com o Minist\u00e9rio da Economia, h\u00e1, atualmente, 1.254 munic\u00edpios que seriam incorporados pelos vizinhos, de acordo com as mudan\u00e7as propostas.<\/p>\n<\/div>\n<div class=\"mc-column content-text active-extra-styles \" style=\"text-align: justify;\" data-block-type=\"unstyled\" data-block-weight=\"6\" data-block-id=\"4\">\n<p class=\"content-text__container \" data-track-category=\"Link no Texto\" data-track-links=\"\"><strong>AS TR\u00caS PECs ENVIADAS AO CONGRESSO<\/strong><\/p>\n<\/div>\n<div class=\"mc-column content-text active-extra-styles\" data-block-type=\"raw\" data-block-weight=\"52\" data-block-id=\"5\">\n<ul class=\"content-unordered-list\" style=\"text-align: justify;\">\n<li><a href=\"https:\/\/g1.globo.com\/economia\/noticia\/2019\/11\/05\/governo-propoe-mudar-pacto-federativo-liberando-r-400-bi-aos-estados-e-municipios-em-15-anos.ghtml\"><strong>PEC do pacto federativo<\/strong><\/a><strong>:<\/strong>\u00a0d\u00e1 mais recursos e autonomia financeira para estados e munic\u00edpios.<\/li>\n<li><a href=\"https:\/\/g1.globo.com\/economia\/noticia\/2019\/11\/05\/pec-emergencial-governo-propoe-acionar-gatilhos-se-for-descumprida-regra-de-ouro.ghtml\"><strong>PEC emergencial<\/strong><\/a><strong>:<\/strong>\u00a0cria mecanismos emergenciais de controle de despesas p\u00fablicas para Uni\u00e3o, estados e munic\u00edpios.<\/li>\n<li><a href=\"https:\/\/g1.globo.com\/economia\/noticia\/2019\/11\/05\/governo-propoe-extincao-da-maior-parte-dos-fundos-publicos.ghtml\"><strong>PEC dos fundos p\u00fablicos<\/strong><\/a><strong>:<\/strong>\u00a0extingue a maior parte dos 281 fundos p\u00fablicos e permite o uso de recursos para pagamento da d\u00edvida p\u00fablica.<\/li>\n<\/ul>\n<div class=\"mc-column content-text active-extra-styles \" style=\"text-align: justify;\" data-block-type=\"unstyled\" data-block-weight=\"30\" data-block-id=\"7\">\n<p class=\"content-text__container \" data-track-category=\"Link no Texto\" data-track-links=\"\">O ministro da Economia, Paulo Guedes, afirmou que esse foi um tema levado ao governo por lideran\u00e7as pol\u00edticas, em conversas neste primeiro ano de mandato do presidente Jair Bolsonaro.<\/p>\n<\/div>\n<div class=\"mc-column content-text active-extra-styles \" style=\"text-align: justify;\" data-block-type=\"unstyled\" data-block-weight=\"45\" data-block-id=\"8\">\n<p class=\"content-text__container \" data-track-category=\"Link no Texto\" data-track-links=\"\">&#8220;Seguramente n\u00e3o foi um economista do nosso grupo que lan\u00e7ou isso l\u00e1. Normalmente, \u00e9 sempre uma lideran\u00e7a pol\u00edtica que chega e fala: &#8216;Est\u00e1 acontecendo um neg\u00f3cio aqui&#8217;. E s\u00e3o lideran\u00e7as pol\u00edticas experientes, e eles t\u00eam l\u00e1 os combates deles. N\u00f3s vamos assistir isso ai&#8221;, declarou.<\/p>\n<\/div>\n<div class=\"mc-column content-text active-extra-styles \" style=\"text-align: justify;\" data-block-type=\"unstyled\" data-block-weight=\"22\" data-block-id=\"9\">\n<p class=\"content-text__container \" data-track-category=\"Link no Texto\" data-track-links=\"\">Questionado se esse tema n\u00e3o pode gerar confus\u00e3o, j\u00e1 que em 2020 haver\u00e1 elei\u00e7\u00f5es municipais, Guedes afirmou que a discuss\u00e3o \u00e9 pol\u00edtica.<\/p>\n<\/div>\n<div class=\"mc-column content-text active-extra-styles \" style=\"text-align: justify;\" data-block-type=\"unstyled\" data-block-weight=\"25\" data-block-id=\"10\">\n<p class=\"content-text__container \" data-track-category=\"Link no Texto\" data-track-links=\"\">Segundo ele, quem deve decidir se os munic\u00edpios devem ter 5 mil, 3 mil ou 10 mil habitantes n\u00e3o \u00e9 o ministro da Economia.<\/p>\n<\/div>\n<div class=\"mc-column content-text active-extra-styles \" style=\"text-align: justify;\" data-block-type=\"unstyled\" data-block-weight=\"29\" data-block-id=\"11\">\n<p class=\"content-text__container \" data-track-category=\"Link no Texto\" data-track-links=\"\">&#8220;N\u00e3o tem nada mais oportuno do que deixar o Congresso decidir isso. A gente vai, estimula, e eles t\u00eam total decis\u00e3o de falar: tira isso ou deixa isso&#8221;, afirmou.<\/p>\n<\/div>\n<div class=\"mc-column content-text active-extra-styles \" style=\"text-align: justify;\" data-block-type=\"unstyled\" data-block-weight=\"23\" data-block-id=\"12\">\n<p class=\"content-text__container \" data-track-category=\"Link no Texto\" data-track-links=\"\">Falando de forma gen\u00e9rica sobre a proposta de pacto federativo, o ministro da Economia afirmou que o Estado brasileiro est\u00e1 sendo &#8220;redesenhado&#8221;.<\/p>\n<\/div>\n<div class=\"mc-column content-text active-extra-styles \" style=\"text-align: justify;\" data-block-type=\"unstyled\" data-block-weight=\"17\" data-block-id=\"13\">\n<p class=\"content-text__container \" data-track-category=\"Link no Texto\" data-track-links=\"\">&#8220;O presidente [Bolsonaro] foi eleito para mudar, e o Congresso tamb\u00e9m. Estou bastante confiante nesse trabalho&#8221;, disse.<\/p>\n<\/div>\n<div class=\"mc-column content-text active-extra-styles \" data-block-type=\"unstyled\" data-block-weight=\"20\" data-block-id=\"14\">\n<p class=\"content-text__container \" style=\"text-align: justify;\" data-track-category=\"Link no Texto\" data-track-links=\"\">O secret\u00e1rio do Tesouro Nacional, Mansueto Almeida, avaliou que essas propostas ter\u00e3o um &#8220;longo per\u00edodo de discuss\u00e3o&#8221; no Legislativo.<\/p>\n<div class=\"mc-column content-text active-extra-styles \" style=\"text-align: justify;\" data-block-type=\"unstyled\" data-block-weight=\"31\" data-block-id=\"16\">\n<p class=\"content-text__container \" data-track-category=\"Link no Texto\" data-track-links=\"\">&#8220;O que ser\u00e1 aprovado e o que ser\u00e1 descartado ser\u00e1 definido pelo Congresso Nacional. A forma correta de se ter um bom debate pol\u00edtico \u00e9 apresentar para o Congresso Nacional&#8221;, declarou.<\/p>\n<\/div>\n<div class=\"mc-column content-text active-extra-styles \" style=\"text-align: justify;\" data-block-type=\"unstyled\" data-block-weight=\"33\" data-block-id=\"17\">\n<p class=\"content-text__container \" data-track-category=\"Link no Texto\" data-track-links=\"\">Segundo o assessor especial do ministro, Rafaelo Abritta, a proposta prev\u00ea que, em 2023, verifique-se quais munic\u00edpios com menos de 5 mil habitantes arrecadam pelo menos 10% da sua receita total.<\/p>\n<\/div>\n<div class=\"mc-column content-text active-extra-styles \" style=\"text-align: justify;\" data-block-type=\"unstyled\" data-block-weight=\"27\" data-block-id=\"18\">\n<p class=\"content-text__container \" data-track-category=\"Link no Texto\" data-track-links=\"\">Nos casos dos munic\u00edpios que n\u00e3o atingirem o &#8220;\u00edndice de sustentabilidade&#8221;, n\u00e3o haver\u00e1 elei\u00e7\u00e3o municipal em 2024 e, j\u00e1 em 2025, ser\u00e3o incorporados por outros munic\u00edpios.<\/p>\n<\/div>\n<div class=\"mc-column content-text active-extra-styles \" style=\"text-align: justify;\" data-block-type=\"unstyled\" data-block-weight=\"24\" data-block-id=\"19\">\n<p class=\"content-text__container \" data-track-category=\"Link no Texto\" data-track-links=\"\">Abritta destacou que os munic\u00edpios com melhor situa\u00e7\u00e3o financeira ter\u00e3o prioridade na incorpora\u00e7\u00e3o dos munic\u00edpios e cada um poder\u00e1 incorporar at\u00e9 tr\u00eas outros.<\/p>\n<\/div>\n<div class=\"mc-column content-text active-extra-styles \" style=\"text-align: justify;\" data-block-type=\"unstyled\" data-block-weight=\"27\" data-block-id=\"20\">\n<p class=\"content-text__container \" data-track-category=\"Link no Texto\" data-track-links=\"\">\u201cNo m\u00e1ximo, cada munic\u00edpio poder\u00e1 incorporar tr\u00eas munic\u00edpios adjacentes. Deste modo, a proposta \u00e9 de que, no m\u00e1ximo, ocorra a fus\u00e3o de quatro munic\u00edpios\u201d, afirmou Abritta.<\/p>\n<\/div>\n<div class=\"mc-column content-text active-extra-styles \" data-block-type=\"unstyled\" data-block-weight=\"11\" data-block-id=\"21\">\n<p class=\"content-text__container \" style=\"text-align: justify;\" data-track-category=\"Link no Texto\" data-track-links=\"\">O processo, no entanto, ainda ter\u00e1 de ser detalhado em lei.<\/p>\n<p style=\"text-align: justify;\" data-track-category=\"Link no Texto\" data-track-links=\"\">Fonte: https:\/\/g1.globo.com\/economia\/noticia\/2019\/11\/05\/pacto-federativo-proposta-preve-incorporar-a-municipios-vizinhos-cidades-com-ate-5-mil-habitantes.ghtml<\/p>\n<\/div>\n<\/div>\n<\/div>\n<\/div>\n","protected":false},"excerpt":{"rendered":"<p>Seriam afetados munic\u00edpios com menos de 5 mil habitantes e arrecada\u00e7\u00e3o pr\u00f3pria menor que 10% da receita total. Ministro Paulo Guedes afirmou que a decis\u00e3o \u00e9 pol\u00edtica. As\u00a0mudan\u00e7as no pacto federativo\u00a0propostas em uma das tr\u00eas PECs\u00a0enviadas nesta ter\u00e7a-feira (5) pelo governo ao Congresso\u00a0preveem a incorpora\u00e7\u00e3o a munic\u00edpios vizinhos das cidades com menos de 5 mil [&hellip;]<\/p>\n","protected":false},"author":1,"featured_media":10541,"comment_status":"closed","ping_status":"open","sticky":false,"template":"","format":"standard","meta":{"footnotes":""},"categories":[110,116],"tags":[],"class_list":["post-10540","post","type-post","status-publish","format-standard","has-post-thumbnail","hentry","category-noticiasdestaque","category-politicaeeconomia"],"_links":{"self":[{"href":"https:\/\/jorgezanoni.com.br\/2019\/wp-json\/wp\/v2\/posts\/10540","targetHints":{"allow":["GET"]}}],"collection":[{"href":"https:\/\/jorgezanoni.com.br\/2019\/wp-json\/wp\/v2\/posts"}],"about":[{"href":"https:\/\/jorgezanoni.com.br\/2019\/wp-json\/wp\/v2\/types\/post"}],"author":[{"embeddable":true,"href":"https:\/\/jorgezanoni.com.br\/2019\/wp-json\/wp\/v2\/users\/1"}],"replies":[{"embeddable":true,"href":"https:\/\/jorgezanoni.com.br\/2019\/wp-json\/wp\/v2\/comments?post=10540"}],"version-history":[{"count":0,"href":"https:\/\/jorgezanoni.com.br\/2019\/wp-json\/wp\/v2\/posts\/10540\/revisions"}],"wp:featuredmedia":[{"embeddable":true,"href":"https:\/\/jorgezanoni.com.br\/2019\/wp-json\/wp\/v2\/media\/10541"}],"wp:attachment":[{"href":"https:\/\/jorgezanoni.com.br\/2019\/wp-json\/wp\/v2\/media?parent=10540"}],"wp:term":[{"taxonomy":"category","embeddable":true,"href":"https:\/\/jorgezanoni.com.br\/2019\/wp-json\/wp\/v2\/categories?post=10540"},{"taxonomy":"post_tag","embeddable":true,"href":"https:\/\/jorgezanoni.com.br\/2019\/wp-json\/wp\/v2\/tags?post=10540"}],"curies":[{"name":"wp","href":"https:\/\/api.w.org\/{rel}","templated":true}]}}