{"id":10526,"date":"2019-11-06T11:58:55","date_gmt":"2019-11-06T11:58:55","guid":{"rendered":"https:\/\/jorgezanoni.com.br\/2019\/?p=10526"},"modified":"2019-11-06T11:58:55","modified_gmt":"2019-11-06T11:58:55","slug":"alunos-do-curso-de-medicina-da-unifadra-fundec-participam-de-atividade-com-profissionais-da-unesp","status":"publish","type":"post","link":"https:\/\/jorgezanoni.com.br\/2019\/alunos-do-curso-de-medicina-da-unifadra-fundec-participam-de-atividade-com-profissionais-da-unesp\/","title":{"rendered":"Alunos do curso de Medicina da Unifadra\/Fundec participam de atividade com profissionais da Unesp"},"content":{"rendered":"<p style=\"font-weight: 400; text-align: justify;\">Nesta \u00faltima semana, os alunos do curso de Medicina e os professores Dr. Nivaldo Correia da Silva e Leonice Domingos dos Santos Cintra Lima da Unifadra\/Fundec receberam a equipe do Museu de Arqueologia Regional da Unesp de Presidente Prudente para a palestra Arqueologia Regional do Planalto Ocidental Paulista e\u00a0para a\u00a0oficina de pintura de cer\u00e2mica\u00a0guarani.<\/p>\n<p style=\"font-weight: 400; text-align: justify;\">A equipe da Unesp \u00e9 liderada pela professora livre docente Neide Barroca Faccio. Na palestra, os acad\u00eamicos tiveram a oportunidade de conhecer a hist\u00f3ria e as singularidades culturais que marcam as popula\u00e7\u00f5es\u00a0Tupi-Guarani,\u00a0Kaingang\u00a0e\u00a0Kaiapo e outras na\u00e7\u00f5es aut\u00f3ctones, as primeiras a habitar a regi\u00e3o do Oeste\u00a0Paulista.<\/p>\n<p style=\"font-weight: 400; text-align: justify;\">Os achados pr\u00e9-hist\u00f3ricos representados por cer\u00e2micas, pedras lascadas e pedras polidas em s\u00edtios arqueol\u00f3gicos realizados pelos pesquisadores permitem, segundo a docente, afirmar a presen\u00e7a desses povos em contextos datados\u00a0de 250 a 1668 anos\u00a0atr\u00e1s.<\/p>\n<p style=\"font-weight: 400; text-align: justify;\">Na segunda etapa do encontro, os alunos tiveram a oportunidade de exercer suas habilidades na oficina de pintura de cer\u00e2mica\u00a0guarani.<\/p>\n<p style=\"font-weight: 400; text-align: justify;\">\u201cFoi muito bom.\u00a0Eu tinha habilidades de pintar, mas havia abandonado. Esse \u00e9 um \u00f3timo momento para ter contato com a tinta novamente\u201d, comentou o aluno Jos\u00e9 Henrique Lobo.<\/p>\n<p style=\"font-weight: 400; text-align: justify;\">J\u00e1 a aluna Ana Laura Ester Silva de Castro disse que a atividade agregou conhecimento e riqueza cultural.<\/p>\n<p style=\"font-weight: 400; text-align: justify;\">A programa\u00e7\u00e3o ainda contou com a atividade f\u00edlmica a respeito de quest\u00f5es raciais. O filme \u201cBem-vindo a Marly Gomont\u201d conta a hist\u00f3ria de um m\u00e9dico congol\u00eas que se muda para uma pequena cidade na Fran\u00e7a que lhe ofereceu uma imperd\u00edvel oportunidade de trabalho. Zancoto, personagem principal do filme, tem que vencer o preconceito e as barreiras culturais para vencer.<\/p>\n<p style=\"font-weight: 400; text-align: justify;\"><em>Fernando Nunes<\/em><\/p>\n<p style=\"font-weight: 400; text-align: justify;\">Diretor de Comunica\u00e7\u00e3o Fundec<\/p>\n<p style=\"text-align: justify;\">Foto: Alunos do curso de Medicina da Unifadra Dracena<\/p>\n","protected":false},"excerpt":{"rendered":"<p>Nesta \u00faltima semana, os alunos do curso de Medicina e os professores Dr. Nivaldo Correia da Silva e Leonice Domingos dos Santos Cintra Lima da Unifadra\/Fundec receberam a equipe do Museu de Arqueologia Regional da Unesp de Presidente Prudente para a palestra Arqueologia Regional do Planalto Ocidental Paulista e\u00a0para a\u00a0oficina de pintura de cer\u00e2mica\u00a0guarani. A [&hellip;]<\/p>\n","protected":false},"author":1,"featured_media":10527,"comment_status":"closed","ping_status":"open","sticky":false,"template":"","format":"standard","meta":{"footnotes":""},"categories":[122],"tags":[],"class_list":["post-10526","post","type-post","status-publish","format-standard","has-post-thumbnail","hentry","category-saudeeducacaoeconcurso"],"_links":{"self":[{"href":"https:\/\/jorgezanoni.com.br\/2019\/wp-json\/wp\/v2\/posts\/10526","targetHints":{"allow":["GET"]}}],"collection":[{"href":"https:\/\/jorgezanoni.com.br\/2019\/wp-json\/wp\/v2\/posts"}],"about":[{"href":"https:\/\/jorgezanoni.com.br\/2019\/wp-json\/wp\/v2\/types\/post"}],"author":[{"embeddable":true,"href":"https:\/\/jorgezanoni.com.br\/2019\/wp-json\/wp\/v2\/users\/1"}],"replies":[{"embeddable":true,"href":"https:\/\/jorgezanoni.com.br\/2019\/wp-json\/wp\/v2\/comments?post=10526"}],"version-history":[{"count":0,"href":"https:\/\/jorgezanoni.com.br\/2019\/wp-json\/wp\/v2\/posts\/10526\/revisions"}],"wp:featuredmedia":[{"embeddable":true,"href":"https:\/\/jorgezanoni.com.br\/2019\/wp-json\/wp\/v2\/media\/10527"}],"wp:attachment":[{"href":"https:\/\/jorgezanoni.com.br\/2019\/wp-json\/wp\/v2\/media?parent=10526"}],"wp:term":[{"taxonomy":"category","embeddable":true,"href":"https:\/\/jorgezanoni.com.br\/2019\/wp-json\/wp\/v2\/categories?post=10526"},{"taxonomy":"post_tag","embeddable":true,"href":"https:\/\/jorgezanoni.com.br\/2019\/wp-json\/wp\/v2\/tags?post=10526"}],"curies":[{"name":"wp","href":"https:\/\/api.w.org\/{rel}","templated":true}]}}