{"id":10523,"date":"2019-11-06T11:48:31","date_gmt":"2019-11-06T11:48:31","guid":{"rendered":"https:\/\/jorgezanoni.com.br\/2019\/?p=10523"},"modified":"2019-11-06T11:48:31","modified_gmt":"2019-11-06T11:48:31","slug":"politicagem-ditos-cujos-e-desencontros-na-provincia1","status":"publish","type":"post","link":"https:\/\/jorgezanoni.com.br\/2019\/politicagem-ditos-cujos-e-desencontros-na-provincia1\/","title":{"rendered":"Politicagem, &#8220;ditos cujos&#8221; e desencontros na Prov\u00edncia(1)&#8230;"},"content":{"rendered":"<p style=\"text-align: justify;\"><strong>Politicagem, &#8220;ditos cujos&#8221; e desencontros na Prov\u00edncia<\/strong><strong>(1)<\/strong><strong>&#8230;<\/strong><\/p>\n<p style=\"text-align: justify;\"><em>&#8220;Macaco continua sendo macaco, mesmo que use ins\u00edgnias de ouro.&#8221; (Luciano)<\/em><\/p>\n<p style=\"text-align: justify;\"><strong><em>S\u00e9rgio Barbosa <\/em><\/strong><\/p>\n<p style=\"text-align: justify;\">De uma coisa se pode ter ou n\u00e3o certeza, como sempre, depende sempre do olhar deste ou do outro lado, ainda mais quando se trata de tentar entender os provincianos de sempre, ou seja, aquela turma que continua na mesmice de sempre&#8230;<\/p>\n<p style=\"text-align: justify;\">Os ditos que na maioria das vezes est\u00e3o mais para &#8220;cujos&#8221; do que outras coisas desta mesma coisa teimam em querer ser o que nunca v\u00e3o ser, ainda mais em terras provincianas&#8230;<\/p>\n<p style=\"text-align: justify;\">Por\u00e9m, &#8220;A C\u00e9sar o que \u00e9 de C\u00e9sar&#8221; afirmou o profeta do outro tempo, portanto, n\u00e3o se pode querer entender o que n\u00e3o conseguem ver de si mesmos, todavia, n\u00e3o se pode deixar de lado que essa turma continua &#8220;patinando no mesmo lugar&#8221;&#8230;<\/p>\n<p style=\"text-align: justify;\">As esquinas, ruas, avenidas e outros cantos provincianos est\u00e3o abarrotados destas pessoas que parecem n\u00e3o entender, ou melhor, est\u00e3o sempre nos mesmos lugares de sempre e com as mesmas conversas&#8230;<\/p>\n<p style=\"text-align: justify;\">Pode-se tentar entender tais provincianos, por\u00e9m, fica mais do que complicado compreender os &#8220;ditos cujos&#8221;, entretanto, cada qual com suas neuroses que pode ser individual ou coletiva&#8230;<\/p>\n<p style=\"text-align: justify;\">Diz o dito popular tupiniquim que &#8220;uma andorinha s\u00f3 n\u00e3o faz ver\u00e3o&#8221;, assim, tais provincianos se sentem mais a vontade quando est\u00e3o em grupos de dois ou mais pessoas, se bem que existe um ou outro que sozinho consegue fazer um estrago consider\u00e1vel com suas &#8220;pseudas&#8221; coloca\u00e7\u00f5es sobre tudo e todos&#8230;<\/p>\n<p style=\"text-align: justify;\">Tamb\u00e9m, n\u00e3o se pode esquecer que do outro lado provinciano, ou seja, nos lados das denominadas &#8220;paredes alvas&#8221;, pra variar, em tempo de campanha eleitoral, predomina a opress\u00e3o por meio da repress\u00e3o para um dos lados, aquele que representa a turma do &#8220;milh\u00e3o&#8221; (sic)&#8230;<\/p>\n<p style=\"text-align: justify;\">Nestes ocasos do poder que continua se colocando acima do &#8220;bem e do mal&#8221;, pode-se afirmar que os mesmos est\u00e3o fincando o p\u00e9 naquele personagem dos &#8220;desenhos animados&#8221; que afirma: &#8220;Eu tenho a for\u00e7aaaaaaaaaaa&#8230;.&#8221;<\/p>\n<p style=\"text-align: justify;\">Neste cen\u00e1rio mais do que provinciano, pode se sair com outra m\u00e1xima do pensador da filosofia que afirmou: &#8220;s\u00f3 sei que nada sei&#8221;&#8230;<\/p>\n<p style=\"text-align: justify;\">O contexto poder ser plural para um dos lados deste confronto que est\u00e3o al\u00e9m da Prov\u00edncia, talvez, para daqui dois anos em outra elei\u00e7\u00e3o, isso \u00e9, se levarem desta vez, tendo em vista que da outra vez, ficaram a &#8220;ver navios&#8221;&#8230;<\/p>\n<p style=\"text-align: justify;\">Desta vez, espero que &#8220;Dom Sebasti\u00e3o&#8221; continue na boca de espera e que tal desencontro possa continuar para que os provincianos possam acertar na escolha nestas elei\u00e7\u00f5es para o executivo e legislativo municipal&#8230;<\/p>\n<p style=\"text-align: justify;\">Querer o poder pode ser uma op\u00e7\u00e3o para todos os lados nesta Campanha Eleitoral, por\u00e9m, a conquista pelo voto pode representar muitos desafios, al\u00e9m do mais ou de menos, o poder econ\u00f4mico pode fazer a diferen\u00e7a para um dos lados, mesmo assim, quem colocar aperta o bot\u00e3o na urna eletr\u00f4nica \u00e9 o\/a eleitor\/a&#8230;<\/p>\n<p style=\"text-align: justify;\">Ah! estava esquecendo-se daquela turma de provincianos que est\u00e3o sempre rodando de um lado para o outro aqui e ali, pra variar, quase sempre sem rumo, mesmo assim, ainda se sentem importantes para alguma coisa sem essa coisa&#8230;<\/p>\n<p style=\"text-align: justify;\">Quem viver vai ver&#8230;<\/p>\n<p style=\"text-align: justify;\"><em>______________________________________<\/em><\/p>\n<p style=\"text-align: justify;\"><strong><em>(*) Jornalista Diplomado.<\/em><\/strong><\/p>\n<p style=\"text-align: justify;\"><strong><em>(1) PROV\u00cdNCIA pode ser qualquer cidade do interior deste PA\u00cdS DO FAZ DE CONTA&#8230;<\/em><\/strong><\/p>\n","protected":false},"excerpt":{"rendered":"<p>Politicagem, &#8220;ditos cujos&#8221; e desencontros na Prov\u00edncia(1)&#8230; &#8220;Macaco continua sendo macaco, mesmo que use ins\u00edgnias de ouro.&#8221; (Luciano) S\u00e9rgio Barbosa De uma coisa se pode ter ou n\u00e3o certeza, como sempre, depende sempre do olhar deste ou do outro lado, ainda mais quando se trata de tentar entender os provincianos de sempre, ou seja, aquela [&hellip;]<\/p>\n","protected":false},"author":1,"featured_media":10524,"comment_status":"closed","ping_status":"open","sticky":false,"template":"","format":"standard","meta":{"footnotes":""},"categories":[175],"tags":[],"class_list":["post-10523","post","type-post","status-publish","format-standard","has-post-thumbnail","hentry","category-artigos"],"_links":{"self":[{"href":"https:\/\/jorgezanoni.com.br\/2019\/wp-json\/wp\/v2\/posts\/10523","targetHints":{"allow":["GET"]}}],"collection":[{"href":"https:\/\/jorgezanoni.com.br\/2019\/wp-json\/wp\/v2\/posts"}],"about":[{"href":"https:\/\/jorgezanoni.com.br\/2019\/wp-json\/wp\/v2\/types\/post"}],"author":[{"embeddable":true,"href":"https:\/\/jorgezanoni.com.br\/2019\/wp-json\/wp\/v2\/users\/1"}],"replies":[{"embeddable":true,"href":"https:\/\/jorgezanoni.com.br\/2019\/wp-json\/wp\/v2\/comments?post=10523"}],"version-history":[{"count":0,"href":"https:\/\/jorgezanoni.com.br\/2019\/wp-json\/wp\/v2\/posts\/10523\/revisions"}],"wp:featuredmedia":[{"embeddable":true,"href":"https:\/\/jorgezanoni.com.br\/2019\/wp-json\/wp\/v2\/media\/10524"}],"wp:attachment":[{"href":"https:\/\/jorgezanoni.com.br\/2019\/wp-json\/wp\/v2\/media?parent=10523"}],"wp:term":[{"taxonomy":"category","embeddable":true,"href":"https:\/\/jorgezanoni.com.br\/2019\/wp-json\/wp\/v2\/categories?post=10523"},{"taxonomy":"post_tag","embeddable":true,"href":"https:\/\/jorgezanoni.com.br\/2019\/wp-json\/wp\/v2\/tags?post=10523"}],"curies":[{"name":"wp","href":"https:\/\/api.w.org\/{rel}","templated":true}]}}