{"id":10490,"date":"2019-11-06T00:35:42","date_gmt":"2019-11-06T00:35:42","guid":{"rendered":"https:\/\/jorgezanoni.com.br\/2019\/?p=10490"},"modified":"2019-11-06T00:35:42","modified_gmt":"2019-11-06T00:35:42","slug":"vendaval-arranca-cobertura-das-barracas-das-entidades-no-poliesportivo","status":"publish","type":"post","link":"https:\/\/jorgezanoni.com.br\/2019\/vendaval-arranca-cobertura-das-barracas-das-entidades-no-poliesportivo\/","title":{"rendered":"Vendaval arranca cobertura das barracas das entidades no Poliesportivo"},"content":{"rendered":"<h2 class=\"subtitulo\" style=\"text-align: justify;\"><strong>Cobertura \u00e9 arrancada pelos ventos e lan\u00e7ada para fora do Recinto Poliesportivo.<\/strong><\/h2>\n<p><img loading=\"lazy\" decoding=\"async\" class=\"alignnone size-full wp-image-10491\" src=\"https:\/\/jorgezanoni.com.br\/2019\/wp-content\/uploads\/2019\/11\/Poli1.jpg\" alt=\"\" width=\"4032\" height=\"3024\" srcset=\"https:\/\/jorgezanoni.com.br\/2019\/wp-content\/uploads\/2019\/11\/Poli1.jpg 4032w, https:\/\/jorgezanoni.com.br\/2019\/wp-content\/uploads\/2019\/11\/Poli1-300x225.jpg 300w, https:\/\/jorgezanoni.com.br\/2019\/wp-content\/uploads\/2019\/11\/Poli1-768x576.jpg 768w, https:\/\/jorgezanoni.com.br\/2019\/wp-content\/uploads\/2019\/11\/Poli1-1024x768.jpg 1024w, https:\/\/jorgezanoni.com.br\/2019\/wp-content\/uploads\/2019\/11\/Poli1-80x60.jpg 80w, https:\/\/jorgezanoni.com.br\/2019\/wp-content\/uploads\/2019\/11\/Poli1-265x198.jpg 265w, https:\/\/jorgezanoni.com.br\/2019\/wp-content\/uploads\/2019\/11\/Poli1-696x522.jpg 696w, https:\/\/jorgezanoni.com.br\/2019\/wp-content\/uploads\/2019\/11\/Poli1-1068x801.jpg 1068w, https:\/\/jorgezanoni.com.br\/2019\/wp-content\/uploads\/2019\/11\/Poli1-560x420.jpg 560w\" sizes=\"auto, (max-width: 4032px) 100vw, 4032px\" \/><\/p>\n<p style=\"font-weight: 400; text-align: justify;\">Uma rajada de vento destruiu completamente a cobertura das barracas das entidades assistenciais no Recinto Poliesportivo, no come\u00e7o da tarde desta ter\u00e7a-feira (5). As rajadas de vento que atingiram a cidade foram previstas por diversos servi\u00e7os meteorol\u00f3gicos, publicadas no final da manh\u00e3 pelo Siga Mais.<\/p>\n<p><img loading=\"lazy\" decoding=\"async\" class=\"alignnone size-full wp-image-10492\" src=\"https:\/\/jorgezanoni.com.br\/2019\/wp-content\/uploads\/2019\/11\/poli2.jpg\" alt=\"\" width=\"4032\" height=\"3024\" srcset=\"https:\/\/jorgezanoni.com.br\/2019\/wp-content\/uploads\/2019\/11\/poli2.jpg 4032w, https:\/\/jorgezanoni.com.br\/2019\/wp-content\/uploads\/2019\/11\/poli2-300x225.jpg 300w, https:\/\/jorgezanoni.com.br\/2019\/wp-content\/uploads\/2019\/11\/poli2-768x576.jpg 768w, https:\/\/jorgezanoni.com.br\/2019\/wp-content\/uploads\/2019\/11\/poli2-1024x768.jpg 1024w, https:\/\/jorgezanoni.com.br\/2019\/wp-content\/uploads\/2019\/11\/poli2-80x60.jpg 80w, https:\/\/jorgezanoni.com.br\/2019\/wp-content\/uploads\/2019\/11\/poli2-265x198.jpg 265w, https:\/\/jorgezanoni.com.br\/2019\/wp-content\/uploads\/2019\/11\/poli2-696x522.jpg 696w, https:\/\/jorgezanoni.com.br\/2019\/wp-content\/uploads\/2019\/11\/poli2-1068x801.jpg 1068w, https:\/\/jorgezanoni.com.br\/2019\/wp-content\/uploads\/2019\/11\/poli2-560x420.jpg 560w\" sizes=\"auto, (max-width: 4032px) 100vw, 4032px\" \/><\/p>\n<p style=\"font-weight: 400; text-align: justify;\">Os ventos atingiram as barracas das entidades assistenciais IAMA, Casa do Garoto, Apae e Casa da Sopa, e removeram toda a cobertura, arrancando inclusive colunas de concreto que sustentavam a estrutura, sendo lan\u00e7adas em seguida para a \u00e1rea externa do Recinto Poliesportivo, na Rua Walter Meneghin.<\/p>\n<p><img loading=\"lazy\" decoding=\"async\" class=\"alignnone size-full wp-image-10493\" src=\"https:\/\/jorgezanoni.com.br\/2019\/wp-content\/uploads\/2019\/11\/poli3.jpg\" alt=\"\" width=\"4032\" height=\"3024\" srcset=\"https:\/\/jorgezanoni.com.br\/2019\/wp-content\/uploads\/2019\/11\/poli3.jpg 4032w, https:\/\/jorgezanoni.com.br\/2019\/wp-content\/uploads\/2019\/11\/poli3-300x225.jpg 300w, https:\/\/jorgezanoni.com.br\/2019\/wp-content\/uploads\/2019\/11\/poli3-768x576.jpg 768w, https:\/\/jorgezanoni.com.br\/2019\/wp-content\/uploads\/2019\/11\/poli3-1024x768.jpg 1024w, https:\/\/jorgezanoni.com.br\/2019\/wp-content\/uploads\/2019\/11\/poli3-80x60.jpg 80w, https:\/\/jorgezanoni.com.br\/2019\/wp-content\/uploads\/2019\/11\/poli3-265x198.jpg 265w, https:\/\/jorgezanoni.com.br\/2019\/wp-content\/uploads\/2019\/11\/poli3-696x522.jpg 696w, https:\/\/jorgezanoni.com.br\/2019\/wp-content\/uploads\/2019\/11\/poli3-1068x801.jpg 1068w, https:\/\/jorgezanoni.com.br\/2019\/wp-content\/uploads\/2019\/11\/poli3-560x420.jpg 560w\" sizes=\"auto, (max-width: 4032px) 100vw, 4032px\" \/><\/p>\n<p style=\"text-align: justify;\">Na\u00a0Rua Walter Meneghin, a cobertura atingiu postes da rede de energia el\u00e9trica, rompendo a fia\u00e7\u00e3o. Um poste tamb\u00e9m ficou completamente destru\u00eddo em raz\u00e3o do impacto das ferragens.<\/p>\n<p style=\"font-weight: 400; text-align: justify;\">Placas met\u00e1licas tamb\u00e9m foram lan\u00e7adas em \u00e1rvores que margeiam o clube da terceira idade instalado no outro lado da Rua Walter Meneghin. A vegeta\u00e7\u00e3o evitou que detritos fossem lan\u00e7ados no clube. Ningu\u00e9m se feriu, sendo registrados apenas danos materiais.<\/p>\n<p><img loading=\"lazy\" decoding=\"async\" class=\"alignnone size-full wp-image-10494\" src=\"https:\/\/jorgezanoni.com.br\/2019\/wp-content\/uploads\/2019\/11\/Poli4.jpg\" alt=\"\" width=\"4032\" height=\"3024\" srcset=\"https:\/\/jorgezanoni.com.br\/2019\/wp-content\/uploads\/2019\/11\/Poli4.jpg 4032w, https:\/\/jorgezanoni.com.br\/2019\/wp-content\/uploads\/2019\/11\/Poli4-300x225.jpg 300w, https:\/\/jorgezanoni.com.br\/2019\/wp-content\/uploads\/2019\/11\/Poli4-768x576.jpg 768w, https:\/\/jorgezanoni.com.br\/2019\/wp-content\/uploads\/2019\/11\/Poli4-1024x768.jpg 1024w, https:\/\/jorgezanoni.com.br\/2019\/wp-content\/uploads\/2019\/11\/Poli4-80x60.jpg 80w, https:\/\/jorgezanoni.com.br\/2019\/wp-content\/uploads\/2019\/11\/Poli4-265x198.jpg 265w, https:\/\/jorgezanoni.com.br\/2019\/wp-content\/uploads\/2019\/11\/Poli4-696x522.jpg 696w, https:\/\/jorgezanoni.com.br\/2019\/wp-content\/uploads\/2019\/11\/Poli4-1068x801.jpg 1068w, https:\/\/jorgezanoni.com.br\/2019\/wp-content\/uploads\/2019\/11\/Poli4-560x420.jpg 560w\" sizes=\"auto, (max-width: 4032px) 100vw, 4032px\" \/><\/p>\n<p style=\"font-weight: 400; text-align: justify;\">Ap\u00f3s a divulga\u00e7\u00e3o dos estragos, representantes das entidades assistenciais come\u00e7aram a se dirigir ao Recinto Poliesportivo para avalia\u00e7\u00e3o dos estragos. Equipes da Prefeitura de Adamantina tamb\u00e9m se mobilizaram no local, para a completa interdi\u00e7\u00e3o da Rua Walter Meneghin e isolamento da \u00e1rea dos preju\u00edzos.<\/p>\n<p style=\"font-weight: 400; text-align: justify;\"><b><strong>Outros estragos<\/strong><\/b><\/p>\n<p style=\"font-weight: 400; text-align: justify;\">A rajada de vento fez outros estragos pela cidade. Na regi\u00e3o ap\u00f3s a Casa do Garoto, algumas casas do Residencial Alian\u00e7a e do EcoVille 1 tiveram as telhas do beiral removidas pela ventania. Moradores do Residencial Alian\u00e7a e trabalhadores da obra do EcoVille 1 j\u00e1 se mobilizaram para a reposi\u00e7\u00e3o das telhas.<\/p>\n<p style=\"font-weight: 400; text-align: justify;\">Foram registradas ainda queda de galhos e \u00e1rvores em pontos da cidade onde a rajada de vento atuou com mais for\u00e7a.<\/p>\n<p style=\"font-weight: 400; text-align: justify;\"><b><strong>Regi\u00f5es da cidade tiveram impactos diferentes<\/strong><\/b><\/p>\n<p style=\"font-weight: 400; text-align: justify;\">Enquanto a regi\u00e3o do Poliesportivo e Casa do Garoto sofreu com a for\u00e7a dos ventos, em outras \u00e1reas da cidade a chuva se colocou mais intensa. Em outras localidades, como na regi\u00e3o do Conjunto M\u00e1rio Covas 1, as chuvas e ventos foram m\u00ednimos.<\/p>\n<p style=\"text-align: justify;\">Fonte: sigamais.com<\/p>\n","protected":false},"excerpt":{"rendered":"<p>Cobertura \u00e9 arrancada pelos ventos e lan\u00e7ada para fora do Recinto Poliesportivo. Uma rajada de vento destruiu completamente a cobertura das barracas das entidades assistenciais no Recinto Poliesportivo, no come\u00e7o da tarde desta ter\u00e7a-feira (5). As rajadas de vento que atingiram a cidade foram previstas por diversos servi\u00e7os meteorol\u00f3gicos, publicadas no final da manh\u00e3 pelo [&hellip;]<\/p>\n","protected":false},"author":1,"featured_media":10495,"comment_status":"closed","ping_status":"open","sticky":false,"template":"","format":"standard","meta":{"footnotes":""},"categories":[195,179,110],"tags":[],"class_list":["post-10490","post","type-post","status-publish","format-standard","has-post-thumbnail","hentry","category-adamantina","category-cidadeseregiao","category-noticiasdestaque"],"_links":{"self":[{"href":"https:\/\/jorgezanoni.com.br\/2019\/wp-json\/wp\/v2\/posts\/10490","targetHints":{"allow":["GET"]}}],"collection":[{"href":"https:\/\/jorgezanoni.com.br\/2019\/wp-json\/wp\/v2\/posts"}],"about":[{"href":"https:\/\/jorgezanoni.com.br\/2019\/wp-json\/wp\/v2\/types\/post"}],"author":[{"embeddable":true,"href":"https:\/\/jorgezanoni.com.br\/2019\/wp-json\/wp\/v2\/users\/1"}],"replies":[{"embeddable":true,"href":"https:\/\/jorgezanoni.com.br\/2019\/wp-json\/wp\/v2\/comments?post=10490"}],"version-history":[{"count":0,"href":"https:\/\/jorgezanoni.com.br\/2019\/wp-json\/wp\/v2\/posts\/10490\/revisions"}],"wp:featuredmedia":[{"embeddable":true,"href":"https:\/\/jorgezanoni.com.br\/2019\/wp-json\/wp\/v2\/media\/10495"}],"wp:attachment":[{"href":"https:\/\/jorgezanoni.com.br\/2019\/wp-json\/wp\/v2\/media?parent=10490"}],"wp:term":[{"taxonomy":"category","embeddable":true,"href":"https:\/\/jorgezanoni.com.br\/2019\/wp-json\/wp\/v2\/categories?post=10490"},{"taxonomy":"post_tag","embeddable":true,"href":"https:\/\/jorgezanoni.com.br\/2019\/wp-json\/wp\/v2\/tags?post=10490"}],"curies":[{"name":"wp","href":"https:\/\/api.w.org\/{rel}","templated":true}]}}