{"id":1049,"date":"2019-07-19T21:27:18","date_gmt":"2019-07-19T21:27:18","guid":{"rendered":"http:\/\/jorgezanoni.com.br\/2019\/?p=1049"},"modified":"2019-07-19T21:27:18","modified_gmt":"2019-07-19T21:27:18","slug":"fao-e-paises-lusofonos-querem-impulsionar-agricultura-familiar","status":"publish","type":"post","link":"https:\/\/jorgezanoni.com.br\/2019\/fao-e-paises-lusofonos-querem-impulsionar-agricultura-familiar\/","title":{"rendered":"FAO e pa\u00edses lus\u00f3fonos querem impulsionar agricultura familiar"},"content":{"rendered":"<h2 class=\"newsEditoria txtInternacional\"><strong><a href=\"http:\/\/agenciabrasil.ebc.com.br\/internacional\">Internacional<\/a><\/strong><\/h2>\n<h3><strong>Centro de treinamento ter\u00e1 sede em S\u00e3o Tom\u00e9 e Pr\u00edncipe<\/strong><\/h3>\n<p>A Comunidade dos Pa\u00edses de L\u00edngua Portuguesa (CPLP) e a Organiza\u00e7\u00e3o das Na\u00e7\u00f5es Unidas para a Alimenta\u00e7\u00e3o e a Agricultura (FAO) anunciaram nesta quinta-feira (18) a cria\u00e7\u00e3o de um centro de treinamento para promover a agricultura familiar sustent\u00e1vel. Com sede em S\u00e3o Tom\u00e9 e Pr\u00edncipe, a institui\u00e7\u00e3o vai promover trocas de conhecimento entre t\u00e9cnicos, professores de escolas agr\u00edcolas e pequenos produtores.<\/p>\n<p>O projeto dos dois organismos internacionais tem investimentos estimados em 400 mil d\u00f3lares. Um dos principais objetivos das atividades de forma\u00e7\u00e3o ser\u00e1 impulsionar a participa\u00e7\u00e3o dos pequenos produtores e t\u00e9cnicos rurais na formula\u00e7\u00e3o de leis sobre agroecologia e agricultura familiar.<\/p>\n<p>O centro tamb\u00e9m vai estimular a capacita\u00e7\u00e3o em temas como tecnologias de processamento e armazenamento de alimentos e acesso a mercados de valor agregado para os produtos da agricultura familiar. Entre as cadeias produtivas visadas pela institui\u00e7\u00e3o est\u00e3o as da mandioca, caf\u00e9, cacau, caju, peixe, carne e latic\u00ednios, al\u00e9m de frutas e vegetais.<\/p>\n<p>A CPLP \u00e9 formada por Angola, Brasil, Cabo Verde, Guin\u00e9-Bissau, Mo\u00e7ambique, Portugal, S\u00e3o Tom\u00e9 e Pr\u00edncipe, Guin\u00e9 Equatorial e Timor-Leste. Somadas, as popula\u00e7\u00f5es desses pa\u00edses chegam a mais de 285 milh\u00f5es de pessoas.<\/p>\n<p>O brasileiro Jos\u00e9 Graziano termina neste m\u00eas de julho o seu\u00a0segundo mandato de diretor-geral da FAO &#8211;\u00a0<strong>Elza Fiuza\/Ag\u00eancia Brasil<\/strong><img loading=\"lazy\" decoding=\"async\" class=\"alignnone size-full wp-image-1050\" src=\"http:\/\/jorgezanoni.com.br\/2019\/wp-content\/uploads\/2019\/07\/grazi.jpg\" alt=\"\" width=\"754\" height=\"514\" srcset=\"https:\/\/jorgezanoni.com.br\/2019\/wp-content\/uploads\/2019\/07\/grazi.jpg 754w, https:\/\/jorgezanoni.com.br\/2019\/wp-content\/uploads\/2019\/07\/grazi-300x205.jpg 300w, https:\/\/jorgezanoni.com.br\/2019\/wp-content\/uploads\/2019\/07\/grazi-218x150.jpg 218w, https:\/\/jorgezanoni.com.br\/2019\/wp-content\/uploads\/2019\/07\/grazi-696x474.jpg 696w, https:\/\/jorgezanoni.com.br\/2019\/wp-content\/uploads\/2019\/07\/grazi-616x420.jpg 616w\" sizes=\"auto, (max-width: 754px) 100vw, 754px\" \/><\/p>\n<p>O brasileiro Jos\u00e9 Graziano termina neste m\u00eas de julho o seu\u00a0segundo mandato de diretor-geral da FAO &#8211;\u00a0<strong>Elza Fiuza\/Ag\u00eancia Brasil<\/strong><\/p>\n<h2>Mudan\u00e7as<\/h2>\n<p>\u201cN\u00e3o vamos mudar os sistemas alimentares (somente) com tecnologia, mas, em vez disso, precisamos fazer mudan\u00e7as nas leis e na pesquisa\u201d, afirmou o diretor-geral da FAO, Jos\u00e9 Graziano da Silva.<\/p>\n<p>Em Portugal, onde participa do evento Territ\u00f3rios Relevantes para um Mundo Sustent\u00e1vel, o dirigente defendeu que \u00e9 necess\u00e1rio \u201cabrir a janela da catedral da Revolu\u00e7\u00e3o Verde, para plantar a ideia de que um modelo mais sustent\u00e1vel e respons\u00e1vel de produ\u00e7\u00e3o e consumo \u00e9 poss\u00edvel\u201d.<\/p>\n<p>A Revolu\u00e7\u00e3o Verde \u00e9 a express\u00e3o utilizada para se referir aos avan\u00e7os do setor agr\u00edcola em meados do s\u00e9culo XX, quando o uso de novas tecnologias, m\u00e1quinas, fertilizantes e pesticidas gerou ganhos impressionantes de produ\u00e7\u00e3o, sobretudo nos pa\u00edses em desenvolvimento.<\/p>\n<p>Segundo Graziano, a Revolu\u00e7\u00e3o Verde \u201calcan\u00e7ou os seus limites e \u00e9 hora de implementar diferentes modelos para combater a fome e a obesidade crescentes\u201d.<\/p>\n<h2>Coes\u00e3o social<\/h2>\n<p>A FAO e os pa\u00edses lus\u00f3fonos consideram que o bem-estar dos pequenos produtores e dos agricultores familiares \u00e9 fundamental para a coes\u00e3o social, o desenvolvimento rural e a preserva\u00e7\u00e3o dos ecossistemas.<\/p>\n<p>A agricultura familiar e a agroecologia t\u00eam um papel proeminente na Estrat\u00e9gia Regional da CPLP para a Seguran\u00e7a Alimentar e Nutricional. Esse marco foi adotado por chefes de Estado e Governo dos pa\u00edses-membros em 2012, para enfrentar a fome e a m\u00e1 nutri\u00e7\u00e3o.<\/p>\n<p>As na\u00e7\u00f5es lus\u00f3fonas tamb\u00e9m tiveram um papel fundamental nos processos que levaram \u00e0 ado\u00e7\u00e3o da D\u00e9cada da ONU para a Agricultura Familiar (2019-2028) e da D\u00e9cada da ONU para a Nutri\u00e7\u00e3o (2016-2025).<\/p>\n<p>Desde 1999, a FAO e a comunidade lingu\u00edstica portuguesa trabalham juntas em diversos projetos de desenvolvimento. Iniciativas futuras est\u00e3o previstas nas \u00e1reas de pol\u00edticas sobre dietas, agroecologia e a promo\u00e7\u00e3o dos sistemas agr\u00edcolas que s\u00e3o considerados patrim\u00f4nios de import\u00e2ncia global.<\/p>\n<p>Fonte: Ag\u00eancia Brasil<\/p>\n<p>&nbsp;<\/p>\n<p>&nbsp;<\/p>\n<h1><\/h1>\n","protected":false},"excerpt":{"rendered":"<p>Internacional Centro de treinamento ter\u00e1 sede em S\u00e3o Tom\u00e9 e Pr\u00edncipe A Comunidade dos Pa\u00edses de L\u00edngua Portuguesa (CPLP) e a Organiza\u00e7\u00e3o das Na\u00e7\u00f5es Unidas para a Alimenta\u00e7\u00e3o e a Agricultura (FAO) anunciaram nesta quinta-feira (18) a cria\u00e7\u00e3o de um centro de treinamento para promover a agricultura familiar sustent\u00e1vel. Com sede em S\u00e3o Tom\u00e9 e [&hellip;]<\/p>\n","protected":false},"author":1,"featured_media":1051,"comment_status":"open","ping_status":"open","sticky":false,"template":"","format":"standard","meta":{"footnotes":""},"categories":[1],"tags":[],"class_list":["post-1049","post","type-post","status-publish","format-standard","has-post-thumbnail","hentry","category-uncategorized"],"_links":{"self":[{"href":"https:\/\/jorgezanoni.com.br\/2019\/wp-json\/wp\/v2\/posts\/1049","targetHints":{"allow":["GET"]}}],"collection":[{"href":"https:\/\/jorgezanoni.com.br\/2019\/wp-json\/wp\/v2\/posts"}],"about":[{"href":"https:\/\/jorgezanoni.com.br\/2019\/wp-json\/wp\/v2\/types\/post"}],"author":[{"embeddable":true,"href":"https:\/\/jorgezanoni.com.br\/2019\/wp-json\/wp\/v2\/users\/1"}],"replies":[{"embeddable":true,"href":"https:\/\/jorgezanoni.com.br\/2019\/wp-json\/wp\/v2\/comments?post=1049"}],"version-history":[{"count":0,"href":"https:\/\/jorgezanoni.com.br\/2019\/wp-json\/wp\/v2\/posts\/1049\/revisions"}],"wp:featuredmedia":[{"embeddable":true,"href":"https:\/\/jorgezanoni.com.br\/2019\/wp-json\/wp\/v2\/media\/1051"}],"wp:attachment":[{"href":"https:\/\/jorgezanoni.com.br\/2019\/wp-json\/wp\/v2\/media?parent=1049"}],"wp:term":[{"taxonomy":"category","embeddable":true,"href":"https:\/\/jorgezanoni.com.br\/2019\/wp-json\/wp\/v2\/categories?post=1049"},{"taxonomy":"post_tag","embeddable":true,"href":"https:\/\/jorgezanoni.com.br\/2019\/wp-json\/wp\/v2\/tags?post=1049"}],"curies":[{"name":"wp","href":"https:\/\/api.w.org\/{rel}","templated":true}]}}