{"id":10487,"date":"2019-11-05T23:58:15","date_gmt":"2019-11-05T23:58:15","guid":{"rendered":"https:\/\/jorgezanoni.com.br\/2019\/?p=10487"},"modified":"2019-11-05T23:58:15","modified_gmt":"2019-11-05T23:58:15","slug":"x-ecap-da-unifadra-fundec-teve-inicio-hoje-com-palestra","status":"publish","type":"post","link":"https:\/\/jorgezanoni.com.br\/2019\/x-ecap-da-unifadra-fundec-teve-inicio-hoje-com-palestra\/","title":{"rendered":"X ECAP da UNIFADRA\/FUNDEC teve in\u00edcio hoje com palestra"},"content":{"rendered":"<p style=\"text-align: justify;\">O X ECAP (Encontro Cient\u00edfico da Alta Paulista) da UNIFADRA\/FUNDEC teve in\u00edcio hoje com palestra da professora Edna Bedani. Ela falou sobre a &#8220;Carreira na era Digital Desafios e Oportunidades&#8221;<\/p>\n<div id=\"fb-root\"><\/div>\n<p><script async=\"1\" defer=\"1\" crossorigin=\"anonymous\" src=\"https:\/\/connect.facebook.net\/en_US\/sdk.js#xfbml=1&amp;version=v5.0\"><\/script><\/p>\n<div class=\"fb-video\" data-href=\"https:\/\/www.facebook.com\/jorgezanonidracena\/videos\/431300470920693\/\" data-width=\"696\">\n<blockquote cite=\"https:\/\/www.facebook.com\/jorgezanonidracena\/videos\/431300470920693\/\" class=\"fb-xfbml-parse-ignore\"><p><a href=\"https:\/\/www.facebook.com\/jorgezanonidracena\/videos\/431300470920693\/\">X ECAP da UNIFADRA\/FUNDEC teve in\u00edcio hoje com palestra da professora Edna Bedani. 05\/11\/19<\/a><\/p>\n<p>X ECAP da UNIFADRA\/FUNDEC teve in\u00edcio hoje com palestra da professora Edna Bedani. 05\/11\/19<\/p>\n<p>Posted by <a href=\"https:\/\/www.facebook.com\/jorgezanonidracena\/\">Jorge Zanoni<\/a> on Tuesday, November 5, 2019<\/p><\/blockquote>\n<\/div>\n<p>Entrevistados: Prof. \u00canio Garbelini diretor acad\u00eamico da Unifadra, Prof. Edna Bedani uma das palestrantes da noite e Fernando Nunes diretor de comunica\u00e7\u00e3o da Unifadra\/Fundec<\/p>\n<p>&nbsp;<\/p>\n<p>&nbsp;<\/p>\n","protected":false},"excerpt":{"rendered":"<p>O X ECAP (Encontro Cient\u00edfico da Alta Paulista) da UNIFADRA\/FUNDEC teve in\u00edcio hoje com palestra da professora Edna Bedani. Ela falou sobre a &#8220;Carreira na era Digital Desafios e Oportunidades&#8221; X ECAP da UNIFADRA\/FUNDEC teve in\u00edcio hoje com palestra da professora Edna Bedani. 05\/11\/19 X ECAP da UNIFADRA\/FUNDEC teve in\u00edcio hoje com palestra da professora [&hellip;]<\/p>\n","protected":false},"author":1,"featured_media":10488,"comment_status":"closed","ping_status":"open","sticky":false,"template":"","format":"video","meta":{"footnotes":""},"categories":[169],"tags":[],"class_list":["post-10487","post","type-post","status-publish","format-video","has-post-thumbnail","hentry","category-videos","post_format-post-format-video"],"_links":{"self":[{"href":"https:\/\/jorgezanoni.com.br\/2019\/wp-json\/wp\/v2\/posts\/10487","targetHints":{"allow":["GET"]}}],"collection":[{"href":"https:\/\/jorgezanoni.com.br\/2019\/wp-json\/wp\/v2\/posts"}],"about":[{"href":"https:\/\/jorgezanoni.com.br\/2019\/wp-json\/wp\/v2\/types\/post"}],"author":[{"embeddable":true,"href":"https:\/\/jorgezanoni.com.br\/2019\/wp-json\/wp\/v2\/users\/1"}],"replies":[{"embeddable":true,"href":"https:\/\/jorgezanoni.com.br\/2019\/wp-json\/wp\/v2\/comments?post=10487"}],"version-history":[{"count":0,"href":"https:\/\/jorgezanoni.com.br\/2019\/wp-json\/wp\/v2\/posts\/10487\/revisions"}],"wp:featuredmedia":[{"embeddable":true,"href":"https:\/\/jorgezanoni.com.br\/2019\/wp-json\/wp\/v2\/media\/10488"}],"wp:attachment":[{"href":"https:\/\/jorgezanoni.com.br\/2019\/wp-json\/wp\/v2\/media?parent=10487"}],"wp:term":[{"taxonomy":"category","embeddable":true,"href":"https:\/\/jorgezanoni.com.br\/2019\/wp-json\/wp\/v2\/categories?post=10487"},{"taxonomy":"post_tag","embeddable":true,"href":"https:\/\/jorgezanoni.com.br\/2019\/wp-json\/wp\/v2\/tags?post=10487"}],"curies":[{"name":"wp","href":"https:\/\/api.w.org\/{rel}","templated":true}]}}