{"id":10463,"date":"2019-11-05T15:44:30","date_gmt":"2019-11-05T15:44:30","guid":{"rendered":"https:\/\/jorgezanoni.com.br\/2019\/?p=10463"},"modified":"2019-11-05T15:45:42","modified_gmt":"2019-11-05T15:45:42","slug":"moradores-do-bairro-emilio-zanata-reclamam-de-situacao-de-escada-de-acesso","status":"publish","type":"post","link":"https:\/\/jorgezanoni.com.br\/2019\/moradores-do-bairro-emilio-zanata-reclamam-de-situacao-de-escada-de-acesso\/","title":{"rendered":"Moradores do bairro Emilio Zanata reclamam de situa\u00e7\u00e3o de escada de acesso"},"content":{"rendered":"<p style=\"text-align: justify;\">Moradores do bairro Emilio Zanata reclamaram e a reportagem do Site JZ foi conferir a situa\u00e7\u00e3o da escada que d\u00e1 acesso para os moradores atrav\u00e9s da rua Assis Chateaubrind.<\/p>\n<p style=\"text-align: justify;\">Sujeira, escurid\u00e3o, muitas folhas com perigo de escorregar e at\u00e9 usu\u00e1rios que ficam pelo local, obrigam os mun\u00edcipes a darem a volta por outras entradas do bairro em local bem mais distante.<\/p>\n<p style=\"text-align: justify;\">Onde deveria ser usado por muitos alunos e trabalhadores, principalmente no per\u00edodo noturno, est\u00e1 impratic\u00e1vel, dada a precariedade como se encontra, e acaba gerando inclusive, muito medo nas pessoas.<\/p>\n<p style=\"text-align: justify;\">Segundo moradores teve vereador que foi contactado e prometeu provid\u00eancias, mas at\u00e9 agora n\u00e3o fez o prometido.<\/p>\n<p style=\"text-align: justify;\">Aproveitando a estada do Site no local, informamos que a guia de sarjeta tamb\u00e9m precisa ser arrumada, antes que acabe quebrando tudo e fique mais caro o conserto.<\/p>\n<p><img loading=\"lazy\" decoding=\"async\" class=\"alignnone size-full wp-image-10464\" src=\"https:\/\/jorgezanoni.com.br\/2019\/wp-content\/uploads\/2019\/11\/emilio1.jpg\" alt=\"\" width=\"581\" height=\"1032\" srcset=\"https:\/\/jorgezanoni.com.br\/2019\/wp-content\/uploads\/2019\/11\/emilio1.jpg 581w, https:\/\/jorgezanoni.com.br\/2019\/wp-content\/uploads\/2019\/11\/emilio1-169x300.jpg 169w, https:\/\/jorgezanoni.com.br\/2019\/wp-content\/uploads\/2019\/11\/emilio1-576x1024.jpg 576w, https:\/\/jorgezanoni.com.br\/2019\/wp-content\/uploads\/2019\/11\/emilio1-236x420.jpg 236w\" sizes=\"auto, (max-width: 581px) 100vw, 581px\" \/> <img loading=\"lazy\" decoding=\"async\" class=\"alignnone size-full wp-image-10465\" src=\"https:\/\/jorgezanoni.com.br\/2019\/wp-content\/uploads\/2019\/11\/emilio2.jpg\" alt=\"\" width=\"581\" height=\"1032\" srcset=\"https:\/\/jorgezanoni.com.br\/2019\/wp-content\/uploads\/2019\/11\/emilio2.jpg 581w, https:\/\/jorgezanoni.com.br\/2019\/wp-content\/uploads\/2019\/11\/emilio2-169x300.jpg 169w, https:\/\/jorgezanoni.com.br\/2019\/wp-content\/uploads\/2019\/11\/emilio2-576x1024.jpg 576w, https:\/\/jorgezanoni.com.br\/2019\/wp-content\/uploads\/2019\/11\/emilio2-236x420.jpg 236w\" sizes=\"auto, (max-width: 581px) 100vw, 581px\" \/> <img loading=\"lazy\" decoding=\"async\" class=\"alignnone size-full wp-image-10466\" src=\"https:\/\/jorgezanoni.com.br\/2019\/wp-content\/uploads\/2019\/11\/emilio3.jpg\" alt=\"\" width=\"581\" height=\"1032\" srcset=\"https:\/\/jorgezanoni.com.br\/2019\/wp-content\/uploads\/2019\/11\/emilio3.jpg 581w, https:\/\/jorgezanoni.com.br\/2019\/wp-content\/uploads\/2019\/11\/emilio3-169x300.jpg 169w, https:\/\/jorgezanoni.com.br\/2019\/wp-content\/uploads\/2019\/11\/emilio3-576x1024.jpg 576w, https:\/\/jorgezanoni.com.br\/2019\/wp-content\/uploads\/2019\/11\/emilio3-236x420.jpg 236w\" sizes=\"auto, (max-width: 581px) 100vw, 581px\" \/><\/p>\n<p style=\"text-align: justify;\">Jorge Zanoni<\/p>\n<p>&nbsp;<\/p>\n<p>&nbsp;<\/p>\n","protected":false},"excerpt":{"rendered":"<p>Moradores do bairro Emilio Zanata reclamaram e a reportagem do Site JZ foi conferir a situa\u00e7\u00e3o da escada que d\u00e1 acesso para os moradores atrav\u00e9s da rua Assis Chateaubrind. Sujeira, escurid\u00e3o, muitas folhas com perigo de escorregar e at\u00e9 usu\u00e1rios que ficam pelo local, obrigam os mun\u00edcipes a darem a volta por outras entradas do [&hellip;]<\/p>\n","protected":false},"author":1,"featured_media":10467,"comment_status":"closed","ping_status":"open","sticky":false,"template":"","format":"standard","meta":{"footnotes":""},"categories":[179,184,110],"tags":[],"class_list":["post-10463","post","type-post","status-publish","format-standard","has-post-thumbnail","hentry","category-cidadeseregiao","category-dracena","category-noticiasdestaque"],"_links":{"self":[{"href":"https:\/\/jorgezanoni.com.br\/2019\/wp-json\/wp\/v2\/posts\/10463","targetHints":{"allow":["GET"]}}],"collection":[{"href":"https:\/\/jorgezanoni.com.br\/2019\/wp-json\/wp\/v2\/posts"}],"about":[{"href":"https:\/\/jorgezanoni.com.br\/2019\/wp-json\/wp\/v2\/types\/post"}],"author":[{"embeddable":true,"href":"https:\/\/jorgezanoni.com.br\/2019\/wp-json\/wp\/v2\/users\/1"}],"replies":[{"embeddable":true,"href":"https:\/\/jorgezanoni.com.br\/2019\/wp-json\/wp\/v2\/comments?post=10463"}],"version-history":[{"count":0,"href":"https:\/\/jorgezanoni.com.br\/2019\/wp-json\/wp\/v2\/posts\/10463\/revisions"}],"wp:featuredmedia":[{"embeddable":true,"href":"https:\/\/jorgezanoni.com.br\/2019\/wp-json\/wp\/v2\/media\/10467"}],"wp:attachment":[{"href":"https:\/\/jorgezanoni.com.br\/2019\/wp-json\/wp\/v2\/media?parent=10463"}],"wp:term":[{"taxonomy":"category","embeddable":true,"href":"https:\/\/jorgezanoni.com.br\/2019\/wp-json\/wp\/v2\/categories?post=10463"},{"taxonomy":"post_tag","embeddable":true,"href":"https:\/\/jorgezanoni.com.br\/2019\/wp-json\/wp\/v2\/tags?post=10463"}],"curies":[{"name":"wp","href":"https:\/\/api.w.org\/{rel}","templated":true}]}}