{"id":10443,"date":"2019-11-05T01:24:56","date_gmt":"2019-11-05T01:24:56","guid":{"rendered":"https:\/\/jorgezanoni.com.br\/2019\/?p=10443"},"modified":"2019-11-05T01:26:29","modified_gmt":"2019-11-05T01:26:29","slug":"motorista-perde-controle-de-carro-capota-veiculo-e-e-arremessado-em-estrada-rural","status":"publish","type":"post","link":"https:\/\/jorgezanoni.com.br\/2019\/motorista-perde-controle-de-carro-capota-veiculo-e-e-arremessado-em-estrada-rural\/","title":{"rendered":"Motorista perde controle de carro, capota ve\u00edculo e \u00e9 arremessado em estrada rural"},"content":{"rendered":"<h2 class=\"subtitulo\" style=\"text-align: justify;\"><strong>Motorista ficou gravemente ferido ap\u00f3s acidente em estrada de terra, na zona rural de Mari\u00e1polis.<\/strong><\/h2>\n<p><img loading=\"lazy\" decoding=\"async\" class=\"alignnone size-full wp-image-10444\" src=\"https:\/\/jorgezanoni.com.br\/2019\/wp-content\/uploads\/2019\/11\/mari.jpg\" alt=\"\" width=\"540\" height=\"300\" srcset=\"https:\/\/jorgezanoni.com.br\/2019\/wp-content\/uploads\/2019\/11\/mari.jpg 540w, https:\/\/jorgezanoni.com.br\/2019\/wp-content\/uploads\/2019\/11\/mari-300x167.jpg 300w\" sizes=\"auto, (max-width: 540px) 100vw, 540px\" \/><\/p>\n<p style=\"text-align: justify;\">Carro fico completamente destru\u00eddo ap\u00f3s o acidente (Imagens: Cedidas).<\/p>\n<p style=\"text-align: justify;\">Um rapaz de 20 anos ficou gravemente ferido ap\u00f3s perder o controle de dire\u00e7\u00e3o do ve\u00edculo que conduzia em uma estrada rural de terra nas proximidades do bairro Cascadura, em Mari\u00e1polis, que d\u00e1 acesso a Adamantina. O acidente foi na tarde deste domingo (3).<\/p>\n<p style=\"text-align: justify;\"><img loading=\"lazy\" decoding=\"async\" class=\"alignnone size-full wp-image-10445\" src=\"https:\/\/jorgezanoni.com.br\/2019\/wp-content\/uploads\/2019\/11\/mari1.jpg\" alt=\"\" width=\"1098\" height=\"611\" srcset=\"https:\/\/jorgezanoni.com.br\/2019\/wp-content\/uploads\/2019\/11\/mari1.jpg 1098w, https:\/\/jorgezanoni.com.br\/2019\/wp-content\/uploads\/2019\/11\/mari1-300x167.jpg 300w, https:\/\/jorgezanoni.com.br\/2019\/wp-content\/uploads\/2019\/11\/mari1-768x427.jpg 768w, https:\/\/jorgezanoni.com.br\/2019\/wp-content\/uploads\/2019\/11\/mari1-1024x570.jpg 1024w, https:\/\/jorgezanoni.com.br\/2019\/wp-content\/uploads\/2019\/11\/mari1-696x387.jpg 696w, https:\/\/jorgezanoni.com.br\/2019\/wp-content\/uploads\/2019\/11\/mari1-1068x594.jpg 1068w, https:\/\/jorgezanoni.com.br\/2019\/wp-content\/uploads\/2019\/11\/mari1-755x420.jpg 755w\" sizes=\"auto, (max-width: 1098px) 100vw, 1098px\" \/>Segundo informa\u00e7\u00f5es iniciais, ele seguia pela estrada rural conduzindo um autom\u00f3vel VW Gol e em dado momento, por circunst\u00e2ncias a apurar, perdeu o controle de dire\u00e7\u00e3o do carro, que capotou. O motorista chegou a ser arremessado para fora do ve\u00edculo.<\/p>\n<p><img loading=\"lazy\" decoding=\"async\" class=\"alignnone size-full wp-image-10446\" src=\"https:\/\/jorgezanoni.com.br\/2019\/wp-content\/uploads\/2019\/11\/mari2.jpg\" alt=\"\" width=\"540\" height=\"304\" srcset=\"https:\/\/jorgezanoni.com.br\/2019\/wp-content\/uploads\/2019\/11\/mari2.jpg 540w, https:\/\/jorgezanoni.com.br\/2019\/wp-content\/uploads\/2019\/11\/mari2-300x169.jpg 300w\" sizes=\"auto, (max-width: 540px) 100vw, 540px\" \/><\/p>\n<p style=\"text-align: justify;\">Ap\u00f3s o ocorrido, o Corpo de Bombeiros de Adamantina foi acionado para prestar atendimento \u00e0 v\u00edtima, que recebeu o atendimento inicial, foi imobilizada e levada ao pronto-socorro da Santa Casa.<\/p>\n<p style=\"font-weight: 400; text-align: justify;\">Em Adamantina foram ministrados os atendimentos m\u00e9dicos complementares para estabiliza\u00e7\u00e3o da v\u00edtima, e face \u00e0 gravidade do caso, foi transferida para um hospital de refer\u00eancia.<\/p>\n<p style=\"font-weight: 400; text-align: justify;\">O acidente mobilizou ainda equipes da Pol\u00edcia Militar, Pol\u00edcia Civil e Pol\u00edcia Cient\u00edfica (peritos). As causas ser\u00e3o investigadas.<\/p>\n<p style=\"text-align: justify;\">Fonte: sigamais.com<\/p>\n","protected":false},"excerpt":{"rendered":"<p>Motorista ficou gravemente ferido ap\u00f3s acidente em estrada de terra, na zona rural de Mari\u00e1polis. Carro fico completamente destru\u00eddo ap\u00f3s o acidente (Imagens: Cedidas). Um rapaz de 20 anos ficou gravemente ferido ap\u00f3s perder o controle de dire\u00e7\u00e3o do ve\u00edculo que conduzia em uma estrada rural de terra nas proximidades do bairro Cascadura, em Mari\u00e1polis, [&hellip;]<\/p>\n","protected":false},"author":1,"featured_media":10447,"comment_status":"closed","ping_status":"open","sticky":false,"template":"","format":"standard","meta":{"footnotes":""},"categories":[170,110],"tags":[],"class_list":["post-10443","post","type-post","status-publish","format-standard","has-post-thumbnail","hentry","category-acidentes","category-noticiasdestaque"],"_links":{"self":[{"href":"https:\/\/jorgezanoni.com.br\/2019\/wp-json\/wp\/v2\/posts\/10443","targetHints":{"allow":["GET"]}}],"collection":[{"href":"https:\/\/jorgezanoni.com.br\/2019\/wp-json\/wp\/v2\/posts"}],"about":[{"href":"https:\/\/jorgezanoni.com.br\/2019\/wp-json\/wp\/v2\/types\/post"}],"author":[{"embeddable":true,"href":"https:\/\/jorgezanoni.com.br\/2019\/wp-json\/wp\/v2\/users\/1"}],"replies":[{"embeddable":true,"href":"https:\/\/jorgezanoni.com.br\/2019\/wp-json\/wp\/v2\/comments?post=10443"}],"version-history":[{"count":0,"href":"https:\/\/jorgezanoni.com.br\/2019\/wp-json\/wp\/v2\/posts\/10443\/revisions"}],"wp:featuredmedia":[{"embeddable":true,"href":"https:\/\/jorgezanoni.com.br\/2019\/wp-json\/wp\/v2\/media\/10447"}],"wp:attachment":[{"href":"https:\/\/jorgezanoni.com.br\/2019\/wp-json\/wp\/v2\/media?parent=10443"}],"wp:term":[{"taxonomy":"category","embeddable":true,"href":"https:\/\/jorgezanoni.com.br\/2019\/wp-json\/wp\/v2\/categories?post=10443"},{"taxonomy":"post_tag","embeddable":true,"href":"https:\/\/jorgezanoni.com.br\/2019\/wp-json\/wp\/v2\/tags?post=10443"}],"curies":[{"name":"wp","href":"https:\/\/api.w.org\/{rel}","templated":true}]}}