{"id":10434,"date":"2019-11-05T00:54:27","date_gmt":"2019-11-05T00:54:27","guid":{"rendered":"https:\/\/jorgezanoni.com.br\/2019\/?p=10434"},"modified":"2019-11-05T00:54:27","modified_gmt":"2019-11-05T00:54:27","slug":"fiscalizacao-encontra-mais-de-26kg-de-cocaina-escondidos-em-fundo-falso-de-carreta-em-mirante-do-paranapanema","status":"publish","type":"post","link":"https:\/\/jorgezanoni.com.br\/2019\/fiscalizacao-encontra-mais-de-26kg-de-cocaina-escondidos-em-fundo-falso-de-carreta-em-mirante-do-paranapanema\/","title":{"rendered":"Fiscaliza\u00e7\u00e3o encontra mais de 26kg de coca\u00edna escondidos em fundo falso de carreta em Mirante do Paranapanema"},"content":{"rendered":"<h2 class=\"content-head__subtitle\" style=\"text-align: justify;\"><strong>Motorista de 38 anos, morador de Nova Andradina (MS), confessou que havia sido contratado para transportar a droga de Ponta Por\u00e3 (MS) a S\u00e3o Paulo (SP).<\/strong><\/h2>\n<div class=\"mc-column content-text active-extra-styles \" data-block-type=\"unstyled\" data-block-weight=\"51\" data-block-id=\"2\">\n<p class=\"content-text__container \" style=\"text-align: justify;\" data-track-category=\"Link no Texto\" data-track-links=\"\">A Pol\u00edcia Militar Rodovi\u00e1ria apreendeu nesta segunda-feira (4) um carregamento de 26,085 quilos de coca\u00edna que era transportado em um fundo falso de uma carreta abordada pela fiscaliza\u00e7\u00e3o em\u00a0<a href=\"https:\/\/g1.globo.com\/sp\/presidente-prudente-regiao\/cidade\/mirante-do-paranapanema\/\">Mirante do Paranapanema (SP)<\/a>. O motorista de 38 anos, morador de Nova Andradina (MS), foi preso em flagrante por tr\u00e1fico de droga.<\/p>\n<\/div>\n<div class=\"wall protected-content\">\n<div class=\"mc-column content-text active-extra-styles \" style=\"text-align: justify;\" data-block-type=\"unstyled\" data-block-weight=\"26\" data-block-id=\"3\">\n<p class=\"content-text__container \" data-track-category=\"Link no Texto\" data-track-links=\"\">O caminh\u00e3o, com placas de Tr\u00eas Lagoas (MS), foi abordado pela fiscaliza\u00e7\u00e3o por volta das 11h45, no km 41 da Rodovia Ol\u00edmpio Ferreira da Silva (SP-272).<\/p>\n<\/div>\n<div class=\"mc-column content-text active-extra-styles \" data-block-type=\"unstyled\" data-block-weight=\"50\" data-block-id=\"4\">\n<p class=\"content-text__container \" style=\"text-align: justify;\" data-track-category=\"Link no Texto\" data-track-links=\"\">Durante a vistoria na carreta, os policiais perceberam que havia um fundo falso no assoalho com tabletes de droga escondidos. Em seguida, os militares solicitaram apoio do Corpo de Bombeiros e as equipes utilizaram aparelhos para cortar a chapa met\u00e1lica, o que possibilitou a localiza\u00e7\u00e3o e a retirada do entorpecente.<\/p>\n<div class=\"mc-column content-text active-extra-styles \" style=\"text-align: justify;\" data-block-type=\"unstyled\" data-block-weight=\"8\" data-block-id=\"6\">\n<p class=\"content-text__container \" data-track-category=\"Link no Texto\" data-track-links=\"\">No total, foram contabilizados 26 tabletes de coca\u00edna.<\/p>\n<\/div>\n<div class=\"mc-column content-text active-extra-styles \" style=\"text-align: justify;\" data-block-type=\"unstyled\" data-block-weight=\"45\" data-block-id=\"7\">\n<p class=\"content-text__container \" data-track-category=\"Link no Texto\" data-track-links=\"\">Segundo a pol\u00edcia, o motorista alegou que havia sido contratado por uma pessoa de nacionalidade paraguaia para pegar a droga em Ponta Por\u00e3 (MS) e lev\u00e1-la at\u00e9 a cidade de S\u00e3o Paulo (SP), servi\u00e7o pelo qual receberia uma quantia em dinheiro que n\u00e3o foi informada.<\/p>\n<\/div>\n<div class=\"mc-column content-text active-extra-styles \" style=\"text-align: justify;\" data-block-type=\"unstyled\" data-block-weight=\"37\" data-block-id=\"8\">\n<p class=\"content-text__container \" data-track-category=\"Link no Texto\" data-track-links=\"\">O condutor da carreta recebeu voz de pris\u00e3o em flagrante pelo crime de tr\u00e1fico de droga e foi levado, juntamente com o ve\u00edculo e a droga apreendida, \u00e0 Delegacia da Pol\u00edcia Civil, para o registro da ocorr\u00eancia.<\/p>\n<\/div>\n<div class=\"mc-column content-text active-extra-styles \" data-block-type=\"unstyled\" data-block-weight=\"20\" data-block-id=\"9\">\n<p class=\"content-text__container \" style=\"text-align: justify;\" data-track-category=\"Link no Texto\" data-track-links=\"\">Como a Pol\u00edcia Civil ratificou a pris\u00e3o em flagrante, o motorista permaneceu no aguardo da audi\u00eancia de cust\u00f3dia na Justi\u00e7a.<\/p>\n<p data-track-category=\"Link no Texto\" data-track-links=\"\"><img loading=\"lazy\" decoding=\"async\" class=\"alignnone size-full wp-image-10436\" src=\"https:\/\/jorgezanoni.com.br\/2019\/wp-content\/uploads\/2019\/11\/Droga1.jpg\" alt=\"\" width=\"1200\" height=\"900\" srcset=\"https:\/\/jorgezanoni.com.br\/2019\/wp-content\/uploads\/2019\/11\/Droga1.jpg 1200w, https:\/\/jorgezanoni.com.br\/2019\/wp-content\/uploads\/2019\/11\/Droga1-300x225.jpg 300w, https:\/\/jorgezanoni.com.br\/2019\/wp-content\/uploads\/2019\/11\/Droga1-768x576.jpg 768w, https:\/\/jorgezanoni.com.br\/2019\/wp-content\/uploads\/2019\/11\/Droga1-1024x768.jpg 1024w, https:\/\/jorgezanoni.com.br\/2019\/wp-content\/uploads\/2019\/11\/Droga1-80x60.jpg 80w, https:\/\/jorgezanoni.com.br\/2019\/wp-content\/uploads\/2019\/11\/Droga1-265x198.jpg 265w, https:\/\/jorgezanoni.com.br\/2019\/wp-content\/uploads\/2019\/11\/Droga1-696x522.jpg 696w, https:\/\/jorgezanoni.com.br\/2019\/wp-content\/uploads\/2019\/11\/Droga1-1068x801.jpg 1068w, https:\/\/jorgezanoni.com.br\/2019\/wp-content\/uploads\/2019\/11\/Droga1-560x420.jpg 560w\" sizes=\"auto, (max-width: 1200px) 100vw, 1200px\" \/>Droga estava escondida em fundo falso de uma carreta \u2014 Foto: Pol\u00edcia Militar Rodovi\u00e1ria<\/p>\n<p data-track-category=\"Link no Texto\" data-track-links=\"\">Fonte: G1<\/p>\n<\/div>\n<\/div>\n<\/div>\n","protected":false},"excerpt":{"rendered":"<p>Motorista de 38 anos, morador de Nova Andradina (MS), confessou que havia sido contratado para transportar a droga de Ponta Por\u00e3 (MS) a S\u00e3o Paulo (SP). A Pol\u00edcia Militar Rodovi\u00e1ria apreendeu nesta segunda-feira (4) um carregamento de 26,085 quilos de coca\u00edna que era transportado em um fundo falso de uma carreta abordada pela fiscaliza\u00e7\u00e3o em\u00a0Mirante [&hellip;]<\/p>\n","protected":false},"author":1,"featured_media":10435,"comment_status":"closed","ping_status":"open","sticky":false,"template":"","format":"standard","meta":{"footnotes":""},"categories":[110,2],"tags":[],"class_list":["post-10434","post","type-post","status-publish","format-standard","has-post-thumbnail","hentry","category-noticiasdestaque","category-policial"],"_links":{"self":[{"href":"https:\/\/jorgezanoni.com.br\/2019\/wp-json\/wp\/v2\/posts\/10434","targetHints":{"allow":["GET"]}}],"collection":[{"href":"https:\/\/jorgezanoni.com.br\/2019\/wp-json\/wp\/v2\/posts"}],"about":[{"href":"https:\/\/jorgezanoni.com.br\/2019\/wp-json\/wp\/v2\/types\/post"}],"author":[{"embeddable":true,"href":"https:\/\/jorgezanoni.com.br\/2019\/wp-json\/wp\/v2\/users\/1"}],"replies":[{"embeddable":true,"href":"https:\/\/jorgezanoni.com.br\/2019\/wp-json\/wp\/v2\/comments?post=10434"}],"version-history":[{"count":0,"href":"https:\/\/jorgezanoni.com.br\/2019\/wp-json\/wp\/v2\/posts\/10434\/revisions"}],"wp:featuredmedia":[{"embeddable":true,"href":"https:\/\/jorgezanoni.com.br\/2019\/wp-json\/wp\/v2\/media\/10435"}],"wp:attachment":[{"href":"https:\/\/jorgezanoni.com.br\/2019\/wp-json\/wp\/v2\/media?parent=10434"}],"wp:term":[{"taxonomy":"category","embeddable":true,"href":"https:\/\/jorgezanoni.com.br\/2019\/wp-json\/wp\/v2\/categories?post=10434"},{"taxonomy":"post_tag","embeddable":true,"href":"https:\/\/jorgezanoni.com.br\/2019\/wp-json\/wp\/v2\/tags?post=10434"}],"curies":[{"name":"wp","href":"https:\/\/api.w.org\/{rel}","templated":true}]}}