{"id":1043,"date":"2019-07-19T20:53:00","date_gmt":"2019-07-19T20:53:00","guid":{"rendered":"http:\/\/jorgezanoni.com.br\/2019\/?p=1043"},"modified":"2019-07-19T21:16:11","modified_gmt":"2019-07-19T21:16:11","slug":"onyx-diz-que-governo-espera-cortar-mais-25-mil-cargos-em-comissao-nos-proximos-100-dias","status":"publish","type":"post","link":"https:\/\/jorgezanoni.com.br\/2019\/onyx-diz-que-governo-espera-cortar-mais-25-mil-cargos-em-comissao-nos-proximos-100-dias\/","title":{"rendered":"Onyx diz que governo espera cortar &#8216;mais 25 mil cargos em comiss\u00e3o&#8217; nos pr\u00f3ximos 100 dias"},"content":{"rendered":"<h2 class=\"content-head__subtitle\"><strong>Ministro da Casa Civil deu a declara\u00e7\u00e3o ap\u00f3s cerim\u00f4nia de 200 dias do governo Bolsonaro. Segundo Onyx, universidades e institutos federais t\u00eam 60 mil cargos desse tipo.<\/strong><\/h2>\n<div class=\"mc-column content-text active-extra-styles \" data-block-type=\"unstyled\" data-block-weight=\"27\" data-block-id=\"2\">\n<p class=\"content-text__container \" data-track-category=\"Link no Texto\" data-track-links=\"\">O ministro-chefe da Casa Civil, Onyx Lorenzoni, afirmou nesta quinta-feira (18) que o governo espera cortar \u201cmais 25 mil cargos em comiss\u00e3o\u201d nos pr\u00f3ximos 100 dias.<\/p>\n<\/div>\n<div class=\"wall protected-content\">\n<div class=\"mc-column content-text active-extra-styles \" data-block-type=\"unstyled\" data-block-weight=\"30\" data-block-id=\"3\">\n<p class=\"content-text__container \" data-track-category=\"Link no Texto\" data-track-links=\"\">Onyx deu a declara\u00e7\u00e3o durante entrevista coletiva concedida ap\u00f3s cerim\u00f4nia de 200 dias do governo de Jair Bolsonaro, em que o presidente\u00a0<a href=\"https:\/\/g1.globo.com\/politica\/noticia\/2019\/07\/18\/em-ato-de-200-dias-de-governo-bolsonaro-amplia-restricao-para-nomeacao-de-cargos-em-comissao.ghtml\">ampliou a restri\u00e7\u00e3o para nomea\u00e7\u00e3o nesses cargos<\/a>.<\/p>\n<\/div>\n<div class=\"mc-column content-text active-extra-styles \" data-block-type=\"unstyled\" data-block-weight=\"39\" data-block-id=\"4\">\n<p class=\"content-text__container \" data-track-category=\"Link no Texto\" data-track-links=\"\">\u201cEstamos trabalhando. E a gente espera que, l\u00e1 nos 300 dias, a gente consiga j\u00e1 anunciar mais 25 mil cargos em comiss\u00e3o que ser\u00e3o cortados. N\u00f3s j\u00e1\u00a0<a href=\"https:\/\/g1.globo.com\/economia\/noticia\/2019\/03\/13\/governo-anuncia-extincao-de-21-mil-cargos-funcoes-e-gratificacoes.ghtml\">cortamos 21 mil<\/a>, vamos caminhar para mais 25 mil\u201d, disse o ministro.<\/p>\n<\/div>\n<div class=\"mc-column content-text active-extra-styles \" data-block-type=\"unstyled\" data-block-weight=\"26\" data-block-id=\"5\">\n<p class=\"content-text__container \" data-track-category=\"Link no Texto\" data-track-links=\"\">Cargos em comiss\u00e3o s\u00e3o postos dentro da administra\u00e7\u00e3o p\u00fablica que n\u00e3o s\u00e3o preenchidos por concurso p\u00fablico. Isso n\u00e3o significa que servidores concursados n\u00e3o podem ocup\u00e1-los.<\/p>\n<\/div>\n<div class=\"mc-column content-text active-extra-styles \" data-block-type=\"unstyled\" data-block-weight=\"24\" data-block-id=\"6\">\n<p class=\"content-text__container \" data-track-category=\"Link no Texto\" data-track-links=\"\">De acordo com Onyx, universidades e institutos federais t\u00eam, juntos, cerca de 60 mil cargos desse tipo. \u201cH\u00e1 de convir que \u00e9 excessivo\u201d, declarou.<\/p>\n<\/div>\n<div class=\"mc-column content-text active-extra-styles \" data-block-type=\"unstyled\" data-block-weight=\"15\" data-block-id=\"7\">\n<p class=\"content-text__container \" data-track-category=\"Link no Texto\" data-track-links=\"\">Onyx afirmou que governos do PT aparelharam, em especial os institutos federais, com fins pol\u00edticos.<\/p>\n<\/div>\n<div class=\"mc-column content-text active-extra-styles \" data-block-type=\"unstyled\" data-block-weight=\"21\" data-block-id=\"8\">\n<p class=\"content-text__container \" data-track-category=\"Link no Texto\" data-track-links=\"\">\u201cCom zelo, respeito e crit\u00e9rio, n\u00f3s vamos enxugar e bem enxugado isso, porque em nenhum pa\u00eds do mundo isso existe\u201d, declarou.<\/p>\n<\/div>\n<div class=\"mc-column content-text active-extra-styles \" data-block-type=\"unstyled\" data-block-weight=\"29\" data-block-id=\"9\">\n<p class=\"content-text__container \" data-track-category=\"Link no Texto\" data-track-links=\"\">De acordo com o Painel Estat\u00edstico de Pessoal do Minist\u00e9rio do Planejamento, o n\u00famero divulgado por Onyx sobre cargos ocupados em universidades e institutos federais \u00e9 quase 40% menor.<\/p>\n<p class=\"content-text__container \" data-track-category=\"Link no Texto\" data-track-links=\"\">Segundo o painel, em junho, universidades e institutos federais possu\u00edam, em junho, 8.412 cargos de Dire\u00e7\u00e3o e Assessoramento Superior (DAS) e de Fun\u00e7\u00f5es Comissionadas do Poder Executivo (FCPE). Al\u00e9m disso, s\u00e3o 28.666 fun\u00e7\u00f5es e gratifica\u00e7\u00f5es t\u00e9cnicas ocupadas.<\/p>\n<\/div>\n<div data-track-category=\"multicontent\" data-track-action=\"ultimo chunk conteudo\" data-track-noninteraction=\"false\" data-track-scroll=\"view\">\n<div class=\"mc-column content-text active-extra-styles \" data-block-type=\"unstyled\" data-block-weight=\"30\" data-block-id=\"12\">\n<p class=\"content-text__container \" data-track-category=\"Link no Texto\" data-track-links=\"\">No total, portanto, o n\u00famero de cargos e fun\u00e7\u00f5es em universidades e institutos federais \u00e9 de 37.078, o que equivale a 61,79% dos cerca de 60 mil apontados pelo ministro.<\/p>\n<p data-track-category=\"Link no Texto\" data-track-links=\"\">Fonte: G1<\/p>\n<\/div>\n<\/div>\n<\/div>\n","protected":false},"excerpt":{"rendered":"<p>Ministro da Casa Civil deu a declara\u00e7\u00e3o ap\u00f3s cerim\u00f4nia de 200 dias do governo Bolsonaro. Segundo Onyx, universidades e institutos federais t\u00eam 60 mil cargos desse tipo. O ministro-chefe da Casa Civil, Onyx Lorenzoni, afirmou nesta quinta-feira (18) que o governo espera cortar \u201cmais 25 mil cargos em comiss\u00e3o\u201d nos pr\u00f3ximos 100 dias. Onyx deu [&hellip;]<\/p>\n","protected":false},"author":1,"featured_media":1044,"comment_status":"open","ping_status":"open","sticky":false,"template":"","format":"standard","meta":{"footnotes":""},"categories":[116],"tags":[],"class_list":["post-1043","post","type-post","status-publish","format-standard","has-post-thumbnail","hentry","category-politicaeeconomia"],"_links":{"self":[{"href":"https:\/\/jorgezanoni.com.br\/2019\/wp-json\/wp\/v2\/posts\/1043","targetHints":{"allow":["GET"]}}],"collection":[{"href":"https:\/\/jorgezanoni.com.br\/2019\/wp-json\/wp\/v2\/posts"}],"about":[{"href":"https:\/\/jorgezanoni.com.br\/2019\/wp-json\/wp\/v2\/types\/post"}],"author":[{"embeddable":true,"href":"https:\/\/jorgezanoni.com.br\/2019\/wp-json\/wp\/v2\/users\/1"}],"replies":[{"embeddable":true,"href":"https:\/\/jorgezanoni.com.br\/2019\/wp-json\/wp\/v2\/comments?post=1043"}],"version-history":[{"count":0,"href":"https:\/\/jorgezanoni.com.br\/2019\/wp-json\/wp\/v2\/posts\/1043\/revisions"}],"wp:featuredmedia":[{"embeddable":true,"href":"https:\/\/jorgezanoni.com.br\/2019\/wp-json\/wp\/v2\/media\/1044"}],"wp:attachment":[{"href":"https:\/\/jorgezanoni.com.br\/2019\/wp-json\/wp\/v2\/media?parent=1043"}],"wp:term":[{"taxonomy":"category","embeddable":true,"href":"https:\/\/jorgezanoni.com.br\/2019\/wp-json\/wp\/v2\/categories?post=1043"},{"taxonomy":"post_tag","embeddable":true,"href":"https:\/\/jorgezanoni.com.br\/2019\/wp-json\/wp\/v2\/tags?post=1043"}],"curies":[{"name":"wp","href":"https:\/\/api.w.org\/{rel}","templated":true}]}}