{"id":10419,"date":"2019-11-04T23:53:09","date_gmt":"2019-11-04T23:53:09","guid":{"rendered":"https:\/\/jorgezanoni.com.br\/2019\/?p=10419"},"modified":"2019-11-04T23:53:09","modified_gmt":"2019-11-04T23:53:09","slug":"equipe-pedagogica-da-secretaria-de-educacao-de-dracena-participa-do-summit-educacao-em-curitiba","status":"publish","type":"post","link":"https:\/\/jorgezanoni.com.br\/2019\/equipe-pedagogica-da-secretaria-de-educacao-de-dracena-participa-do-summit-educacao-em-curitiba\/","title":{"rendered":"Equipe Pedag\u00f3gica da Secretaria de Educa\u00e7\u00e3o de Dracena participa do Summit Educa\u00e7\u00e3o em Curitiba"},"content":{"rendered":"<p style=\"text-align: justify;\">Nos dias 29 e 30 de outubro, em Curitiba-PR, estiveram reunidos no Summit\u00a0 Educa\u00e7\u00e3o mais de 600 educadores do Paran\u00e1, S\u00e3o Paulo e Rio de Janeiro, promovido pela Central Sicredi PR\/SP\/RJ, \u00a0na Federa\u00e7\u00e3o das Ind\u00fastrias do Paran\u00e1 (FIEP) \u00a0para estimular troca de experi\u00eancias e apresentar solu\u00e7\u00f5es pedag\u00f3gicas do Programa \u201cUni\u00e3o Faz a Vida\u201d.<\/p>\n<p style=\"text-align: justify;\">Representando a Prefeitura de Dracena, estiveram presentes as professoras Eli Camargo, Sandra Maria Mazali, Eunice Giacomini Sales e Patricia Bressanti, do N\u00facleo de Forma\u00e7\u00e3o Pedag\u00f3gica da Secretaria de Educa\u00e7\u00e3o.<\/p>\n<p style=\"text-align: justify;\">\nO tema desse ano foi\u00a0<strong><em>Da Vinci e o Infinito Curioso<\/em><\/strong>, \u201cquando a aula sai exatamente como foi programada pelo professor \u00e9 porque ela n\u00e3o deu certo\u201d, com essa provoca\u00e7\u00e3o, o educador Miguel Thompson comparou a sala de aula com o oceano e inspirou \u00a0educadores, assessores pedag\u00f3gicos e assessores de programas sociais.<\/p>\n<p style=\"text-align: justify;\">O evento tamb\u00e9m proporcionou aos convidados a aprecia\u00e7\u00e3o da exposi\u00e7\u00e3o Leonardo\u00a0<em>Da Vinci \u2013 500 Anos de Legado<\/em>, que veio para Curitiba exclusivamente para o Summit. A mostra contou com cerca de 50 pe\u00e7as entre pinturas e c\u00f3digos, m\u00e1quinas e desenhos. As r\u00e9plicas interativas do que foi produzido por Da Vinci ajudaram a demonstrar como o artista aperfei\u00e7oava suas habilidades a partir da curiosidade em busca por conhecimento.<\/p>\n<p style=\"text-align: justify;\">\nParticiparam do evento personalidades como o jornalista e escritor Marcos Piangers; Jean Sigel, da Escola de Criatividade; a pedagoga e mestre em Educa\u00e7\u00e3o, Laura Monte Serrat Barbosa; e o vice-presidente de Educa\u00e7\u00e3o da Pearson Brasil, Juliano Costa. Os participantes debateram sobre os desafios da educa\u00e7\u00e3o, al\u00e9m de compartilharem informa\u00e7\u00f5es e reflex\u00f5es sobre o desenvolvimento das iniciativas realizadas com base na metodologia do\u00a0<em>Programa Uni\u00e3o Faz A Vida.<\/em><\/p>\n<p style=\"text-align: justify;\">A Secret\u00e1ria Municipal de Educa\u00e7\u00e3o Prof\u00aa \u00a0Ms. Vanessa Maria Red\u00edgolo Castilho destacou que a rede municipal participa do Programa Uni\u00e3o Faz a Vida, envolvendo noves escolas de ensino fundamental e duas escolas de educa\u00e7\u00e3o Infantil, contribuindo para a educa\u00e7\u00e3o integral de crian\u00e7as e adolescentes com base nos princ\u00edpios da coopera\u00e7\u00e3o e cidadania\u201d. A Secret\u00e1ria ressaltou que \u201cvivemos em um mundo onde, cada vez mais, as pessoas curiosas e questionadoras (como foi Da Vinci) conseguem fazer mais conex\u00f5es e acabam por se destacar no mercado\u201d. Portanto, a metodologia desenvolvida pelo\u00a0 programa \u00a0busca refor\u00e7ar essas caracter\u00edsticas, j\u00e1 que os projetos nascem dentro da sala de aula por interm\u00e9dio dos alunos\u201d.<\/p>\n<p style=\"text-align: justify;\">A Prefeitura de Dracena, por meio da Secretaria Municipal de Educa\u00e7\u00e3o, agradece a Cooperativa Sicredi, que viabilizou a participa\u00e7\u00e3o das educadoras no encontro em Curitiba, oportunidade de reflex\u00e3o e dissemina\u00e7\u00e3o valores e princ\u00edpios do cooperativismo no ambiente escolar.<\/p>\n<p><img loading=\"lazy\" decoding=\"async\" class=\"alignnone size-full wp-image-10420\" src=\"https:\/\/jorgezanoni.com.br\/2019\/wp-content\/uploads\/2019\/11\/educa.jpg\" alt=\"\" width=\"240\" height=\"180\" srcset=\"https:\/\/jorgezanoni.com.br\/2019\/wp-content\/uploads\/2019\/11\/educa.jpg 240w, https:\/\/jorgezanoni.com.br\/2019\/wp-content\/uploads\/2019\/11\/educa-80x60.jpg 80w\" sizes=\"auto, (max-width: 240px) 100vw, 240px\" \/> <img loading=\"lazy\" decoding=\"async\" class=\"alignnone size-full wp-image-10421\" src=\"https:\/\/jorgezanoni.com.br\/2019\/wp-content\/uploads\/2019\/11\/educa1.jpg\" alt=\"\" width=\"180\" height=\"240\" \/> <img loading=\"lazy\" decoding=\"async\" class=\"alignnone size-full wp-image-10422\" src=\"https:\/\/jorgezanoni.com.br\/2019\/wp-content\/uploads\/2019\/11\/educa2.jpg\" alt=\"\" width=\"180\" height=\"240\" \/> <img loading=\"lazy\" decoding=\"async\" class=\"alignnone size-full wp-image-10424\" src=\"https:\/\/jorgezanoni.com.br\/2019\/wp-content\/uploads\/2019\/11\/educa4.jpg\" alt=\"\" width=\"240\" height=\"180\" srcset=\"https:\/\/jorgezanoni.com.br\/2019\/wp-content\/uploads\/2019\/11\/educa4.jpg 240w, https:\/\/jorgezanoni.com.br\/2019\/wp-content\/uploads\/2019\/11\/educa4-80x60.jpg 80w\" sizes=\"auto, (max-width: 240px) 100vw, 240px\" \/> <img loading=\"lazy\" decoding=\"async\" class=\"alignnone size-full wp-image-10425\" src=\"https:\/\/jorgezanoni.com.br\/2019\/wp-content\/uploads\/2019\/11\/educa5.jpg\" alt=\"\" width=\"240\" height=\"179\" srcset=\"https:\/\/jorgezanoni.com.br\/2019\/wp-content\/uploads\/2019\/11\/educa5.jpg 240w, https:\/\/jorgezanoni.com.br\/2019\/wp-content\/uploads\/2019\/11\/educa5-80x60.jpg 80w\" sizes=\"auto, (max-width: 240px) 100vw, 240px\" \/> <img loading=\"lazy\" decoding=\"async\" class=\"alignnone size-full wp-image-10426\" src=\"https:\/\/jorgezanoni.com.br\/2019\/wp-content\/uploads\/2019\/11\/educa6.jpg\" alt=\"\" width=\"240\" height=\"179\" srcset=\"https:\/\/jorgezanoni.com.br\/2019\/wp-content\/uploads\/2019\/11\/educa6.jpg 240w, https:\/\/jorgezanoni.com.br\/2019\/wp-content\/uploads\/2019\/11\/educa6-80x60.jpg 80w\" sizes=\"auto, (max-width: 240px) 100vw, 240px\" \/> <img loading=\"lazy\" decoding=\"async\" class=\"alignnone size-full wp-image-10427\" src=\"https:\/\/jorgezanoni.com.br\/2019\/wp-content\/uploads\/2019\/11\/educa7.jpg\" alt=\"\" width=\"240\" height=\"179\" srcset=\"https:\/\/jorgezanoni.com.br\/2019\/wp-content\/uploads\/2019\/11\/educa7.jpg 240w, https:\/\/jorgezanoni.com.br\/2019\/wp-content\/uploads\/2019\/11\/educa7-80x60.jpg 80w\" sizes=\"auto, (max-width: 240px) 100vw, 240px\" \/><\/p>\n<p>Fonte: Diretoria de Comunica\u00e7\u00e3o<\/p>\n","protected":false},"excerpt":{"rendered":"<p>Nos dias 29 e 30 de outubro, em Curitiba-PR, estiveram reunidos no Summit\u00a0 Educa\u00e7\u00e3o mais de 600 educadores do Paran\u00e1, S\u00e3o Paulo e Rio de Janeiro, promovido pela Central Sicredi PR\/SP\/RJ, \u00a0na Federa\u00e7\u00e3o das Ind\u00fastrias do Paran\u00e1 (FIEP) \u00a0para estimular troca de experi\u00eancias e apresentar solu\u00e7\u00f5es pedag\u00f3gicas do Programa \u201cUni\u00e3o Faz a Vida\u201d. Representando a [&hellip;]<\/p>\n","protected":false},"author":1,"featured_media":10423,"comment_status":"closed","ping_status":"open","sticky":false,"template":"","format":"standard","meta":{"footnotes":""},"categories":[122],"tags":[],"class_list":["post-10419","post","type-post","status-publish","format-standard","has-post-thumbnail","hentry","category-saudeeducacaoeconcurso"],"_links":{"self":[{"href":"https:\/\/jorgezanoni.com.br\/2019\/wp-json\/wp\/v2\/posts\/10419","targetHints":{"allow":["GET"]}}],"collection":[{"href":"https:\/\/jorgezanoni.com.br\/2019\/wp-json\/wp\/v2\/posts"}],"about":[{"href":"https:\/\/jorgezanoni.com.br\/2019\/wp-json\/wp\/v2\/types\/post"}],"author":[{"embeddable":true,"href":"https:\/\/jorgezanoni.com.br\/2019\/wp-json\/wp\/v2\/users\/1"}],"replies":[{"embeddable":true,"href":"https:\/\/jorgezanoni.com.br\/2019\/wp-json\/wp\/v2\/comments?post=10419"}],"version-history":[{"count":0,"href":"https:\/\/jorgezanoni.com.br\/2019\/wp-json\/wp\/v2\/posts\/10419\/revisions"}],"wp:featuredmedia":[{"embeddable":true,"href":"https:\/\/jorgezanoni.com.br\/2019\/wp-json\/wp\/v2\/media\/10423"}],"wp:attachment":[{"href":"https:\/\/jorgezanoni.com.br\/2019\/wp-json\/wp\/v2\/media?parent=10419"}],"wp:term":[{"taxonomy":"category","embeddable":true,"href":"https:\/\/jorgezanoni.com.br\/2019\/wp-json\/wp\/v2\/categories?post=10419"},{"taxonomy":"post_tag","embeddable":true,"href":"https:\/\/jorgezanoni.com.br\/2019\/wp-json\/wp\/v2\/tags?post=10419"}],"curies":[{"name":"wp","href":"https:\/\/api.w.org\/{rel}","templated":true}]}}