{"id":10409,"date":"2019-11-04T18:07:29","date_gmt":"2019-11-04T18:07:29","guid":{"rendered":"https:\/\/jorgezanoni.com.br\/2019\/?p=10409"},"modified":"2019-11-04T18:08:59","modified_gmt":"2019-11-04T18:08:59","slug":"reclamacao-da-populacao-postes-de-madeira-estao-prestes-a-cair-e-falta-energia","status":"publish","type":"post","link":"https:\/\/jorgezanoni.com.br\/2019\/reclamacao-da-populacao-postes-de-madeira-estao-prestes-a-cair-e-falta-energia\/","title":{"rendered":"RECLAMA\u00c7\u00c3O DA POPULA\u00c7\u00c3O: Postes de madeira est\u00e3o prestes a cair e falta energia"},"content":{"rendered":"<p style=\"text-align: justify;\">RECLAMA\u00c7\u00c3O DA POPULA\u00c7\u00c3O: Postes de madeira est\u00e3o prestes a cair e falta energia. (V\u00eddeo de Internauta) 04\/11\/19<\/p>\n<p style=\"text-align: justify;\">Moradora da rua Visconde do Rio Branco esquina com a Travessa Santa Maria, mostra em v\u00eddeo o perigo que est\u00e3o dois postes de madeira e a falta de ilumina\u00e7\u00e3o naquele trecho.<\/p>\n<p style=\"text-align: justify;\">Pede provid\u00eancias, pois os vizinhos j\u00e1 andavam assustados e ontem (3) viram reportagem no Site JZ de situa\u00e7\u00e3o parecida ocorrida no bairro S\u00e3o Francisco.<\/p>\n<div id=\"fb-root\"><\/div>\n<p><script async=\"1\" defer=\"1\" crossorigin=\"anonymous\" src=\"https:\/\/connect.facebook.net\/en_US\/sdk.js#xfbml=1&amp;version=v5.0\"><\/script><\/p>\n<div class=\"fb-video\" data-href=\"https:\/\/www.facebook.com\/jorgezanonidracena\/videos\/2460293724253761\/\" data-width=\"696\">\n<blockquote cite=\"https:\/\/www.facebook.com\/jorgezanonidracena\/videos\/2460293724253761\/\" class=\"fb-xfbml-parse-ignore\"><p><a href=\"https:\/\/www.facebook.com\/jorgezanonidracena\/videos\/2460293724253761\/\">RECLAMA\u00c7\u00c3O DA POPULA\u00c7\u00c3O: Postes de madeira est\u00e3o prestes a cair e falta energia<\/a><\/p>\n<p>RECLAMA\u00c7\u00c3O DA POPULA\u00c7\u00c3O: Postes de madeira est\u00e3o prestes a cair e falta energia. (V\u00eddeo de Internauta) 04\/11\/19<\/p>\n<p>Posted by <a href=\"https:\/\/www.facebook.com\/jorgezanonidracena\/\">Jorge Zanoni<\/a> on Monday, November 4, 2019<\/p><\/blockquote>\n<\/div>\n","protected":false},"excerpt":{"rendered":"<p>RECLAMA\u00c7\u00c3O DA POPULA\u00c7\u00c3O: Postes de madeira est\u00e3o prestes a cair e falta energia. (V\u00eddeo de Internauta) 04\/11\/19 Moradora da rua Visconde do Rio Branco esquina com a Travessa Santa Maria, mostra em v\u00eddeo o perigo que est\u00e3o dois postes de madeira e a falta de ilumina\u00e7\u00e3o naquele trecho. Pede provid\u00eancias, pois os vizinhos j\u00e1 andavam [&hellip;]<\/p>\n","protected":false},"author":1,"featured_media":10410,"comment_status":"closed","ping_status":"open","sticky":false,"template":"","format":"standard","meta":{"footnotes":""},"categories":[169],"tags":[],"class_list":["post-10409","post","type-post","status-publish","format-standard","has-post-thumbnail","hentry","category-videos"],"_links":{"self":[{"href":"https:\/\/jorgezanoni.com.br\/2019\/wp-json\/wp\/v2\/posts\/10409","targetHints":{"allow":["GET"]}}],"collection":[{"href":"https:\/\/jorgezanoni.com.br\/2019\/wp-json\/wp\/v2\/posts"}],"about":[{"href":"https:\/\/jorgezanoni.com.br\/2019\/wp-json\/wp\/v2\/types\/post"}],"author":[{"embeddable":true,"href":"https:\/\/jorgezanoni.com.br\/2019\/wp-json\/wp\/v2\/users\/1"}],"replies":[{"embeddable":true,"href":"https:\/\/jorgezanoni.com.br\/2019\/wp-json\/wp\/v2\/comments?post=10409"}],"version-history":[{"count":0,"href":"https:\/\/jorgezanoni.com.br\/2019\/wp-json\/wp\/v2\/posts\/10409\/revisions"}],"wp:featuredmedia":[{"embeddable":true,"href":"https:\/\/jorgezanoni.com.br\/2019\/wp-json\/wp\/v2\/media\/10410"}],"wp:attachment":[{"href":"https:\/\/jorgezanoni.com.br\/2019\/wp-json\/wp\/v2\/media?parent=10409"}],"wp:term":[{"taxonomy":"category","embeddable":true,"href":"https:\/\/jorgezanoni.com.br\/2019\/wp-json\/wp\/v2\/categories?post=10409"},{"taxonomy":"post_tag","embeddable":true,"href":"https:\/\/jorgezanoni.com.br\/2019\/wp-json\/wp\/v2\/tags?post=10409"}],"curies":[{"name":"wp","href":"https:\/\/api.w.org\/{rel}","templated":true}]}}