{"id":10401,"date":"2019-11-04T17:00:04","date_gmt":"2019-11-04T17:00:04","guid":{"rendered":"https:\/\/jorgezanoni.com.br\/2019\/?p=10401"},"modified":"2019-11-04T17:00:50","modified_gmt":"2019-11-04T17:00:50","slug":"jorrovi-calcados-inaugura-em-dracena-ate-o-final-de-novembro","status":"publish","type":"post","link":"https:\/\/jorgezanoni.com.br\/2019\/jorrovi-calcados-inaugura-em-dracena-ate-o-final-de-novembro\/","title":{"rendered":"JORROVI CAL\u00c7ADOS inaugura em Dracena at\u00e9 o final de novembro"},"content":{"rendered":"<p style=\"text-align: justify;\"><strong>tenas de pessoas formando uma grande fila, estavam na sede da ACE (Associa\u00e7\u00e3o Comercial e Empresarial de Dracena), buscando uma vaga na nova empresa.<\/strong><\/p>\n<div id=\"fb-root\"><\/div>\n<p><script async=\"1\" defer=\"1\" crossorigin=\"anonymous\" src=\"https:\/\/connect.facebook.net\/en_US\/sdk.js#xfbml=1&amp;version=v5.0\"><\/script><\/p>\n<div class=\"fb-video\" data-href=\"https:\/\/www.facebook.com\/jorgezanonidracena\/videos\/2077220239048004\/\" data-width=\"696\">\n<blockquote cite=\"https:\/\/www.facebook.com\/jorgezanonidracena\/videos\/2077220239048004\/\" class=\"fb-xfbml-parse-ignore\"><p><a href=\"https:\/\/www.facebook.com\/jorgezanonidracena\/videos\/2077220239048004\/\">JORROVI CAL\u00c7ADOS inaugura em breve em Dracena. Hoje teve entrevistas com candidatos a emprego.<\/a><\/p>\n<p>JORROVI CAL\u00c7ADOS inaugura em breve em Dracena. Hoje teve entrevistas com candidatos a emprego.<\/p>\n<p>Posted by <a href=\"https:\/\/www.facebook.com\/jorgezanonidracena\/\">Jorge Zanoni<\/a> on Monday, November 4, 2019<\/p><\/blockquote>\n<\/div>\n<p style=\"text-align: justify;\">A empresa JORROVI CAL\u00c7ADOS que tem dez lojas no estado do Paran\u00e1, Mato Grosso do Sul e agora est\u00e1 investindo em S\u00e3o Paulo, inaugura at\u00e9 o final de novembro uma moderna loja na avenida Presidente Roosevelt 404 em Dracena. Ser\u00e1 nas antigas instala\u00e7\u00f5es da Ag\u00eancia da Receita Federal, em frente ao Supermercado Prata.<\/p>\n<p style=\"text-align: justify;\">S\u00e3o 20 anos no ramo empregando aproximadamente 250 funcion\u00e1rios, sendo que para Dracena dever\u00e3o ser contratados pelos menos 25 pessoas.<\/p>\n<p style=\"text-align: justify;\">A op\u00e7\u00e3o em escolher Dracena foi ap\u00f3s pesquisas e conhecimento do com\u00e9rcio forte, onde ainda existe uma regi\u00e3o que faz suas compras na &#8220;Cidade Milagre&#8221;.<\/p>\n<p><img loading=\"lazy\" decoding=\"async\" class=\"alignnone size-full wp-image-10402\" src=\"https:\/\/jorgezanoni.com.br\/2019\/wp-content\/uploads\/2019\/11\/IMG_9872.jpg\" alt=\"\" width=\"800\" height=\"600\" srcset=\"https:\/\/jorgezanoni.com.br\/2019\/wp-content\/uploads\/2019\/11\/IMG_9872.jpg 800w, https:\/\/jorgezanoni.com.br\/2019\/wp-content\/uploads\/2019\/11\/IMG_9872-300x225.jpg 300w, https:\/\/jorgezanoni.com.br\/2019\/wp-content\/uploads\/2019\/11\/IMG_9872-768x576.jpg 768w, https:\/\/jorgezanoni.com.br\/2019\/wp-content\/uploads\/2019\/11\/IMG_9872-80x60.jpg 80w, https:\/\/jorgezanoni.com.br\/2019\/wp-content\/uploads\/2019\/11\/IMG_9872-265x198.jpg 265w, https:\/\/jorgezanoni.com.br\/2019\/wp-content\/uploads\/2019\/11\/IMG_9872-696x522.jpg 696w, https:\/\/jorgezanoni.com.br\/2019\/wp-content\/uploads\/2019\/11\/IMG_9872-560x420.jpg 560w\" sizes=\"auto, (max-width: 800px) 100vw, 800px\" \/>Gerente Diego J\u00fanior entrevista um dos candidatos<\/p>\n<p style=\"text-align: justify;\">Vinicius Bavaresco, supervisor geral de vendas da empresa, que mora em Presidente Epit\u00e1cio,\u00a0 falou ao Site JZ. Estava tamb\u00e9m presente, participando da sele\u00e7\u00e3o dos empregados, o futuro gerente da Loja, Diego J\u00fanior.<\/p>\n<p><img loading=\"lazy\" decoding=\"async\" class=\"alignnone size-full wp-image-10403\" src=\"https:\/\/jorgezanoni.com.br\/2019\/wp-content\/uploads\/2019\/11\/IMG_9873-2.jpg\" alt=\"\" width=\"900\" height=\"983\" srcset=\"https:\/\/jorgezanoni.com.br\/2019\/wp-content\/uploads\/2019\/11\/IMG_9873-2.jpg 900w, https:\/\/jorgezanoni.com.br\/2019\/wp-content\/uploads\/2019\/11\/IMG_9873-2-275x300.jpg 275w, https:\/\/jorgezanoni.com.br\/2019\/wp-content\/uploads\/2019\/11\/IMG_9873-2-768x839.jpg 768w, https:\/\/jorgezanoni.com.br\/2019\/wp-content\/uploads\/2019\/11\/IMG_9873-2-696x760.jpg 696w, https:\/\/jorgezanoni.com.br\/2019\/wp-content\/uploads\/2019\/11\/IMG_9873-2-385x420.jpg 385w\" sizes=\"auto, (max-width: 900px) 100vw, 900px\" \/>Vinicius Bavaresco \u00e9 o Supervisor Geral de vendas da empresa<\/p>\n<p style=\"text-align: justify;\">Jorge Zanoni<\/p>\n<p style=\"text-align: justify;\">\n","protected":false},"excerpt":{"rendered":"<p>tenas de pessoas formando uma grande fila, estavam na sede da ACE (Associa\u00e7\u00e3o Comercial e Empresarial de Dracena), buscando uma vaga na nova empresa. JORROVI CAL\u00c7ADOS inaugura em breve em Dracena. Hoje teve entrevistas com candidatos a emprego. JORROVI CAL\u00c7ADOS inaugura em breve em Dracena. Hoje teve entrevistas com candidatos a emprego. Posted by Jorge [&hellip;]<\/p>\n","protected":false},"author":1,"featured_media":10404,"comment_status":"closed","ping_status":"open","sticky":false,"template":"","format":"video","meta":{"footnotes":""},"categories":[110,169],"tags":[],"class_list":["post-10401","post","type-post","status-publish","format-video","has-post-thumbnail","hentry","category-noticiasdestaque","category-videos","post_format-post-format-video"],"_links":{"self":[{"href":"https:\/\/jorgezanoni.com.br\/2019\/wp-json\/wp\/v2\/posts\/10401","targetHints":{"allow":["GET"]}}],"collection":[{"href":"https:\/\/jorgezanoni.com.br\/2019\/wp-json\/wp\/v2\/posts"}],"about":[{"href":"https:\/\/jorgezanoni.com.br\/2019\/wp-json\/wp\/v2\/types\/post"}],"author":[{"embeddable":true,"href":"https:\/\/jorgezanoni.com.br\/2019\/wp-json\/wp\/v2\/users\/1"}],"replies":[{"embeddable":true,"href":"https:\/\/jorgezanoni.com.br\/2019\/wp-json\/wp\/v2\/comments?post=10401"}],"version-history":[{"count":0,"href":"https:\/\/jorgezanoni.com.br\/2019\/wp-json\/wp\/v2\/posts\/10401\/revisions"}],"wp:featuredmedia":[{"embeddable":true,"href":"https:\/\/jorgezanoni.com.br\/2019\/wp-json\/wp\/v2\/media\/10404"}],"wp:attachment":[{"href":"https:\/\/jorgezanoni.com.br\/2019\/wp-json\/wp\/v2\/media?parent=10401"}],"wp:term":[{"taxonomy":"category","embeddable":true,"href":"https:\/\/jorgezanoni.com.br\/2019\/wp-json\/wp\/v2\/categories?post=10401"},{"taxonomy":"post_tag","embeddable":true,"href":"https:\/\/jorgezanoni.com.br\/2019\/wp-json\/wp\/v2\/tags?post=10401"}],"curies":[{"name":"wp","href":"https:\/\/api.w.org\/{rel}","templated":true}]}}