{"id":1040,"date":"2019-07-19T20:46:36","date_gmt":"2019-07-19T20:46:36","guid":{"rendered":"http:\/\/jorgezanoni.com.br\/2019\/?p=1040"},"modified":"2019-07-19T20:46:48","modified_gmt":"2019-07-19T20:46:48","slug":"liberacao-do-fgts-vazou-antes-de-estudos-serem-concluidos-diz-onyx","status":"publish","type":"post","link":"https:\/\/jorgezanoni.com.br\/2019\/liberacao-do-fgts-vazou-antes-de-estudos-serem-concluidos-diz-onyx\/","title":{"rendered":"Libera\u00e7\u00e3o do FGTS vazou antes de estudos serem conclu\u00eddos, diz Onyx"},"content":{"rendered":"<h2 class=\"content-head__subtitle\"><strong>Ministro da Casa Civil afirmou que medida provis\u00f3ria liberando os saques ser\u00e1 assinada na quarta-feira (24). Ele ainda disse que saques n\u00e3o afetar\u00e3o financiamentos da casa pr\u00f3pria.<\/strong><\/h2>\n<div class=\"mc-column content-text active-extra-styles \" data-block-type=\"unstyled\" data-block-weight=\"57\" data-block-id=\"2\">\n<p class=\"content-text__container \" data-track-category=\"Link no Texto\" data-track-links=\"\">O ministro da Casa Civil, Onyx Lorenzoni, disse nesta sexta-feira (19) que a informa\u00e7\u00e3o de\u00a0<a href=\"https:\/\/g1.globo.com\/politica\/blog\/valdo-cruz\/post\/2019\/07\/18\/governo-pode-autorizar-saque-anual-de-contas-ativas-e-inativas-do-fgts.ghtml\">libera\u00e7\u00e3o de saques do Fundo de Garantia de Tempo de Servi\u00e7o (FGTS)<\/a>\u00a0vazou antes de o governo ter conclu\u00eddo os estudos sobre o tema. Onyx garantiu, no entanto, que a medida provis\u00f3ria liberando os saques ser\u00e1 assinada na pr\u00f3xima quarta-feira (24).<\/p>\n<\/div>\n<div class=\"wall protected-content\">\n<div class=\"mc-column content-text active-extra-styles \" data-block-type=\"unstyled\" data-block-weight=\"65\" data-block-id=\"3\">\n<p class=\"content-text__container \" data-track-category=\"Link no Texto\" data-track-links=\"\">&#8220;A situa\u00e7\u00e3o \u00e9 a seguinte. N\u00f3s t\u00ednhamos uma s\u00e9rie de detalhes t\u00e9cnicos. O problema \u00e9 que a informa\u00e7\u00e3o vazou, esse \u00e9 o fato concreto. Na medida em que a informa\u00e7\u00e3o vazou, n\u00f3s n\u00e3o t\u00ednhamos conclu\u00eddos ainda todo os estudos acerca dessa libera\u00e7\u00e3o de acesso ao FGTS&#8221;, afirmou Onyx em um caf\u00e9 da manh\u00e3 do presidente Jair Bolsonaro com jornalistas estrangeiros no Pal\u00e1cio do Planalto.<\/p>\n<\/div>\n<div class=\"mc-column content-text active-extra-styles\" data-block-type=\"raw\" data-block-weight=\"7\" data-block-id=\"4\">\n<ul class=\"content-unordered-list\">\n<li><a href=\"https:\/\/g1.globo.com\/politica\/noticia\/2019\/07\/18\/liberacao-de-saque-de-contas-do-fgts-sera-anunciada-na-proxima-semana-diz-ministro-da-casa-civil.ghtml\">Veja como consultar o saldo do FGTS<\/a><\/li>\n<\/ul>\n<\/div>\n<div class=\"mc-column content-text active-extra-styles \" data-block-type=\"unstyled\" data-block-weight=\"44\" data-block-id=\"5\">\n<p class=\"content-text__container \" data-track-category=\"Link no Texto\" data-track-links=\"\">A not\u00edcia de que o governo liberar\u00e1 saques do FGTS\u00a0<a href=\"https:\/\/g1.globo.com\/economia\/blog\/joao-borges\/post\/2019\/07\/16\/governo-deve-anunciar-liberacao-de-saques-do-fgts-previsao-e-injetar-r-30-bi-na-economia.ghtml\">surgiu nesta semana<\/a>. Bolsonaro chegou a afirmar na quinta-feira (18) que o an\u00fancio oficial seria feito naquele dia. Depois,\u00a0<a href=\"https:\/\/g1.globo.com\/politica\/noticia\/2019\/07\/18\/liberacao-de-saque-de-contas-do-fgts-sera-anunciada-na-proxima-semana-diz-ministro-da-casa-civil.ghtml\">Onyx disse que ficaria para semana que vem<\/a>. No caf\u00e9, o ministro refor\u00e7ou a informa\u00e7\u00e3o.<\/p>\n<\/div>\n<div class=\"mc-column content-text active-extra-styles \" data-block-type=\"unstyled\" data-block-weight=\"42\" data-block-id=\"6\">\n<p class=\"content-text__container \" data-track-category=\"Link no Texto\" data-track-links=\"\">&#8220;A equipe t\u00e9cnica conclui todo os estudos e todo o trabalho at\u00e9 a tarde de segunda-feira, durante o dia de ter\u00e7a ser\u00e1 apresentado ao presidente, e \u00e0s 16h de quarta-feira vai ser assinada a medida provis\u00f3ria pelo presidente Bolsonaro&#8221;, afirmou Onyx.<\/p>\n<div class=\"mc-column content-text active-extra-styles \" data-block-type=\"unstyled\" data-block-weight=\"52\" data-block-id=\"9\">\n<p class=\"content-text__container \" data-track-category=\"Link no Texto\" data-track-links=\"\">O ministro tamb\u00e9m afirmou que o governo garantiu que recursos para financiamento da casa pr\u00f3pria e para o programa Minha Casa Minha Vida, que usam verba do FGTS, ser\u00e3o mantidos. Ele afirmou que as garantias foram dadas para o presidente da C\u00e2mara Brasileira da Ind\u00fastria de Constru\u00e7\u00e3o (Cbic), Jos\u00e9 Carlos Martins.<\/p>\n<\/div>\n<div class=\"mc-column content-text active-extra-styles \" data-block-type=\"unstyled\" data-block-weight=\"53\" data-block-id=\"10\">\n<p class=\"content-text__container \" data-track-category=\"Link no Texto\" data-track-links=\"\">&#8220;O que est\u00e1 garantido, e foi dito ontem ao presidente Jos\u00e9 Carlos Martins, da CBIC, \u00e9 que os recursos que financiam a habita\u00e7\u00e3o popular no Brasil est\u00e3o rigorosamente assegurados e estar\u00e3o garantidos e protegidos. N\u00f3s vamos usar uma outra parte para poder criar uma situa\u00e7\u00e3o muito mais favor\u00e1vel aos trabalhadores brasileiros&#8221;, completou Onyx.<\/p>\n<p data-track-category=\"Link no Texto\" data-track-links=\"\">Fonte: G1<\/p>\n<\/div>\n<\/div>\n<\/div>\n","protected":false},"excerpt":{"rendered":"<p>Ministro da Casa Civil afirmou que medida provis\u00f3ria liberando os saques ser\u00e1 assinada na quarta-feira (24). Ele ainda disse que saques n\u00e3o afetar\u00e3o financiamentos da casa pr\u00f3pria. O ministro da Casa Civil, Onyx Lorenzoni, disse nesta sexta-feira (19) que a informa\u00e7\u00e3o de\u00a0libera\u00e7\u00e3o de saques do Fundo de Garantia de Tempo de Servi\u00e7o (FGTS)\u00a0vazou antes de [&hellip;]<\/p>\n","protected":false},"author":1,"featured_media":1041,"comment_status":"open","ping_status":"open","sticky":false,"template":"","format":"standard","meta":{"footnotes":""},"categories":[116],"tags":[],"class_list":["post-1040","post","type-post","status-publish","format-standard","has-post-thumbnail","hentry","category-politicaeeconomia"],"_links":{"self":[{"href":"https:\/\/jorgezanoni.com.br\/2019\/wp-json\/wp\/v2\/posts\/1040","targetHints":{"allow":["GET"]}}],"collection":[{"href":"https:\/\/jorgezanoni.com.br\/2019\/wp-json\/wp\/v2\/posts"}],"about":[{"href":"https:\/\/jorgezanoni.com.br\/2019\/wp-json\/wp\/v2\/types\/post"}],"author":[{"embeddable":true,"href":"https:\/\/jorgezanoni.com.br\/2019\/wp-json\/wp\/v2\/users\/1"}],"replies":[{"embeddable":true,"href":"https:\/\/jorgezanoni.com.br\/2019\/wp-json\/wp\/v2\/comments?post=1040"}],"version-history":[{"count":0,"href":"https:\/\/jorgezanoni.com.br\/2019\/wp-json\/wp\/v2\/posts\/1040\/revisions"}],"wp:featuredmedia":[{"embeddable":true,"href":"https:\/\/jorgezanoni.com.br\/2019\/wp-json\/wp\/v2\/media\/1041"}],"wp:attachment":[{"href":"https:\/\/jorgezanoni.com.br\/2019\/wp-json\/wp\/v2\/media?parent=1040"}],"wp:term":[{"taxonomy":"category","embeddable":true,"href":"https:\/\/jorgezanoni.com.br\/2019\/wp-json\/wp\/v2\/categories?post=1040"},{"taxonomy":"post_tag","embeddable":true,"href":"https:\/\/jorgezanoni.com.br\/2019\/wp-json\/wp\/v2\/tags?post=1040"}],"curies":[{"name":"wp","href":"https:\/\/api.w.org\/{rel}","templated":true}]}}