{"id":10395,"date":"2019-11-04T15:37:09","date_gmt":"2019-11-04T15:37:09","guid":{"rendered":"https:\/\/jorgezanoni.com.br\/2019\/?p=10395"},"modified":"2019-11-04T15:44:06","modified_gmt":"2019-11-04T15:44:06","slug":"unifadra-dracena-e-cep-ume-divulgam-vestibular-e-matriculas-durante-o-enem","status":"publish","type":"post","link":"https:\/\/jorgezanoni.com.br\/2019\/unifadra-dracena-e-cep-ume-divulgam-vestibular-e-matriculas-durante-o-enem\/","title":{"rendered":"Unifadra Dracena e CEP\/UME divulgam vestibular e matr\u00edculas durante o ENEM"},"content":{"rendered":"<p style=\"font-weight: 400; text-align: justify;\">Neste \u00faltimo domingo (3), alunos, professores e colaboradores da faculdade Unifadra\/Fundec e dos cursos profissionalizantes do CEP\/UME divulgaram o vestibular 2019 e as matr\u00edculas\u00a0para\u00a0os cursos t\u00e9cnicos durante o ENEM.<\/p>\n<p style=\"font-weight: 400; text-align: justify;\">A a\u00e7\u00e3o ocorreu nos locais de prova e contou com distribui\u00e7\u00e3o de copos e canetas personalizadas das unidades escolares mantidas pela Fundec.<\/p>\n<p><img loading=\"lazy\" decoding=\"async\" class=\"alignnone size-full wp-image-10396\" src=\"https:\/\/jorgezanoni.com.br\/2019\/wp-content\/uploads\/2019\/11\/uni.jpeg\" alt=\"\" width=\"1280\" height=\"960\" srcset=\"https:\/\/jorgezanoni.com.br\/2019\/wp-content\/uploads\/2019\/11\/uni.jpeg 1280w, https:\/\/jorgezanoni.com.br\/2019\/wp-content\/uploads\/2019\/11\/uni-300x225.jpeg 300w, https:\/\/jorgezanoni.com.br\/2019\/wp-content\/uploads\/2019\/11\/uni-768x576.jpeg 768w, https:\/\/jorgezanoni.com.br\/2019\/wp-content\/uploads\/2019\/11\/uni-1024x768.jpeg 1024w, https:\/\/jorgezanoni.com.br\/2019\/wp-content\/uploads\/2019\/11\/uni-80x60.jpeg 80w, https:\/\/jorgezanoni.com.br\/2019\/wp-content\/uploads\/2019\/11\/uni-265x198.jpeg 265w, https:\/\/jorgezanoni.com.br\/2019\/wp-content\/uploads\/2019\/11\/uni-696x522.jpeg 696w, https:\/\/jorgezanoni.com.br\/2019\/wp-content\/uploads\/2019\/11\/uni-1068x801.jpeg 1068w, https:\/\/jorgezanoni.com.br\/2019\/wp-content\/uploads\/2019\/11\/uni-560x420.jpeg 560w\" sizes=\"auto, (max-width: 1280px) 100vw, 1280px\" \/> <img loading=\"lazy\" decoding=\"async\" class=\"alignnone size-full wp-image-10397\" src=\"https:\/\/jorgezanoni.com.br\/2019\/wp-content\/uploads\/2019\/11\/Uni1.jpg\" alt=\"\" width=\"180\" height=\"240\" \/><\/p>\n<p style=\"font-weight: 400; text-align: justify;\"><em>Fernando Nunes<\/em><\/p>\n<p style=\"font-weight: 400; text-align: justify;\">Diretor de Comunica\u00e7\u00e3o Fundec<\/p>\n<p style=\"font-weight: 400;\">Foto: ENEM movimentou escolas de Dracena neste \u00faltimo domingo.<\/p>\n<p style=\"font-weight: 400;\">Foto: \u00a0Unifadra e CEP\/UME participam de a\u00e7\u00e3o de divulga\u00e7\u00e3o no ENEM 2019<\/p>\n<p>&nbsp;<\/p>\n","protected":false},"excerpt":{"rendered":"<p>Neste \u00faltimo domingo (3), alunos, professores e colaboradores da faculdade Unifadra\/Fundec e dos cursos profissionalizantes do CEP\/UME divulgaram o vestibular 2019 e as matr\u00edculas\u00a0para\u00a0os cursos t\u00e9cnicos durante o ENEM. A a\u00e7\u00e3o ocorreu nos locais de prova e contou com distribui\u00e7\u00e3o de copos e canetas personalizadas das unidades escolares mantidas pela Fundec. Fernando Nunes Diretor de [&hellip;]<\/p>\n","protected":false},"author":1,"featured_media":10399,"comment_status":"closed","ping_status":"open","sticky":false,"template":"","format":"standard","meta":{"footnotes":""},"categories":[122],"tags":[],"class_list":["post-10395","post","type-post","status-publish","format-standard","has-post-thumbnail","hentry","category-saudeeducacaoeconcurso"],"_links":{"self":[{"href":"https:\/\/jorgezanoni.com.br\/2019\/wp-json\/wp\/v2\/posts\/10395","targetHints":{"allow":["GET"]}}],"collection":[{"href":"https:\/\/jorgezanoni.com.br\/2019\/wp-json\/wp\/v2\/posts"}],"about":[{"href":"https:\/\/jorgezanoni.com.br\/2019\/wp-json\/wp\/v2\/types\/post"}],"author":[{"embeddable":true,"href":"https:\/\/jorgezanoni.com.br\/2019\/wp-json\/wp\/v2\/users\/1"}],"replies":[{"embeddable":true,"href":"https:\/\/jorgezanoni.com.br\/2019\/wp-json\/wp\/v2\/comments?post=10395"}],"version-history":[{"count":0,"href":"https:\/\/jorgezanoni.com.br\/2019\/wp-json\/wp\/v2\/posts\/10395\/revisions"}],"wp:featuredmedia":[{"embeddable":true,"href":"https:\/\/jorgezanoni.com.br\/2019\/wp-json\/wp\/v2\/media\/10399"}],"wp:attachment":[{"href":"https:\/\/jorgezanoni.com.br\/2019\/wp-json\/wp\/v2\/media?parent=10395"}],"wp:term":[{"taxonomy":"category","embeddable":true,"href":"https:\/\/jorgezanoni.com.br\/2019\/wp-json\/wp\/v2\/categories?post=10395"},{"taxonomy":"post_tag","embeddable":true,"href":"https:\/\/jorgezanoni.com.br\/2019\/wp-json\/wp\/v2\/tags?post=10395"}],"curies":[{"name":"wp","href":"https:\/\/api.w.org\/{rel}","templated":true}]}}