{"id":1037,"date":"2019-07-19T20:38:59","date_gmt":"2019-07-19T20:38:59","guid":{"rendered":"http:\/\/jorgezanoni.com.br\/2019\/?p=1037"},"modified":"2019-07-19T20:41:09","modified_gmt":"2019-07-19T20:41:09","slug":"falar-que-se-passa-fome-no-brasil-e-uma-grande-mentira-diz-bolsonaro","status":"publish","type":"post","link":"https:\/\/jorgezanoni.com.br\/2019\/falar-que-se-passa-fome-no-brasil-e-uma-grande-mentira-diz-bolsonaro\/","title":{"rendered":"&#8216;Falar que se passa fome no Brasil \u00e9 uma grande mentira&#8217;, diz Bolsonaro"},"content":{"rendered":"<h2 class=\"content-head__subtitle\"><strong>Ele disse que n\u00e3o h\u00e1 nas ruas gente com &#8216;f\u00edsico esquel\u00e9tico&#8217;. &#8216;Passa-se mal, n\u00e3o come bem. A\u00ed eu concordo. Agora, passar fome n\u00e3o&#8217;, afirmou. Mais tarde, relativizou: &#8216;Alguns passam fome&#8217;.<\/strong><\/h2>\n<div class=\"mc-column content-text active-extra-styles \" data-block-type=\"unstyled\" data-block-weight=\"31\" data-block-id=\"2\">\n<p class=\"content-text__container \" data-track-category=\"Link no Texto\" data-track-links=\"\">O presidente\u00a0<a href=\"https:\/\/g1.globo.com\/politica\/politico\/jair-bolsonaro\/\">Jair Bolsonaro <\/a>afirmou nesta sexta-feira (19) que \u00e9 uma &#8220;grande mentira&#8221; que pessoas passem fome no Brasil. Segundo ele, n\u00e3o h\u00e1 nas ruas do pa\u00eds pessoas com &#8220;f\u00edsico esquel\u00e9tico&#8221;.<\/p>\n<\/div>\n<div class=\"wall protected-content\">\n<div class=\"mc-column content-text active-extra-styles \" data-block-type=\"unstyled\" data-block-weight=\"22\" data-block-id=\"3\">\n<p class=\"content-text__container \" data-track-category=\"Link no Texto\" data-track-links=\"\">A declara\u00e7\u00e3o foi dada durante caf\u00e9 da manh\u00e3 com jornalistas de ve\u00edculos estrangeiros e foi transmitida por uma rede social do presidente.<\/p>\n<\/div>\n<div class=\"mc-column content-text active-extra-styles \" data-block-type=\"unstyled\" data-block-weight=\"34\" data-block-id=\"4\">\n<p class=\"content-text__container \" data-track-category=\"Link no Texto\" data-track-links=\"\">Durante o caf\u00e9 da manh\u00e3, Bolsonaro foi questionado por uma jornalista a respeito do\u00a0<a href=\"https:\/\/g1.globo.com\/educacao\/noticia\/2019\/07\/15\/sem-merenda-quando-ferias-escolares-significam-fome-no-brasil.ghtml\">aumento da pobreza e da fome no pa\u00eds<\/a>, problema que teria sido apontado pelo presidente da C\u00e2mara, Rodrigo Maia (DEM-RJ).<\/p>\n<\/div>\n<div class=\"mc-column content-text active-extra-styles \" data-block-type=\"unstyled\" data-block-weight=\"18\" data-block-id=\"5\">\n<p class=\"content-text__container \" data-track-category=\"Link no Texto\" data-track-links=\"\">Segundo o presidente, falar que pessoas passam fome no Brasil \u00e9 &#8220;uma grande mentira&#8221; e um &#8220;discurso populista&#8221;.<\/p>\n<\/div>\n<div class=\"mc-column content-text active-extra-styles\" data-block-type=\"raw\" data-block-weight=\"47\" data-block-id=\"6\">\n<blockquote class=\"content-blockquote theme-border-color-primary-before\"><p>&#8220;Falar que se passa fome no Brasil \u00e9 uma grande mentira. Passa-se mal, n\u00e3o come bem. A\u00ed eu concordo. Agora passar fome, n\u00e3o. Voc\u00ea n\u00e3o v\u00ea gente pobre pelas ruas com f\u00edsico esquel\u00e9tico como a gente v\u00ea em alguns outros pa\u00edses por a\u00ed pelo mundo&#8221;, disse Bolsonaro.<\/p><\/blockquote>\n<\/div>\n<div class=\"mc-column content-text active-extra-styles \" data-block-type=\"unstyled\" data-block-weight=\"28\" data-block-id=\"7\">\n<p class=\"content-text__container \" data-track-category=\"Link no Texto\" data-track-links=\"\">N\u00fameros da Organiza\u00e7\u00e3o das Na\u00e7\u00f5es Unidas para a Agricultura e Alimenta\u00e7\u00e3o (FAO), por\u00e9m, apontam que, no Brasil, ao menos 2,5% da popula\u00e7\u00e3o ainda encontra-se em grave situa\u00e7\u00e3o alimentar.<\/p>\n<\/div>\n<div class=\"mc-column content-text active-extra-styles \" data-block-type=\"unstyled\" data-block-weight=\"39\" data-block-id=\"8\">\n<p class=\"content-text__container \" data-track-category=\"Link no Texto\" data-track-links=\"\">Os dados, divulgados no final do ano passado, apontam que, em 2017, ano utilizado como base para o relat\u00f3rio,\u00a0<a href=\"https:\/\/g1.globo.com\/ciencia-e-saude\/noticia\/2018\/09\/11\/no-brasil-fome-se-estabiliza-e-22-da-populacao-e-obesa-segundo-fao.ghtml\">mais de 5,2 milh\u00f5es de brasileiros<\/a> passaram um dia inteiro ou mais dias sem consumir alimentos ao longo do ano.<\/p>\n<\/div>\n<div class=\"mc-column content-text active-extra-styles \" data-block-type=\"unstyled\" data-block-weight=\"46\" data-block-id=\"10\">\n<p class=\"content-text__container \" data-track-category=\"Link no Texto\" data-track-links=\"\">&#8220;\u00c9 um discurso populista [falar de fome no Brasil], tentando ganhar simpatia popular, nada mais al\u00e9m disso. O que n\u00f3s temos que fazer, n\u00f3s, Poder Executivo e Legislativo, em grande parte um depende do outro, \u00e9 facilitar a vida do empreendedor, de quem quer produzir&#8221;, complementou.<\/p>\n<\/div>\n<div class=\"mc-column content-text active-extra-styles \" data-block-type=\"unstyled\" data-block-weight=\"28\" data-block-id=\"11\">\n<p class=\"content-text__container \" data-track-category=\"Link no Texto\" data-track-links=\"\">Ele afirmou ainda que o solo do Brasil \u00e9 &#8220;rico para praticamente qualquer plantio&#8221;, mas que as autoridades pol\u00edticas n\u00e3o devem atrapalhar o nosso povo a crescer.<\/p>\n<\/div>\n<div class=\"mc-column content-text active-extra-styles \" data-block-type=\"unstyled\" data-block-weight=\"11\" data-block-id=\"12\">\n<p class=\"content-text__container \" data-track-category=\"Link no Texto\" data-track-links=\"\">Bolsonaro tamb\u00e9m criticou a legisla\u00e7\u00e3o ambiental brasileira, classificando-a de &#8220;psicose ambiental&#8221;.<\/p>\n<\/div>\n<div class=\"mc-column content-text active-extra-styles \" data-block-type=\"unstyled\" data-block-weight=\"43\" data-block-id=\"13\">\n<p class=\"content-text__container \" data-track-category=\"Link no Texto\" data-track-links=\"\">&#8220;\u00c9 s\u00f3 as autoridades pol\u00edticas, n\u00f3s do Legislativo e do Executivo, n\u00e3o atrapalharem o nosso povo, e essas franjas de mis\u00e9ria por si s\u00f3 acabam no Brasil, porque nosso solo \u00e9 muito rico para tudo o que voc\u00ea possa imaginar&#8221;, disse o presidente.<\/p>\n<\/div>\n<div class=\"mc-column content-text active-extra-styles\" data-block-type=\"raw\" data-block-weight=\"6\" data-block-id=\"14\">\n<div class=\"content-intertitle\">\n<h2>&#8216;Alguns passam fome&#8217;, disse mais tarde<\/h2>\n<\/div>\n<\/div>\n<div class=\"mc-column content-text active-extra-styles \" data-block-type=\"unstyled\" data-block-weight=\"27\" data-block-id=\"15\">\n<p class=\"content-text__container \" data-track-category=\"Link no Texto\" data-track-links=\"\">Mais tarde, ap\u00f3s evento do qual participou no Minist\u00e9rio da Cidadania pelo Dia do Futebol, Bolsonaro afirmou que o brasileiro &#8220;come mal&#8221; e que &#8220;alguns&#8221; passam fome.<\/p>\n<\/div>\n<div class=\"mc-column content-text active-extra-styles\" data-block-type=\"raw\" data-block-weight=\"34\" data-block-id=\"16\">\n<blockquote class=\"content-blockquote theme-border-color-primary-before\"><p>&#8220;O brasileiro come mal. Alguns passam fome. Agora, \u00e9 inaceit\u00e1vel em um t\u00e3o rico pa\u00eds como o nosso, com terras agricult\u00e1veis, \u00e1gua em abund\u00e2ncia. At\u00e9 o semi\u00e1rido nordestino tem pluviom\u00e9trico maior que Israel&#8221;, declarou.<\/p><\/blockquote>\n<\/div>\n<div class=\"mc-column content-text active-extra-styles \" data-block-type=\"unstyled\" data-block-weight=\"31\" data-block-id=\"17\">\n<p class=\"content-text__container \" data-track-category=\"Link no Texto\" data-track-links=\"\">Questionado por jornalistas se estava recuando da declara\u00e7\u00e3o, se irritou e amea\u00e7ou encerrar a entrevista. &#8220;Pelo amor de Deus, se for para entrar em detalhes, em filigrana, eu vou embora&#8221;, afirmou.<\/p>\n<\/div>\n<div class=\"mc-column content-text active-extra-styles \" data-block-type=\"unstyled\" data-block-weight=\"4\" data-block-id=\"18\">\n<p class=\"content-text__container \" data-track-category=\"Link no Texto\" data-track-links=\"\">Em seguida, complementou:<\/p>\n<\/div>\n<div class=\"mc-column content-text active-extra-styles \" data-block-type=\"unstyled\" data-block-weight=\"48\" data-block-id=\"19\">\n<p class=\"content-text__container \" data-track-category=\"Link no Texto\" data-track-links=\"\">&#8220;N\u00e3o estou vendo nenhum magro aqui. Temos um problema alimentar no Brasil. Temos, n\u00e3o \u00e9 culpa minha, vem de tr\u00e1s, estou tentando resolver. O que tira o homem e a mulher da mis\u00e9ria \u00e9 o conhecimento, n\u00e3o s\u00e3o bolsas e programas assistencialistas. Temos que lutar nesse sentido&#8221;, declarou.<\/p>\n<p data-track-category=\"Link no Texto\" data-track-links=\"\">Fonte: G1<\/p>\n<\/div>\n<\/div>\n","protected":false},"excerpt":{"rendered":"<p>Ele disse que n\u00e3o h\u00e1 nas ruas gente com &#8216;f\u00edsico esquel\u00e9tico&#8217;. &#8216;Passa-se mal, n\u00e3o come bem. A\u00ed eu concordo. Agora, passar fome n\u00e3o&#8217;, afirmou. Mais tarde, relativizou: &#8216;Alguns passam fome&#8217;. O presidente\u00a0Jair Bolsonaro afirmou nesta sexta-feira (19) que \u00e9 uma &#8220;grande mentira&#8221; que pessoas passem fome no Brasil. Segundo ele, n\u00e3o h\u00e1 nas ruas do [&hellip;]<\/p>\n","protected":false},"author":1,"featured_media":1038,"comment_status":"open","ping_status":"open","sticky":false,"template":"","format":"standard","meta":{"footnotes":""},"categories":[116],"tags":[],"class_list":["post-1037","post","type-post","status-publish","format-standard","has-post-thumbnail","hentry","category-politicaeeconomia"],"_links":{"self":[{"href":"https:\/\/jorgezanoni.com.br\/2019\/wp-json\/wp\/v2\/posts\/1037","targetHints":{"allow":["GET"]}}],"collection":[{"href":"https:\/\/jorgezanoni.com.br\/2019\/wp-json\/wp\/v2\/posts"}],"about":[{"href":"https:\/\/jorgezanoni.com.br\/2019\/wp-json\/wp\/v2\/types\/post"}],"author":[{"embeddable":true,"href":"https:\/\/jorgezanoni.com.br\/2019\/wp-json\/wp\/v2\/users\/1"}],"replies":[{"embeddable":true,"href":"https:\/\/jorgezanoni.com.br\/2019\/wp-json\/wp\/v2\/comments?post=1037"}],"version-history":[{"count":0,"href":"https:\/\/jorgezanoni.com.br\/2019\/wp-json\/wp\/v2\/posts\/1037\/revisions"}],"wp:featuredmedia":[{"embeddable":true,"href":"https:\/\/jorgezanoni.com.br\/2019\/wp-json\/wp\/v2\/media\/1038"}],"wp:attachment":[{"href":"https:\/\/jorgezanoni.com.br\/2019\/wp-json\/wp\/v2\/media?parent=1037"}],"wp:term":[{"taxonomy":"category","embeddable":true,"href":"https:\/\/jorgezanoni.com.br\/2019\/wp-json\/wp\/v2\/categories?post=1037"},{"taxonomy":"post_tag","embeddable":true,"href":"https:\/\/jorgezanoni.com.br\/2019\/wp-json\/wp\/v2\/tags?post=1037"}],"curies":[{"name":"wp","href":"https:\/\/api.w.org\/{rel}","templated":true}]}}