{"id":10361,"date":"2019-11-03T22:33:30","date_gmt":"2019-11-03T22:33:30","guid":{"rendered":"https:\/\/jorgezanoni.com.br\/2019\/?p=10361"},"modified":"2019-11-03T22:33:30","modified_gmt":"2019-11-03T22:33:30","slug":"carille-nao-e-mais-tecnico-do-corinthians","status":"publish","type":"post","link":"https:\/\/jorgezanoni.com.br\/2019\/carille-nao-e-mais-tecnico-do-corinthians\/","title":{"rendered":"Carille n\u00e3o \u00e9 mais t\u00e9cnico do Corinthians"},"content":{"rendered":"<p style=\"text-align: justify;\"><strong>O t\u00e9cnico F\u00e1bio Carille n\u00e3o resistiu \u00e0 derrota por 4 a 1 para o Flamengo, no Maracan\u00e3, e deixou o comando do Corinthians.<\/strong><\/p>\n<p style=\"text-align: justify;\">F\u00e1bio Carille n\u00e3o \u00e9 mais o t\u00e9cnico do Corinthians. O treinador deixou o cargo ap\u00f3s a derrota por 4 a 1 para o Flamengo, no Maracan\u00e3. A sa\u00edda vem ap\u00f3s uma semana de press\u00e3o, em que o comandante j\u00e1 havia sido criticado por Andr\u00e9s Sanchez e dado declara\u00e7\u00f5es pesadas de que sentia &#8220;vergonha&#8221; pelas atua\u00e7\u00f5es recentes do Tim\u00e3o, que ficou oito jogos sem vit\u00f3ria no Brasileir\u00e3o.<\/p>\n<p style=\"text-align: justify;\">Esta foi a segunda passagem de Carille no Corinthians. O treinador foi efetivado no cargo no in\u00edcio de 2017 e conquistou o Campeonato Paulista e o Brasileir\u00e3o daquele ano. Na temporada seguinte, venceu novamente o Estadual e deixou o clube ap\u00f3s receber uma proposta do futebol \u00e1rabe. Carille retornou no in\u00edcio de 2019 e foi tricampe\u00e3o do Paulist\u00e3o.<\/p>\n<p style=\"text-align: justify;\">Andr\u00e9s Sanchez concedeu entrevista coletiva e anunciou a decis\u00e3o. &#8220;N\u00f3s tiramos. Foi uma conversa, toda conversa de demiss\u00e3o \u00e9 triste, ainda mais de um treinador que tem hist\u00f3ria grande no Corinthians. Tivemos de tomar essa decis\u00e3o&#8221;, analisou, antes de falar que o Corinthians buscar\u00e1 um novo nome o mais r\u00e1pido poss\u00edvel.<\/p>\n<p style=\"text-align: justify;\">&#8220;At\u00e9 quarta-feira vamos ver quem vai tomar conta do time. Vamos correr para trazer algu\u00e9m, \u00e9 d\u00edficil, mas vamos dar o m\u00e1ximo&#8221;, garantiu.<\/p>\n<p style=\"text-align: justify;\">O pr\u00f3ximo jogo do Corinthians ser\u00e1 na quarta-feira (06), contra o Fortaleza, na Arena. O Tim\u00e3o atualmente \u00e9 o s\u00e9timo colocado do Brasileir\u00e3o, com 45 pontos.<\/p>\n<p style=\"text-align: justify;\">Fonte: https:\/\/www.esporteinterativo.com.br\/brasileirao\/Carille-no-e-mais-tecnico-do-Corinthians-20191103-0008.html<\/p>\n","protected":false},"excerpt":{"rendered":"<p>O t\u00e9cnico F\u00e1bio Carille n\u00e3o resistiu \u00e0 derrota por 4 a 1 para o Flamengo, no Maracan\u00e3, e deixou o comando do Corinthians. F\u00e1bio Carille n\u00e3o \u00e9 mais o t\u00e9cnico do Corinthians. O treinador deixou o cargo ap\u00f3s a derrota por 4 a 1 para o Flamengo, no Maracan\u00e3. A sa\u00edda vem ap\u00f3s uma semana [&hellip;]<\/p>\n","protected":false},"author":1,"featured_media":10367,"comment_status":"closed","ping_status":"open","sticky":false,"template":"","format":"standard","meta":{"footnotes":""},"categories":[111,110],"tags":[],"class_list":["post-10361","post","type-post","status-publish","format-standard","has-post-thumbnail","hentry","category-esporteecultura","category-noticiasdestaque"],"_links":{"self":[{"href":"https:\/\/jorgezanoni.com.br\/2019\/wp-json\/wp\/v2\/posts\/10361","targetHints":{"allow":["GET"]}}],"collection":[{"href":"https:\/\/jorgezanoni.com.br\/2019\/wp-json\/wp\/v2\/posts"}],"about":[{"href":"https:\/\/jorgezanoni.com.br\/2019\/wp-json\/wp\/v2\/types\/post"}],"author":[{"embeddable":true,"href":"https:\/\/jorgezanoni.com.br\/2019\/wp-json\/wp\/v2\/users\/1"}],"replies":[{"embeddable":true,"href":"https:\/\/jorgezanoni.com.br\/2019\/wp-json\/wp\/v2\/comments?post=10361"}],"version-history":[{"count":0,"href":"https:\/\/jorgezanoni.com.br\/2019\/wp-json\/wp\/v2\/posts\/10361\/revisions"}],"wp:featuredmedia":[{"embeddable":true,"href":"https:\/\/jorgezanoni.com.br\/2019\/wp-json\/wp\/v2\/media\/10367"}],"wp:attachment":[{"href":"https:\/\/jorgezanoni.com.br\/2019\/wp-json\/wp\/v2\/media?parent=10361"}],"wp:term":[{"taxonomy":"category","embeddable":true,"href":"https:\/\/jorgezanoni.com.br\/2019\/wp-json\/wp\/v2\/categories?post=10361"},{"taxonomy":"post_tag","embeddable":true,"href":"https:\/\/jorgezanoni.com.br\/2019\/wp-json\/wp\/v2\/tags?post=10361"}],"curies":[{"name":"wp","href":"https:\/\/api.w.org\/{rel}","templated":true}]}}