{"id":10348,"date":"2019-11-03T18:31:36","date_gmt":"2019-11-03T18:31:36","guid":{"rendered":"https:\/\/jorgezanoni.com.br\/2019\/?p=10348"},"modified":"2019-11-03T18:31:36","modified_gmt":"2019-11-03T18:31:36","slug":"homem-fica-ferido-ao-bater-carro-em-barreira-de-concreto-e-barranco-proximo-a-viaduto-na-sp-294","status":"publish","type":"post","link":"https:\/\/jorgezanoni.com.br\/2019\/homem-fica-ferido-ao-bater-carro-em-barreira-de-concreto-e-barranco-proximo-a-viaduto-na-sp-294\/","title":{"rendered":"Homem fica ferido ao bater carro em barreira de concreto e barranco pr\u00f3ximo a viaduto na SP-294"},"content":{"rendered":"<p style=\"text-align: justify;\">Um homem ficou ferido ap\u00f3s bater um Ford Verona com placas de Adamantina na barreira de concreto que divide as duas pistas e posteriormente em um barranco \u00e0s margens da Rodovia Comandante Jo\u00e3o Ribeiro de Barros \u2013 (SP-294) em Fl\u00f3rida Paulista.<\/p>\n<p style=\"text-align: justify;\">O acidente ocorreu por volta das 13h40 deste domingo (3) pr\u00f3ximo ao viaduto (Cemit\u00e9rio\/Indai\u00e1) quando o ve\u00edculo seguia no sentido Adamantina\/Fl\u00f3rida Paulista e por motivos ainda desconhecidos acabou ocorrendo a colis\u00e3o.<\/p>\n<p style=\"text-align: justify;\">O Corpo de Bombeiros de Adamantina, Pol\u00edcia Militar de Fl\u00f3rida Paulista e Pol\u00edcia Rodovi\u00e1ria foram mobilizados para o atendimento desta ocorr\u00eancia.<\/p>\n<p style=\"text-align: justify;\">No momento do socorro o homem queixava-se de dores no t\u00f3rax. Ele foi estabilizado e encaminhado para a Santa Casa de Fl\u00f3rida Paulista onde permaneceu sob os cuidados m\u00e9dicos.<\/p>\n<p style=\"text-align: justify;\">Segundo apurado pela nossa reportagem no local do acidente, o homem estaria voltando de uma pescaria.<\/p>\n<p style=\"text-align: justify;\">O Departamento de Estradas de Rodagem presta atendimento no local com a retirada do ve\u00edculo da via.<\/p>\n<p style=\"text-align: justify;\">O portal ifolharegional.com.br e Jornal Folha Regional seguem acompanhando esta ocorr\u00eancia e mais informa\u00e7\u00f5es devem ser divulgadas a qualquer momento.<\/p>\n<p><img loading=\"lazy\" decoding=\"async\" class=\"alignnone size-full wp-image-10349\" src=\"https:\/\/jorgezanoni.com.br\/2019\/wp-content\/uploads\/2019\/11\/aci.jpg\" alt=\"\" width=\"870\" height=\"522\" srcset=\"https:\/\/jorgezanoni.com.br\/2019\/wp-content\/uploads\/2019\/11\/aci.jpg 870w, https:\/\/jorgezanoni.com.br\/2019\/wp-content\/uploads\/2019\/11\/aci-300x180.jpg 300w, https:\/\/jorgezanoni.com.br\/2019\/wp-content\/uploads\/2019\/11\/aci-768x461.jpg 768w, https:\/\/jorgezanoni.com.br\/2019\/wp-content\/uploads\/2019\/11\/aci-696x418.jpg 696w, https:\/\/jorgezanoni.com.br\/2019\/wp-content\/uploads\/2019\/11\/aci-700x420.jpg 700w\" sizes=\"auto, (max-width: 870px) 100vw, 870px\" \/><\/p>\n<p style=\"text-align: justify;\"><em>Fotos: Diego Fernandes Silva \/ Folha Regional<\/em><\/p>\n","protected":false},"excerpt":{"rendered":"<p>Um homem ficou ferido ap\u00f3s bater um Ford Verona com placas de Adamantina na barreira de concreto que divide as duas pistas e posteriormente em um barranco \u00e0s margens da Rodovia Comandante Jo\u00e3o Ribeiro de Barros \u2013 (SP-294) em Fl\u00f3rida Paulista. O acidente ocorreu por volta das 13h40 deste domingo (3) pr\u00f3ximo ao viaduto (Cemit\u00e9rio\/Indai\u00e1) [&hellip;]<\/p>\n","protected":false},"author":1,"featured_media":10350,"comment_status":"closed","ping_status":"open","sticky":false,"template":"","format":"standard","meta":{"footnotes":""},"categories":[170,110],"tags":[],"class_list":["post-10348","post","type-post","status-publish","format-standard","has-post-thumbnail","hentry","category-acidentes","category-noticiasdestaque"],"_links":{"self":[{"href":"https:\/\/jorgezanoni.com.br\/2019\/wp-json\/wp\/v2\/posts\/10348","targetHints":{"allow":["GET"]}}],"collection":[{"href":"https:\/\/jorgezanoni.com.br\/2019\/wp-json\/wp\/v2\/posts"}],"about":[{"href":"https:\/\/jorgezanoni.com.br\/2019\/wp-json\/wp\/v2\/types\/post"}],"author":[{"embeddable":true,"href":"https:\/\/jorgezanoni.com.br\/2019\/wp-json\/wp\/v2\/users\/1"}],"replies":[{"embeddable":true,"href":"https:\/\/jorgezanoni.com.br\/2019\/wp-json\/wp\/v2\/comments?post=10348"}],"version-history":[{"count":0,"href":"https:\/\/jorgezanoni.com.br\/2019\/wp-json\/wp\/v2\/posts\/10348\/revisions"}],"wp:featuredmedia":[{"embeddable":true,"href":"https:\/\/jorgezanoni.com.br\/2019\/wp-json\/wp\/v2\/media\/10350"}],"wp:attachment":[{"href":"https:\/\/jorgezanoni.com.br\/2019\/wp-json\/wp\/v2\/media?parent=10348"}],"wp:term":[{"taxonomy":"category","embeddable":true,"href":"https:\/\/jorgezanoni.com.br\/2019\/wp-json\/wp\/v2\/categories?post=10348"},{"taxonomy":"post_tag","embeddable":true,"href":"https:\/\/jorgezanoni.com.br\/2019\/wp-json\/wp\/v2\/tags?post=10348"}],"curies":[{"name":"wp","href":"https:\/\/api.w.org\/{rel}","templated":true}]}}