{"id":10345,"date":"2019-11-03T18:17:20","date_gmt":"2019-11-03T18:17:20","guid":{"rendered":"https:\/\/jorgezanoni.com.br\/2019\/?p=10345"},"modified":"2019-11-03T18:17:20","modified_gmt":"2019-11-03T18:17:20","slug":"celulares-voltam-a-adiantar-hora-mesmo-sem-horario-de-verao","status":"publish","type":"post","link":"https:\/\/jorgezanoni.com.br\/2019\/celulares-voltam-a-adiantar-hora-mesmo-sem-horario-de-verao\/","title":{"rendered":"Celulares voltam a adiantar hora mesmo sem hor\u00e1rio de ver\u00e3o"},"content":{"rendered":"<h2 class=\"content-head__subtitle\" style=\"text-align: justify;\"><strong>Problema j\u00e1 havia ocorrido em 20 de outubro, data padr\u00e3o da mudan\u00e7a. Hor\u00e1rio de ver\u00e3o foi revogado por Bolsonaro em abril.<\/strong><\/h2>\n<div class=\"mc-column content-text active-extra-styles \" data-block-type=\"unstyled\" data-block-weight=\"56\" data-block-id=\"2\">\n<p class=\"content-text__container \" style=\"text-align: justify;\" data-track-category=\"Link no Texto\" data-track-links=\"\">Usu\u00e1rios relataram nas redes sociais que o rel\u00f3gio de seus aparelhos celulares foi adiantado de forma autom\u00e1tica para o hor\u00e1rio de ver\u00e3o na madrugada deste domingo (3). O problema\u00a0<a href=\"https:\/\/g1.globo.com\/economia\/tecnologia\/noticia\/2019\/10\/20\/mesmo-sem-horario-de-verao-usuarios-afirmam-que-celulares-adiantaram-hora.ghtml\">j\u00e1 havia ocorrido no fim de semana de 19 e 20 de outubro<\/a>, data padr\u00e3o da mudan\u00e7a, mas que foi\u00a0<a href=\"https:\/\/g1.globo.com\/politica\/noticia\/2019\/04\/25\/bolsonaro-assina-decreto-que-acaba-com-o-horario-de-verao.ghtml\">revogada este ano pelo presidente Jair Bolsonaro<\/a>.<\/p>\n<\/div>\n<div class=\"wall protected-content\">\n<div class=\"mc-column content-text active-extra-styles \" style=\"text-align: justify;\" data-block-type=\"unstyled\" data-block-weight=\"30\" data-block-id=\"3\">\n<p class=\"content-text__container \" data-track-category=\"Link no Texto\" data-track-links=\"\">A reprograma\u00e7\u00e3o j\u00e1 era prevista, porque o hor\u00e1rio de ver\u00e3o em 2018 teve in\u00edcio no primeiro fim de semana de novembro. No ano passado, usu\u00e1rios tiveram a mesma reclama\u00e7\u00e3o.\u00a0<a href=\"https:\/\/g1.globo.com\/economia\/tecnologia\/noticia\/2018\/10\/21\/usuarios-relatam-que-celulares-foram-adiantados-para-o-horario-de-verao.ghtml\">Relembre<\/a><\/p>\n<\/div>\n<div class=\"mc-column content-text active-extra-styles \" data-block-type=\"unstyled\" data-block-weight=\"55\" data-block-id=\"4\">\n<p class=\"content-text__container \" style=\"text-align: justify;\" data-track-category=\"Link no Texto\" data-track-links=\"\">Na \u00faltima sexta-feira (1\u00ba), o\u00a0<a href=\"https:\/\/g1.globo.com\/economia\/tecnologia\/noticia\/2019\/11\/01\/google-volta-a-alertar-sobre-risco-de-mudanca-no-relogio-de-celulares-mesmo-com-cancelamento-de-horario-de-verao.ghtml\">Google havia publicado um an\u00fancio oficial<\/a><a href=\"https:\/\/g1.globo.com\/economia\/tecnologia\/noticia\/2019\/10\/18\/google-recomenda-que-usuarios-android-retirem-atualizacao-automatica-do-relogio-para-que-celulares-nao-entrem-no-horario-de-verao.ghtml\">\u00a0<\/a>recomendando que usu\u00e1rios de Android no Brasil alterassem as configura\u00e7\u00f5es autom\u00e1ticas de data e hora;\u00a0<a href=\"https:\/\/g1.globo.com\/economia\/tecnologia\/noticia\/2019\/10\/18\/google-recomenda-que-usuarios-android-retirem-atualizacao-automatica-do-relogio-para-que-celulares-nao-entrem-no-horario-de-verao.ghtml\">saiba como fazer isso<\/a>. O Google sugere manter a desativa\u00e7\u00e3o at\u00e9 o dia 16 de fevereiro, quando o hor\u00e1rio de ver\u00e3o chegaria ao fim, se ainda estivesse em vigor.<\/p>\n<div class=\"mc-column content-text active-extra-styles \" style=\"text-align: justify;\" data-block-type=\"unstyled\" data-block-weight=\"39\" data-block-id=\"6\">\n<p class=\"content-text__container \" data-track-category=\"Link no Texto\" data-track-links=\"\">No \u00faltimo dia 18, as operadoras de telefonia disseram que tinham &#8220;desprogramaram a altera\u00e7\u00e3o&#8221; em suas plataformas, &#8220;de acordo com o novo decreto presidencial&#8221;. Mas, no dia 20, alguns usu\u00e1rios constataram a mudan\u00e7a de hor\u00e1rio autom\u00e1tica em seus aparelhos.<\/p>\n<\/div>\n<div class=\"mc-column content-text active-extra-styles\" style=\"text-align: justify;\" data-block-type=\"raw\" data-block-weight=\"2\" data-block-id=\"7\">\n<div class=\"content-intertitle\">\n<h2>Saiba corrigir<\/h2>\n<\/div>\n<\/div>\n<div class=\"mc-column content-text active-extra-styles \" style=\"text-align: justify;\" data-block-type=\"unstyled\" data-block-weight=\"3\" data-block-id=\"8\">\n<p class=\"content-text__container \" data-track-category=\"Link no Texto\" data-track-links=\"\"><strong>Nos aparelhos Android<\/strong><\/p>\n<\/div>\n<div class=\"mc-column content-text active-extra-styles\" style=\"text-align: justify;\" data-block-type=\"raw\" data-block-weight=\"22\" data-block-id=\"9\">\n<ol class=\"content-ordered-list theme-ordered-list-color-primary\">\n<li>Toque no \u00edcone &#8220;Configurar&#8221;;<\/li>\n<li>Toque na op\u00e7\u00e3o &#8220;Data e hora&#8221;;<\/li>\n<li>Desmarque a op\u00e7\u00e3o &#8220;Data e hora autom\u00e1ticas&#8221;<\/li>\n<li>Configure manualmente a hora correta<\/li>\n<\/ol>\n<\/div>\n<div class=\"mc-column content-text active-extra-styles \" style=\"text-align: justify;\" data-block-type=\"unstyled\" data-block-weight=\"2\" data-block-id=\"10\">\n<p class=\"content-text__container \" data-track-category=\"Link no Texto\" data-track-links=\"\"><strong>No iPhone<\/strong><\/p>\n<\/div>\n<div class=\"mc-column content-text active-extra-styles\" style=\"text-align: justify;\" data-block-type=\"raw\" data-block-weight=\"32\" data-block-id=\"11\">\n<ol class=\"content-ordered-list theme-ordered-list-color-primary\">\n<li>Acesse a tela principal e toque na op\u00e7\u00e3o &#8220;Ajustes&#8221;<\/li>\n<li>Toque na op\u00e7\u00e3o &#8220;Geral&#8221;<\/li>\n<li>Toque na op\u00e7\u00e3o &#8220;Data e Hora&#8221;<\/li>\n<li>Desabilite a op\u00e7\u00e3o de configura\u00e7\u00e3o do rel\u00f3gio &#8220;Automaticamente&#8221;<\/li>\n<li>Configure manualmente o hor\u00e1rio correto<\/li>\n<\/ol>\n<\/div>\n<div class=\"mc-column content-text active-extra-styles\" style=\"text-align: justify;\" data-block-type=\"raw\" data-block-weight=\"3\" data-block-id=\"12\">\n<div class=\"content-intertitle\">\n<h2>Hor\u00e1rio de ver\u00e3o<\/h2>\n<\/div>\n<\/div>\n<div class=\"mc-column content-text active-extra-styles \" style=\"text-align: justify;\" data-block-type=\"unstyled\" data-block-weight=\"66\" data-block-id=\"13\">\n<p class=\"content-text__container \" data-track-category=\"Link no Texto\" data-track-links=\"\">O objetivo por tr\u00e1s da origem do hor\u00e1rio de ver\u00e3o \u00e9 aproveitar os dias mais longos para obter um melhor aproveitamento da ilumina\u00e7\u00e3o natural, poupando recursos da matriz energ\u00e9tica e reduzindo os riscos de apag\u00f5es, principalmente no hor\u00e1rio entre 18h e 21h, quando as l\u00e2mpadas dos espa\u00e7os p\u00fablicos s\u00e3o ligadas, boa parte da popula\u00e7\u00e3o chega em casa e parte do com\u00e9rcio, escrit\u00f3rios e ind\u00fastria continua ativa.<\/p>\n<\/div>\n<div class=\"mc-column content-text active-extra-styles \" data-block-type=\"unstyled\" data-block-weight=\"49\" data-block-id=\"14\">\n<p class=\"content-text__container \" style=\"text-align: justify;\" data-track-category=\"Link no Texto\" data-track-links=\"\">Mas, nos \u00faltimos anos, mudou o padr\u00e3o de consumo do pa\u00eds. L\u00e2mpadas incandescentes foram substitu\u00eddas por l\u00e2mpadas mais eficientes, e o hor\u00e1rio de pico de energia se deslocou do in\u00edcio da noite para o meio da tarde, por volta das 15h, devido ao aumento expressivo do uso de ar-condicionado.<\/p>\n<div class=\"mc-column content-text active-extra-styles \" style=\"text-align: justify;\" data-block-type=\"unstyled\" data-block-weight=\"49\" data-block-id=\"16\">\n<p class=\"content-text__container \" data-track-category=\"Link no Texto\" data-track-links=\"\">Estudo do Minist\u00e9rio de Minas e Energia divulgado no ano passado j\u00e1 apontava para a perda de efetividade do hor\u00e1rio de ver\u00e3o. Segundo a nota t\u00e9cnica, a ado\u00e7\u00e3o de outros instrumentos regulat\u00f3rios, como a tarifa branca e pre\u00e7o por hor\u00e1rio, pode produzir resultados mais relevantes para o setor el\u00e9trico.<\/p>\n<\/div>\n<div class=\"mc-column content-text active-extra-styles \" style=\"text-align: justify;\" data-block-type=\"unstyled\" data-block-weight=\"37\" data-block-id=\"17\">\n<p class=\"content-text__container \" data-track-category=\"Link no Texto\" data-track-links=\"\">De acordo com o porta-voz da Presid\u00eancia da Rep\u00fablica, Ot\u00e1vio R\u00eago Barros, o governo fez uma pesquisa que mostrou que 53% dos entrevistados pediram o fim do hor\u00e1rio de ver\u00e3o. N\u00e3o foram divulgados, entretanto, detalhes da pesquisa.<\/p>\n<\/div>\n<div class=\"mc-column content-text active-extra-styles\" style=\"text-align: justify;\" data-block-type=\"raw\" data-block-weight=\"1\" data-block-id=\"18\">\n<div class=\"content-intertitle\">\n<h2>Hist\u00f3rico<\/h2>\n<\/div>\n<\/div>\n<div class=\"mc-column content-text active-extra-styles \" style=\"text-align: justify;\" data-block-type=\"unstyled\" data-block-weight=\"41\" data-block-id=\"19\">\n<p class=\"content-text__container \" data-track-category=\"Link no Texto\" data-track-links=\"\">No Brasil, o hor\u00e1rio de ver\u00e3o foi institu\u00eddo pela primeira vez no ver\u00e3o de 1931\/1932, pelo ent\u00e3o presidente Get\u00falio Vargas. Sua vers\u00e3o de estreia durou quase seis meses, vigorando de 3 de outubro de 1931 a 31 de mar\u00e7o de 1932.<\/p>\n<\/div>\n<div class=\"mc-column content-text active-extra-styles \" style=\"text-align: justify;\" data-block-type=\"unstyled\" data-block-weight=\"39\" data-block-id=\"20\">\n<p class=\"content-text__container \" data-track-category=\"Link no Texto\" data-track-links=\"\">No ver\u00e3o seguinte, a medida foi novamente adotada, mas, depois, come\u00e7ou a ser em per\u00edodos n\u00e3o consecutivos. Primeiro, entre 1949 e 1953, depois, de 1963 a 1968, voltando em 1985 at\u00e9 abril de 2019, quando foi revogado por decreto.<\/p>\n<\/div>\n<div class=\"mc-column content-text active-extra-styles \" style=\"text-align: justify;\" data-block-type=\"unstyled\" data-block-weight=\"16\" data-block-id=\"21\">\n<p class=\"content-text__container \" data-track-category=\"Link no Texto\" data-track-links=\"\">O per\u00edodo de vig\u00eancia do hor\u00e1rio de ver\u00e3o era vari\u00e1vel, mas, em m\u00e9dia, durava 120 dias.<\/p>\n<\/div>\n<div class=\"mc-column content-text active-extra-styles \" data-block-type=\"unstyled\" data-block-weight=\"20\" data-block-id=\"22\">\n<p class=\"content-text__container \" style=\"text-align: justify;\" data-track-category=\"Link no Texto\" data-track-links=\"\">No mundo, o hor\u00e1rio diferenciado \u00e9 adotado em 70 pa\u00edses \u2014 e atinge cerca de um quarto da popula\u00e7\u00e3o mundial.<\/p>\n<article>\n<div class=\"wall protected-content\">\n<div data-track-category=\"multicontent\" data-track-action=\"ultimo chunk conteudo\" data-track-noninteraction=\"false\" data-track-scroll=\"view\">\n<div class=\"mc-column content-text active-extra-styles \" data-block-type=\"unstyled\" data-block-weight=\"18\" data-block-id=\"24\">\n<p class=\"content-text__container \" data-track-category=\"Link no Texto\" data-track-links=\"\">O hor\u00e1rio de ver\u00e3o \u00e9 adotado em pa\u00edses como Canad\u00e1, Austr\u00e1lia, M\u00e9xico, Nova Zel\u00e2ndia, Chile, Paraguai e Uruguai.<\/p>\n<\/div>\n<\/div>\n<\/div>\n<\/article>\n<div class=\"mc-column entities\" style=\"text-align: justify;\">Fonte: G1<\/div>\n<\/div>\n<\/div>\n<\/div>\n<\/div>\n","protected":false},"excerpt":{"rendered":"<p>Problema j\u00e1 havia ocorrido em 20 de outubro, data padr\u00e3o da mudan\u00e7a. Hor\u00e1rio de ver\u00e3o foi revogado por Bolsonaro em abril. Usu\u00e1rios relataram nas redes sociais que o rel\u00f3gio de seus aparelhos celulares foi adiantado de forma autom\u00e1tica para o hor\u00e1rio de ver\u00e3o na madrugada deste domingo (3). O problema\u00a0j\u00e1 havia ocorrido no fim de [&hellip;]<\/p>\n","protected":false},"author":1,"featured_media":10346,"comment_status":"closed","ping_status":"open","sticky":false,"template":"","format":"standard","meta":{"footnotes":""},"categories":[120,110],"tags":[],"class_list":["post-10345","post","type-post","status-publish","format-standard","has-post-thumbnail","hentry","category-justicahabitacaotecnologia","category-noticiasdestaque"],"_links":{"self":[{"href":"https:\/\/jorgezanoni.com.br\/2019\/wp-json\/wp\/v2\/posts\/10345","targetHints":{"allow":["GET"]}}],"collection":[{"href":"https:\/\/jorgezanoni.com.br\/2019\/wp-json\/wp\/v2\/posts"}],"about":[{"href":"https:\/\/jorgezanoni.com.br\/2019\/wp-json\/wp\/v2\/types\/post"}],"author":[{"embeddable":true,"href":"https:\/\/jorgezanoni.com.br\/2019\/wp-json\/wp\/v2\/users\/1"}],"replies":[{"embeddable":true,"href":"https:\/\/jorgezanoni.com.br\/2019\/wp-json\/wp\/v2\/comments?post=10345"}],"version-history":[{"count":0,"href":"https:\/\/jorgezanoni.com.br\/2019\/wp-json\/wp\/v2\/posts\/10345\/revisions"}],"wp:featuredmedia":[{"embeddable":true,"href":"https:\/\/jorgezanoni.com.br\/2019\/wp-json\/wp\/v2\/media\/10346"}],"wp:attachment":[{"href":"https:\/\/jorgezanoni.com.br\/2019\/wp-json\/wp\/v2\/media?parent=10345"}],"wp:term":[{"taxonomy":"category","embeddable":true,"href":"https:\/\/jorgezanoni.com.br\/2019\/wp-json\/wp\/v2\/categories?post=10345"},{"taxonomy":"post_tag","embeddable":true,"href":"https:\/\/jorgezanoni.com.br\/2019\/wp-json\/wp\/v2\/tags?post=10345"}],"curies":[{"name":"wp","href":"https:\/\/api.w.org\/{rel}","templated":true}]}}