{"id":10335,"date":"2019-11-03T17:48:38","date_gmt":"2019-11-03T17:48:38","guid":{"rendered":"https:\/\/jorgezanoni.com.br\/2019\/?p=10335"},"modified":"2019-11-03T17:48:38","modified_gmt":"2019-11-03T17:48:38","slug":"motociclista-morre-apos-ser-atingido-por-carro-e-bater-em-arvore-em-presidente-prudente","status":"publish","type":"post","link":"https:\/\/jorgezanoni.com.br\/2019\/motociclista-morre-apos-ser-atingido-por-carro-e-bater-em-arvore-em-presidente-prudente\/","title":{"rendered":"Motociclista morre ap\u00f3s ser atingido por carro e bater em \u00e1rvore em Presidente Prudente"},"content":{"rendered":"<h2 class=\"content-head__subtitle\" style=\"text-align: justify;\"><strong>Condutor do autom\u00f3vel fugiu do local do acidente sem ser identificado. Colis\u00e3o ocorreu na Avenida Ademar de Barros, no Jardim Avia\u00e7\u00e3o.<\/strong><\/h2>\n<div class=\"mc-column content-text active-extra-styles \" data-block-type=\"unstyled\" data-block-weight=\"32\" data-block-id=\"2\">\n<p class=\"content-text__container \" style=\"text-align: justify;\" data-track-category=\"Link no Texto\" data-track-links=\"\">Um jovem de 23 anos morreu v\u00edtima de um acidente de tr\u00e2nsito na noite deste s\u00e1bado (2), no Jardim Avia\u00e7\u00e3o, em\u00a0<a href=\"https:\/\/g1.globo.com\/sp\/presidente-prudente-regiao\/cidade\/presidente-prudente\/\">Presidente Prudente<\/a>. Ele conduzia uma motocicleta pela Avenida Ademar de Barros.<\/p>\n<\/div>\n<div class=\"wall protected-content\">\n<div class=\"mc-column content-text active-extra-styles \" style=\"text-align: justify;\" data-block-type=\"unstyled\" data-block-weight=\"36\" data-block-id=\"3\">\n<p class=\"content-text__container \" data-track-category=\"Link no Texto\" data-track-links=\"\">De acordo com as informa\u00e7\u00f5es contidas no Boletim de Ocorr\u00eancia, uma equipe da Pol\u00edcia Militar compareceu ao local do acidente, onde a v\u00edtima era socorrida por uma unidade do Servi\u00e7o de Atendimento M\u00f3vel de Emerg\u00eancia (Same).<\/p>\n<\/div>\n<div class=\"mc-column content-text active-extra-styles \" style=\"text-align: justify;\" data-block-type=\"unstyled\" data-block-weight=\"22\" data-block-id=\"4\">\n<p class=\"content-text__container \" data-track-category=\"Link no Texto\" data-track-links=\"\">O jovem, que estava inconsciente, foi encaminhado para a Unidade de Pronto Atendimento (UPA) da zona norte, onde morreu, segundo o boletim.<\/p>\n<\/div>\n<div class=\"mc-column content-text active-extra-styles \" data-block-type=\"unstyled\" data-block-weight=\"39\" data-block-id=\"5\">\n<p class=\"content-text__container \" style=\"text-align: justify;\" data-track-category=\"Link no Texto\" data-track-links=\"\">Conforme informa\u00e7\u00f5es colhidas pela PM no local do acidente, a v\u00edtima transitava com sua motocicleta pela avenida, no sentido Centro-bairro, quando foi atingida por um autom\u00f3vel. Em seguida, o motociclista atingiu o canteiro central e bateu em uma \u00e1rvore.<\/p>\n<div class=\"mc-column content-text active-extra-styles \" style=\"text-align: justify;\" data-block-type=\"unstyled\" data-block-weight=\"29\" data-block-id=\"7\">\n<p class=\"content-text__container \" data-track-category=\"Link no Texto\" data-track-links=\"\">Populares que estavam no local do acidente informaram \u00e0 pol\u00edcia que o condutor do carro n\u00e3o parou para prestar socorro \u00e0 v\u00edtima, fugindo imediatamente do local sem ser identificado.<\/p>\n<\/div>\n<div class=\"mc-column content-text active-extra-styles \" style=\"text-align: justify;\" data-block-type=\"unstyled\" data-block-weight=\"7\" data-block-id=\"8\">\n<p class=\"content-text__container \" data-track-category=\"Link no Texto\" data-track-links=\"\">A per\u00edcia compareceu ao local da batida.<\/p>\n<\/div>\n<div class=\"mc-column content-text active-extra-styles \" style=\"text-align: justify;\" data-block-type=\"unstyled\" data-block-weight=\"27\" data-block-id=\"9\">\n<p class=\"content-text__container \" data-track-category=\"Link no Texto\" data-track-links=\"\">A motocicleta ficou sob os cuidados de um familiar do jovem de 23 anos. Foi requisitado exame necrosc\u00f3pico para a v\u00edtima, ainda conforme as informa\u00e7\u00f5es da ocorr\u00eancia.<\/p>\n<\/div>\n<div class=\"mc-column content-text active-extra-styles \" data-block-type=\"unstyled\" data-block-weight=\"21\" data-block-id=\"10\">\n<p class=\"content-text__container \" style=\"text-align: justify;\" data-track-category=\"Link no Texto\" data-track-links=\"\">O caso foi registrado na Pol\u00edcia Civil como homic\u00eddio culposo na dire\u00e7\u00e3o de ve\u00edculo automotor e fuga de local de acidente.<\/p>\n<p style=\"text-align: justify;\" data-track-category=\"Link no Texto\" data-track-links=\"\"><img loading=\"lazy\" decoding=\"async\" class=\"alignnone size-full wp-image-10336\" src=\"https:\/\/jorgezanoni.com.br\/2019\/wp-content\/uploads\/2019\/11\/moto.jpeg\" alt=\"\" width=\"1200\" height=\"800\" srcset=\"https:\/\/jorgezanoni.com.br\/2019\/wp-content\/uploads\/2019\/11\/moto.jpeg 1200w, https:\/\/jorgezanoni.com.br\/2019\/wp-content\/uploads\/2019\/11\/moto-300x200.jpeg 300w, https:\/\/jorgezanoni.com.br\/2019\/wp-content\/uploads\/2019\/11\/moto-768x512.jpeg 768w, https:\/\/jorgezanoni.com.br\/2019\/wp-content\/uploads\/2019\/11\/moto-1024x683.jpeg 1024w, https:\/\/jorgezanoni.com.br\/2019\/wp-content\/uploads\/2019\/11\/moto-696x464.jpeg 696w, https:\/\/jorgezanoni.com.br\/2019\/wp-content\/uploads\/2019\/11\/moto-1068x712.jpeg 1068w, https:\/\/jorgezanoni.com.br\/2019\/wp-content\/uploads\/2019\/11\/moto-630x420.jpeg 630w\" sizes=\"auto, (max-width: 1200px) 100vw, 1200px\" \/> <img loading=\"lazy\" decoding=\"async\" class=\"alignnone size-full wp-image-10338\" src=\"https:\/\/jorgezanoni.com.br\/2019\/wp-content\/uploads\/2019\/11\/moto2.jpeg\" alt=\"\" width=\"1200\" height=\"800\" srcset=\"https:\/\/jorgezanoni.com.br\/2019\/wp-content\/uploads\/2019\/11\/moto2.jpeg 1200w, https:\/\/jorgezanoni.com.br\/2019\/wp-content\/uploads\/2019\/11\/moto2-300x200.jpeg 300w, https:\/\/jorgezanoni.com.br\/2019\/wp-content\/uploads\/2019\/11\/moto2-768x512.jpeg 768w, https:\/\/jorgezanoni.com.br\/2019\/wp-content\/uploads\/2019\/11\/moto2-1024x683.jpeg 1024w, https:\/\/jorgezanoni.com.br\/2019\/wp-content\/uploads\/2019\/11\/moto2-696x464.jpeg 696w, https:\/\/jorgezanoni.com.br\/2019\/wp-content\/uploads\/2019\/11\/moto2-1068x712.jpeg 1068w, https:\/\/jorgezanoni.com.br\/2019\/wp-content\/uploads\/2019\/11\/moto2-630x420.jpeg 630w\" sizes=\"auto, (max-width: 1200px) 100vw, 1200px\" \/><img loading=\"lazy\" decoding=\"async\" class=\"alignnone size-full wp-image-10339\" src=\"https:\/\/jorgezanoni.com.br\/2019\/wp-content\/uploads\/2019\/11\/moto3.jpeg\" alt=\"\" width=\"1200\" height=\"800\" srcset=\"https:\/\/jorgezanoni.com.br\/2019\/wp-content\/uploads\/2019\/11\/moto3.jpeg 1200w, https:\/\/jorgezanoni.com.br\/2019\/wp-content\/uploads\/2019\/11\/moto3-300x200.jpeg 300w, https:\/\/jorgezanoni.com.br\/2019\/wp-content\/uploads\/2019\/11\/moto3-768x512.jpeg 768w, https:\/\/jorgezanoni.com.br\/2019\/wp-content\/uploads\/2019\/11\/moto3-1024x683.jpeg 1024w, https:\/\/jorgezanoni.com.br\/2019\/wp-content\/uploads\/2019\/11\/moto3-696x464.jpeg 696w, https:\/\/jorgezanoni.com.br\/2019\/wp-content\/uploads\/2019\/11\/moto3-1068x712.jpeg 1068w, https:\/\/jorgezanoni.com.br\/2019\/wp-content\/uploads\/2019\/11\/moto3-630x420.jpeg 630w\" sizes=\"auto, (max-width: 1200px) 100vw, 1200px\" \/> <img loading=\"lazy\" decoding=\"async\" class=\"alignnone size-full wp-image-10340\" src=\"https:\/\/jorgezanoni.com.br\/2019\/wp-content\/uploads\/2019\/11\/moto4.jpeg\" alt=\"\" width=\"1200\" height=\"800\" srcset=\"https:\/\/jorgezanoni.com.br\/2019\/wp-content\/uploads\/2019\/11\/moto4.jpeg 1200w, https:\/\/jorgezanoni.com.br\/2019\/wp-content\/uploads\/2019\/11\/moto4-300x200.jpeg 300w, https:\/\/jorgezanoni.com.br\/2019\/wp-content\/uploads\/2019\/11\/moto4-768x512.jpeg 768w, https:\/\/jorgezanoni.com.br\/2019\/wp-content\/uploads\/2019\/11\/moto4-1024x683.jpeg 1024w, https:\/\/jorgezanoni.com.br\/2019\/wp-content\/uploads\/2019\/11\/moto4-696x464.jpeg 696w, https:\/\/jorgezanoni.com.br\/2019\/wp-content\/uploads\/2019\/11\/moto4-1068x712.jpeg 1068w, https:\/\/jorgezanoni.com.br\/2019\/wp-content\/uploads\/2019\/11\/moto4-630x420.jpeg 630w\" sizes=\"auto, (max-width: 1200px) 100vw, 1200px\" \/>Motociclista morreu em acidente, em Presidente Prudente \u2014 Foto: Jo\u00e3o Lucas Martins\/TV Fronteira<\/p>\n<p style=\"text-align: justify;\" data-track-category=\"Link no Texto\" data-track-links=\"\">Fonte: G1<\/p>\n<\/div>\n<\/div>\n<\/div>\n","protected":false},"excerpt":{"rendered":"<p>Condutor do autom\u00f3vel fugiu do local do acidente sem ser identificado. Colis\u00e3o ocorreu na Avenida Ademar de Barros, no Jardim Avia\u00e7\u00e3o. Um jovem de 23 anos morreu v\u00edtima de um acidente de tr\u00e2nsito na noite deste s\u00e1bado (2), no Jardim Avia\u00e7\u00e3o, em\u00a0Presidente Prudente. Ele conduzia uma motocicleta pela Avenida Ademar de Barros. De acordo com [&hellip;]<\/p>\n","protected":false},"author":1,"featured_media":10337,"comment_status":"closed","ping_status":"open","sticky":false,"template":"","format":"standard","meta":{"footnotes":""},"categories":[170,110],"tags":[],"class_list":["post-10335","post","type-post","status-publish","format-standard","has-post-thumbnail","hentry","category-acidentes","category-noticiasdestaque"],"_links":{"self":[{"href":"https:\/\/jorgezanoni.com.br\/2019\/wp-json\/wp\/v2\/posts\/10335","targetHints":{"allow":["GET"]}}],"collection":[{"href":"https:\/\/jorgezanoni.com.br\/2019\/wp-json\/wp\/v2\/posts"}],"about":[{"href":"https:\/\/jorgezanoni.com.br\/2019\/wp-json\/wp\/v2\/types\/post"}],"author":[{"embeddable":true,"href":"https:\/\/jorgezanoni.com.br\/2019\/wp-json\/wp\/v2\/users\/1"}],"replies":[{"embeddable":true,"href":"https:\/\/jorgezanoni.com.br\/2019\/wp-json\/wp\/v2\/comments?post=10335"}],"version-history":[{"count":0,"href":"https:\/\/jorgezanoni.com.br\/2019\/wp-json\/wp\/v2\/posts\/10335\/revisions"}],"wp:featuredmedia":[{"embeddable":true,"href":"https:\/\/jorgezanoni.com.br\/2019\/wp-json\/wp\/v2\/media\/10337"}],"wp:attachment":[{"href":"https:\/\/jorgezanoni.com.br\/2019\/wp-json\/wp\/v2\/media?parent=10335"}],"wp:term":[{"taxonomy":"category","embeddable":true,"href":"https:\/\/jorgezanoni.com.br\/2019\/wp-json\/wp\/v2\/categories?post=10335"},{"taxonomy":"post_tag","embeddable":true,"href":"https:\/\/jorgezanoni.com.br\/2019\/wp-json\/wp\/v2\/tags?post=10335"}],"curies":[{"name":"wp","href":"https:\/\/api.w.org\/{rel}","templated":true}]}}