{"id":1031,"date":"2019-07-19T19:10:42","date_gmt":"2019-07-19T19:10:42","guid":{"rendered":"http:\/\/jorgezanoni.com.br\/2019\/?p=1031"},"modified":"2019-07-19T21:38:55","modified_gmt":"2019-07-19T21:38:55","slug":"consorcio-inicia-obras-de-shopping-popular-que-substituira-feira-da-madrugada-no-bras","status":"publish","type":"post","link":"https:\/\/jorgezanoni.com.br\/2019\/consorcio-inicia-obras-de-shopping-popular-que-substituira-feira-da-madrugada-no-bras\/","title":{"rendered":"Cons\u00f3rcio inicia obras de shopping popular que substituir\u00e1 Feira da Madrugada no Br\u00e1s"},"content":{"rendered":"<h2 class=\"content-head__subtitle\"><strong>Projeto prev\u00ea investimento de R$ 500 milh\u00f5es em estrutura de 182 mil m\u00b2 que deve ficar pronta em agosto de 2020.<\/strong><\/h2>\n<div class=\"mc-column content-text active-extra-styles \" data-block-type=\"unstyled\" data-block-weight=\"40\" data-block-id=\"2\">\n<p class=\"content-text__container \" data-track-category=\"Link no Texto\" data-track-links=\"\">Ap\u00f3s processo marcado por\u00a0<a href=\"https:\/\/g1.globo.com\/sp\/sao-paulo\/noticia\/justica-determina-reintegracao-de-posse-da-feirinha-da-madrugada-em-sp.ghtml\">protestos e disputas judiciais<\/a>, o cons\u00f3rcio Circuito de Compras anunciou nesta sexta-feira (19) o in\u00edcio das obras estruturais do shopping popular que substituir\u00e1 a Feira da Madrugada no Br\u00e1s, na regi\u00e3o Central de S\u00e3o Paulo.<\/p>\n<\/div>\n<div class=\"wall protected-content\">\n<div class=\"mc-column content-text active-extra-styles \" data-block-type=\"unstyled\" data-block-weight=\"63\" data-block-id=\"3\">\n<p class=\"content-text__container \" data-track-category=\"Link no Texto\" data-track-links=\"\">Com o nome de Centro Popular de Compras, o empreendimento pretende ser o maior centro de compras das Am\u00e9ricas, com 182 mil m\u00b2 constru\u00eddos, 4 mil boxes, mil lojas, al\u00e9m de pra\u00e7a de alimenta\u00e7\u00e3o e estacionamento. As obras devem ser conclu\u00eddas at\u00e9 agosto de 2020. O terreno est\u00e1 localizado entre a Avenida do Estado e as Ruas S\u00e3o Caetano e Monsenhor de Andrade.<\/p>\n<\/div>\n<div class=\"mc-column content-text active-extra-styles \" data-block-type=\"unstyled\" data-block-weight=\"42\" data-block-id=\"4\">\n<p class=\"content-text__container \" data-track-category=\"Link no Texto\" data-track-links=\"\">&#8220;Quem conheceu antes do in\u00edcio da obra sabia que era um grande espa\u00e7o de ilegalidade, de falta de recolhimento de impostos e muitas vezes presen\u00e7a do crime organizado. Ningu\u00e9m ganhava com aquela situa\u00e7\u00e3o&#8221;, afirmou na cerim\u00f4nia o prefeito Bruno Covas (PSDB).<\/p>\n<\/div>\n<div class=\"mc-column content-text active-extra-styles \" data-block-type=\"unstyled\" data-block-weight=\"57\" data-block-id=\"5\">\n<p class=\"content-text__container \" data-track-category=\"Link no Texto\" data-track-links=\"\">A Prefeitura de S\u00e3o Paulo concedeu o terreno para o cons\u00f3rcio em 2015, ainda na gest\u00e3o de Fernando Haddad (PT). Desde ent\u00e3o, houve protestos de comerciantes contra a retirada de seus boxes, contesta\u00e7\u00e3o do contrato de concess\u00e3o, que d\u00e1 o direito ao grupo de administrar o local pelos pr\u00f3ximos 35 anos, e den\u00fancias de contamina\u00e7\u00e3o no solo.<\/p>\n<p class=\"content-text__container \" data-track-category=\"Link no Texto\" data-track-links=\"\">Em 2018, os comerciantes foram retirados definitivamente do local e transferidos para um galp\u00e3o provis\u00f3rio nas proximidades, chamado de &#8220;Amarel\u00e3o&#8221;. No mesmo ano, o Tribunal de Contas da Uni\u00e3o (TCU) liberou a constru\u00e7\u00e3o do shopping e o cons\u00f3rcio iniciou as obras de demoli\u00e7\u00e3o, retirada de entulho.<\/p>\n<p data-track-category=\"Link no Texto\" data-track-links=\"\"><img loading=\"lazy\" decoding=\"async\" class=\"alignnone size-full wp-image-1032\" src=\"http:\/\/jorgezanoni.com.br\/2019\/wp-content\/uploads\/2019\/07\/feira1.jpeg\" alt=\"\" width=\"1600\" height=\"899\" srcset=\"https:\/\/jorgezanoni.com.br\/2019\/wp-content\/uploads\/2019\/07\/feira1.jpeg 1600w, https:\/\/jorgezanoni.com.br\/2019\/wp-content\/uploads\/2019\/07\/feira1-300x169.jpeg 300w, https:\/\/jorgezanoni.com.br\/2019\/wp-content\/uploads\/2019\/07\/feira1-768x432.jpeg 768w, https:\/\/jorgezanoni.com.br\/2019\/wp-content\/uploads\/2019\/07\/feira1-1024x575.jpeg 1024w, https:\/\/jorgezanoni.com.br\/2019\/wp-content\/uploads\/2019\/07\/feira1-696x391.jpeg 696w, https:\/\/jorgezanoni.com.br\/2019\/wp-content\/uploads\/2019\/07\/feira1-1068x600.jpeg 1068w, https:\/\/jorgezanoni.com.br\/2019\/wp-content\/uploads\/2019\/07\/feira1-747x420.jpeg 747w\" sizes=\"auto, (max-width: 1600px) 100vw, 1600px\" \/><\/p>\n<div class=\"mc-column content-text active-extra-styles \" data-block-type=\"unstyled\" data-block-weight=\"47\" data-block-id=\"9\">\n<p class=\"content-text__container \" data-track-category=\"Link no Texto\" data-track-links=\"\">Na nova etapa de constru\u00e7\u00e3o da estrutura, est\u00e3o previstos investimentos de R$ 500 milh\u00f5es da iniciativa privada. Al\u00e9m do pr\u00e9dio, o shopping deve contar com um sistema circular de \u00f4nibus que far\u00e1 integra\u00e7\u00e3o entre outras \u00e1reas comerciais como 25 de Mar\u00e7o, Bom Retiro e Santa Ifig\u00eania.<\/p>\n<\/div>\n<div class=\"mc-column content-text active-extra-styles \" data-block-type=\"unstyled\" data-block-weight=\"20\" data-block-id=\"10\">\n<p class=\"content-text__container \" data-track-category=\"Link no Texto\" data-track-links=\"\">De acordo com Covas, os comerciantes que ocupavam boxes da antiga Feira da Madrugada ter\u00e3o prefer\u00eancia no novo centro.<\/p>\n<\/div>\n<div class=\"mc-column content-text active-extra-styles \" data-block-type=\"unstyled\" data-block-weight=\"25\" data-block-id=\"11\">\n<p class=\"content-text__container \" data-track-category=\"Link no Texto\" data-track-links=\"\">&#8220;Quem j\u00e1 trabalhava aqui tem prefer\u00eancia. E tem mais vagas que pessoas cadastradas na Prefeitura, ent\u00e3o todos que trabalhavam t\u00eam espa\u00e7o garantido&#8221;, afirmou.<\/p>\n<\/div>\n<div class=\"mc-column content-text active-extra-styles \" data-block-type=\"unstyled\" data-block-weight=\"36\" data-block-id=\"12\">\n<p class=\"content-text__container \" data-track-category=\"Link no Texto\" data-track-links=\"\">Segundo a Prefeitura, pouco mais de 3 mil comerciantes ocupam hoje o &#8220;Amarel\u00e3o&#8221;, pois nem todos quiseram migrar para o espa\u00e7o provis\u00f3rio. A expectativa do Centro Popular de Compras \u00e9 criar 20 mil empregos diretos.<\/p>\n<\/div>\n<div class=\"mc-column content-text active-extra-styles \" data-block-type=\"unstyled\" data-block-weight=\"43\" data-block-id=\"13\">\n<p class=\"content-text__container \" data-track-category=\"Link no Texto\" data-track-links=\"\">&#8220;Ningu\u00e9m vai poder cobrar mais do que est\u00e1 no contrato, que \u00e9 o aluguel social de R$900. Ele \u00e9 o menor da regi\u00e3o do Br\u00e1s. E os produtos que ser\u00e3o vendidos dever\u00e3o estar dentro da lei&#8221;, diz o diretor do cons\u00f3rcio, Eduardo Badra.<\/p>\n<p class=\"content-text__container \" data-track-category=\"Link no Texto\" data-track-links=\"\">Sobre o problema de contamina\u00e7\u00e3o no solo, Badra afirma que j\u00e1 est\u00e1 controlado. &#8220;O problema da contamina\u00e7\u00e3o do solo j\u00e1 foi resolvido, est\u00e1 sendo resolvido. Cada camada que \u00e9 retirada, \u00e9 feita uma an\u00e1lise do terreno que \u00e9 encaminhada para a Cetesb, que depois nos d\u00e1 um termo de elimina\u00e7\u00e3o de contamina\u00e7\u00e3o. A cada 6 meses \u00e9 feito um novo relat\u00f3rio para emiss\u00e3o do alvar\u00e1 de funcionamento&#8221;, diz.<\/p>\n<div class=\"mc-column content-text active-extra-styles\" data-block-type=\"raw\" data-block-weight=\"1\" data-block-id=\"17\">\n<div class=\"content-intertitle\">\n<h2>Hist\u00f3rico<\/h2>\n<\/div>\n<\/div>\n<div class=\"mc-column content-text active-extra-styles \" data-block-type=\"unstyled\" data-block-weight=\"22\" data-block-id=\"18\">\n<p class=\"content-text__container \" data-track-category=\"Link no Texto\" data-track-links=\"\">A Feirinha da Madrugada tem um hist\u00f3rico de protestos de comerciantes, contesta\u00e7\u00e3o do contrato de concess\u00e3o e den\u00fancias de contamina\u00e7\u00e3o no local.<\/p>\n<\/div>\n<div class=\"mc-column content-text active-extra-styles\" data-block-type=\"raw\" data-block-weight=\"360\" data-block-id=\"19\">\n<ul class=\"content-unordered-list\">\n<li><strong>Em 2014<\/strong>, a Prefeitura\u00a0<a href=\"http:\/\/g1.globo.com\/sao-paulo\/noticia\/2014\/02\/prefeitura-de-sp-lanca-edital-para-terceirizar-feira-da-madrugada.html\">lan\u00e7ou o edital para a concess\u00e3o<\/a>\u00a0da Feira da Madrugada.\u00a0<strong>Em 2015<\/strong>, foi\u00a0<a href=\"http:\/\/g1.globo.com\/sao-paulo\/noticia\/2015\/10\/ex-camelo-ganha-licitacao-para-explorar-feira-da-madrugada-em-sp.html\">anunciado o vencedor da licita\u00e7\u00e3o<\/a>, que ter\u00e1 o direito de explorar a \u00e1rea por 35 anos investindo R$ 500 milh\u00f5es no local.<\/li>\n<li>O contrato de concess\u00e3o ao Circuito de Compras passou por uma\u00a0<a href=\"https:\/\/g1.globo.com\/sp\/sao-paulo\/noticia\/cpi-da-feirinha-da-madrugada-entrega-relatorio-final-apos-seis-meses-de-investigacoes.ghtml\">Comiss\u00e3o Parlamentar de Inqu\u00e9rito (CPI), que apresentou o relat\u00f3rio final das investiga\u00e7\u00f5es em<strong>\u00a0dezembro de 2017<\/strong><\/a>. A comiss\u00e3o exigiu o comprometimento da associa\u00e7\u00e3o com obriga\u00e7\u00f5es como a implanta\u00e7\u00e3o de terminal de \u00f4nibus e estacionamento, garantia de condi\u00e7\u00f5es para rentabilidade dos comerciantes, al\u00e9m da receita de R$ 100 milh\u00f5es para a Prefeitura nos cinco primeiros anos de atua\u00e7\u00e3o.<\/li>\n<li>Em\u00a0<strong>julho de 2017<\/strong>, a\u00a0<a href=\"https:\/\/g1.globo.com\/sao-paulo\/noticia\/remocao-de-boxes-causa-tumulto-na-feira-da-madrugada.ghtml?utm_source=facebook&amp;utm_medium=social&amp;utm_campaign=sptv\">retirada dos boxes clandestinos provocou protestos de comerciantes<\/a>. Trabalhadores que foram afetados pela medida reclamaram que tiveram boxes quebrados e mercadoria apreendida. Houve confus\u00e3o e gritaria. Comerciantes tamb\u00e9m reclamaram que o pavilh\u00e3o tempor\u00e1rio, o &#8220;Amarel\u00e3o&#8221;,\u00a0<a href=\"https:\/\/g1.globo.com\/sao-paulo\/noticia\/comerciantes-reclamam-de-pavilhao-provisoria-da-feirinha-da-madrugada.ghtml\">era menor e de dif\u00edcil acesso<\/a>.<\/li>\n<li>Em\u00a0<strong>agosto de 2017<\/strong>, uma empresa de estudos ambientais e<a href=\"https:\/\/g1.globo.com\/sao-paulo\/noticia\/terreno-da-feirinha-da-madrugada-de-sp-esta-contaminado.ghtml\">ncontrou componentes de benzeno e chumbo no local.<\/a>\u00a0O cons\u00f3rcio apresentou \u00e0 Companhia Ambiental do Estado de S\u00e3o Paulo (Cetesb) um plano de interven\u00e7\u00e3o para a constru\u00e7\u00e3o do shopping. A companhia ambiental aprovou o plano, mas estabeleceu exig\u00eancias como a restri\u00e7\u00e3o ao uso de \u00e1guas subterr\u00e2neas e a proibi\u00e7\u00e3o do plantio de \u00e1rvores frut\u00edferas e hortali\u00e7as.<\/li>\n<li>Em\u00a0<strong>fevereiro de 2018<\/strong>, a Justi\u00e7a de S\u00e3o Paulo\u00a0<a href=\"https:\/\/g1.globo.com\/sp\/sao-paulo\/noticia\/justica-determina-reintegracao-de-posse-da-feirinha-da-madrugada-em-sp.ghtml\">determinou a reintegra\u00e7\u00e3o de posse<\/a>\u00a0do local, ap\u00f3s processo movido pelo cons\u00f3rcio Circuito de Compras, que alegou que os comerciantes impediam o in\u00edcio das obras. Uma liminar chegou\u00a0<a href=\"https:\/\/g1.globo.com\/sp\/sao-paulo\/noticia\/liminar-suspende-reintegracao-de-posse-na-feirinha-da-madrugada-de-sp.ghtml\">a suspender a reintegra\u00e7\u00e3o<\/a>.<\/li>\n<li>Em\u00a0<strong>abril de 2018,\u00a0<\/strong>a reintegra\u00e7\u00e3o foi cumprida. Houve confus\u00e3o, com\u00a0<a href=\"https:\/\/g1.globo.com\/sp\/sao-paulo\/noticia\/policia-realiza-acao-de-reintegracao-de-posse-na-feirinha-da-madrugada.ghtml\">uso de bombas de efeito moral pela pol\u00edcia<\/a>. O cons\u00f3rcio iniciou ent\u00e3o\u00a0<a href=\"http:\/\/g1.globo.com\/videos\/v\/g1\/6647626\/\">a demoli\u00e7\u00e3o dos boxes<\/a>.<\/li>\n<li>Em\u00a0<strong>mar\u00e7o de 2018<\/strong>, a feira tamb\u00e9m\u00a0<a href=\"https:\/\/g1.globo.com\/sp\/sao-paulo\/noticia\/tj-determina-novamente-reintegracao-de-posse-do-terreno-da-feirinha-da-madrugada.ghtml\">chegou a ser lacrada pela Prefeitura<\/a>\u00a0&#8220;por conta da falta de licen\u00e7a de funcionamento, Auto de Vistoria do Corpo de Bombeiros (AVCB), e diversas irregularidades com rela\u00e7\u00e3o \u00e0 seguran\u00e7a&#8221;.<\/li>\n<li>Em\u00a0<strong>julho de 2018<\/strong>, o Tribunal de Contas da Uni\u00e3o (TCU)\u00a0<a href=\"https:\/\/g1.globo.com\/sp\/sao-paulo\/noticia\/2018\/07\/23\/tcu-libera-obra-de-shopping-em-area-da-feirinha-da-madrugada.ghtml\">liberou a constru\u00e7\u00e3o do shopping popular<\/a>, ap\u00f3s uma cooperativa ter entrado na Justi\u00e7a com um pedido de suspens\u00e3o das obras alegando problemas no processo de concess\u00e3o.<\/li>\n<\/ul>\n<p><img loading=\"lazy\" decoding=\"async\" class=\"alignnone size-full wp-image-1033\" src=\"http:\/\/jorgezanoni.com.br\/2019\/wp-content\/uploads\/2019\/07\/feira3.jpeg\" alt=\"\" width=\"1600\" height=\"899\" srcset=\"https:\/\/jorgezanoni.com.br\/2019\/wp-content\/uploads\/2019\/07\/feira3.jpeg 1600w, https:\/\/jorgezanoni.com.br\/2019\/wp-content\/uploads\/2019\/07\/feira3-300x169.jpeg 300w, https:\/\/jorgezanoni.com.br\/2019\/wp-content\/uploads\/2019\/07\/feira3-768x432.jpeg 768w, https:\/\/jorgezanoni.com.br\/2019\/wp-content\/uploads\/2019\/07\/feira3-1024x575.jpeg 1024w, https:\/\/jorgezanoni.com.br\/2019\/wp-content\/uploads\/2019\/07\/feira3-696x391.jpeg 696w, https:\/\/jorgezanoni.com.br\/2019\/wp-content\/uploads\/2019\/07\/feira3-1068x600.jpeg 1068w, https:\/\/jorgezanoni.com.br\/2019\/wp-content\/uploads\/2019\/07\/feira3-747x420.jpeg 747w\" sizes=\"auto, (max-width: 1600px) 100vw, 1600px\" \/><\/p>\n<p>Fonte: G1<\/p>\n<\/div>\n<\/div>\n<\/div>\n<\/div>\n","protected":false},"excerpt":{"rendered":"<p>Projeto prev\u00ea investimento de R$ 500 milh\u00f5es em estrutura de 182 mil m\u00b2 que deve ficar pronta em agosto de 2020. Ap\u00f3s processo marcado por\u00a0protestos e disputas judiciais, o cons\u00f3rcio Circuito de Compras anunciou nesta sexta-feira (19) o in\u00edcio das obras estruturais do shopping popular que substituir\u00e1 a Feira da Madrugada no Br\u00e1s, na regi\u00e3o [&hellip;]<\/p>\n","protected":false},"author":1,"featured_media":1034,"comment_status":"open","ping_status":"open","sticky":false,"template":"","format":"standard","meta":{"footnotes":""},"categories":[1],"tags":[],"class_list":["post-1031","post","type-post","status-publish","format-standard","has-post-thumbnail","hentry","category-uncategorized"],"_links":{"self":[{"href":"https:\/\/jorgezanoni.com.br\/2019\/wp-json\/wp\/v2\/posts\/1031","targetHints":{"allow":["GET"]}}],"collection":[{"href":"https:\/\/jorgezanoni.com.br\/2019\/wp-json\/wp\/v2\/posts"}],"about":[{"href":"https:\/\/jorgezanoni.com.br\/2019\/wp-json\/wp\/v2\/types\/post"}],"author":[{"embeddable":true,"href":"https:\/\/jorgezanoni.com.br\/2019\/wp-json\/wp\/v2\/users\/1"}],"replies":[{"embeddable":true,"href":"https:\/\/jorgezanoni.com.br\/2019\/wp-json\/wp\/v2\/comments?post=1031"}],"version-history":[{"count":0,"href":"https:\/\/jorgezanoni.com.br\/2019\/wp-json\/wp\/v2\/posts\/1031\/revisions"}],"wp:featuredmedia":[{"embeddable":true,"href":"https:\/\/jorgezanoni.com.br\/2019\/wp-json\/wp\/v2\/media\/1034"}],"wp:attachment":[{"href":"https:\/\/jorgezanoni.com.br\/2019\/wp-json\/wp\/v2\/media?parent=1031"}],"wp:term":[{"taxonomy":"category","embeddable":true,"href":"https:\/\/jorgezanoni.com.br\/2019\/wp-json\/wp\/v2\/categories?post=1031"},{"taxonomy":"post_tag","embeddable":true,"href":"https:\/\/jorgezanoni.com.br\/2019\/wp-json\/wp\/v2\/tags?post=1031"}],"curies":[{"name":"wp","href":"https:\/\/api.w.org\/{rel}","templated":true}]}}