{"id":10308,"date":"2019-11-02T21:40:50","date_gmt":"2019-11-02T21:40:50","guid":{"rendered":"https:\/\/jorgezanoni.com.br\/2019\/?p=10308"},"modified":"2019-11-02T21:40:50","modified_gmt":"2019-11-02T21:40:50","slug":"acidente-com-onibus-deixa-mortos-em-cachoeiro-de-itapemirim-es","status":"publish","type":"post","link":"https:\/\/jorgezanoni.com.br\/2019\/acidente-com-onibus-deixa-mortos-em-cachoeiro-de-itapemirim-es\/","title":{"rendered":"Acidente com \u00f4nibus deixa mortos em Cachoeiro de Itapemirim, ES"},"content":{"rendered":"<h2 class=\"content-head__subtitle\" style=\"text-align: justify;\"><strong>Quatro mortes foram confirmadas pela Pol\u00edcia Militar at\u00e9 as 17h30. O acidente aconteceu na rodovia ES-164, no distrito de Soturno, no in\u00edcio da tarde deste s\u00e1bado (2).<\/strong><\/h2>\n<div class=\"mc-column content-text active-extra-styles \" data-block-type=\"unstyled\" data-block-weight=\"36\" data-block-id=\"2\">\n<p class=\"content-text__container \" style=\"text-align: justify;\" data-track-category=\"Link no Texto\" data-track-links=\"\">Quatro pessoas morreram ap\u00f3s um \u00f4nibus de excurs\u00e3o capotar na rodovia ES-164, no distrito de Soturno, em Cachoeiro de Itapemirim, no Sul do Esp\u00edrito Santo. O acidente aconteceu no in\u00edcio da tarde deste s\u00e1bado (2).<\/p>\n<\/div>\n<div class=\"wall protected-content\">\n<div class=\"mc-column content-text active-extra-styles \" style=\"text-align: justify;\" data-block-type=\"unstyled\" data-block-weight=\"50\" data-block-id=\"3\">\n<p class=\"content-text__container \" data-track-category=\"Link no Texto\" data-track-links=\"\">De acordo com a Pol\u00edcia Militar, o coletivo saiu de Belo Horizonte e seguia para Itaoca, em Itapemirim. Em um trecho conhecido como &#8220;Curva da Morte&#8221;, o motorista perdeu o controle do ve\u00edculo e bateu em v\u00e1rias \u00e1rvores, tombando na via e obstruindo os dois sentidos da rodovia estadual.<\/p>\n<\/div>\n<div class=\"mc-column content-text active-extra-styles \" data-block-type=\"unstyled\" data-block-weight=\"34\" data-block-id=\"4\">\n<p class=\"content-text__container \" style=\"text-align: justify;\" data-track-category=\"Link no Texto\" data-track-links=\"\">Duas pessoas morreram no local. As outras duas v\u00edtimas s\u00e3o uma crian\u00e7a de dois anos e uma de nove, que chegaram a ser socorridas, mas n\u00e3o resistiram aos ferimentos e morreram no hospital.<\/p>\n<div class=\"mc-column content-text active-extra-styles \" style=\"text-align: justify;\" data-block-type=\"unstyled\" data-block-weight=\"33\" data-block-id=\"6\">\n<p class=\"content-text__container \" data-track-category=\"Link no Texto\" data-track-links=\"\">Os feridos foram socorridos pelo Corpo de Bombeiros e ambul\u00e2ncias da regi\u00e3o. Alguns foram levados por populares, em carros particulares. Por isso, ainda n\u00e3o \u00e9 poss\u00edvel precisar a quantidade de v\u00edtimas socorridas.<\/p>\n<\/div>\n<div class=\"mc-column content-text active-extra-styles \" data-block-type=\"unstyled\" data-block-weight=\"35\" data-block-id=\"7\">\n<p class=\"content-text__container \" style=\"text-align: justify;\" data-track-category=\"Link no Texto\" data-track-links=\"\">Eles foram encaminhados para a Santa Casa de Cachoeiro de Itapemirim e para o Hospital Infantil Francisco de Assis, onde est\u00e3o 13 crian\u00e7as. Doze delas na enfermaria e uma na UTI, em estado grave.<\/p>\n<\/div>\n<div class=\"row medium-uncollapsed content-media content-photo\" data-block-type=\"backstage-photo\" data-block-id=\"8\">\n<div class=\"mc-column content-media__container\">\n<div class=\"progressive-img can-open-lightbox\" style=\"text-align: justify;\" data-min-size=\"1008x567\" data-min-size-url=\"https:\/\/s2.glbimg.com\/8aHtvbotH2xDR8O7yJYZ3YmHqLQ=\/0x0:1032x581\/1008x0\/smart\/filters:strip_icc()\/i.s3.glbimg.com\/v1\/AUTH_59edd422c0c84a879bd37670ae4f538a\/internal_photos\/bs\/2019\/2\/F\/91Q0KQSlSOPBqjYs5AGA\/13b5cdae-0699-4d68-b6cb-61a787a923f2.jpg\" data-max-size=\"1600x900\" data-max-size-url=\"https:\/\/s2.glbimg.com\/VL1VBgF3P6bzpbIBOvi3CHe65mw=\/0x0:1032x581\/1600x0\/smart\/filters:strip_icc()\/i.s3.glbimg.com\/v1\/AUTH_59edd422c0c84a879bd37670ae4f538a\/internal_photos\/bs\/2019\/2\/F\/91Q0KQSlSOPBqjYs5AGA\/13b5cdae-0699-4d68-b6cb-61a787a923f2.jpg\" data-media-index=\"1\"><img loading=\"lazy\" decoding=\"async\" class=\"alignnone size-full wp-image-10309\" src=\"https:\/\/jorgezanoni.com.br\/2019\/wp-content\/uploads\/2019\/11\/bus\u00e3o1.jpg\" alt=\"\" width=\"1200\" height=\"676\" srcset=\"https:\/\/jorgezanoni.com.br\/2019\/wp-content\/uploads\/2019\/11\/bus\u00e3o1.jpg 1200w, https:\/\/jorgezanoni.com.br\/2019\/wp-content\/uploads\/2019\/11\/bus\u00e3o1-300x169.jpg 300w, https:\/\/jorgezanoni.com.br\/2019\/wp-content\/uploads\/2019\/11\/bus\u00e3o1-768x433.jpg 768w, https:\/\/jorgezanoni.com.br\/2019\/wp-content\/uploads\/2019\/11\/bus\u00e3o1-1024x577.jpg 1024w, https:\/\/jorgezanoni.com.br\/2019\/wp-content\/uploads\/2019\/11\/bus\u00e3o1-696x392.jpg 696w, https:\/\/jorgezanoni.com.br\/2019\/wp-content\/uploads\/2019\/11\/bus\u00e3o1-1068x602.jpg 1068w, https:\/\/jorgezanoni.com.br\/2019\/wp-content\/uploads\/2019\/11\/bus\u00e3o1-746x420.jpg 746w\" sizes=\"auto, (max-width: 1200px) 100vw, 1200px\" \/>Pol\u00edcia Militar e Civil estiveram no local do acidente, em Cachoeiro de Itapemirim \u2014 Foto: Leandro Manh\u00e3es \/ TV Gazeta<\/div>\n<\/div>\n<\/div>\n<div data-min-size=\"1008x567\" data-min-size-url=\"https:\/\/s2.glbimg.com\/8aHtvbotH2xDR8O7yJYZ3YmHqLQ=\/0x0:1032x581\/1008x0\/smart\/filters:strip_icc()\/i.s3.glbimg.com\/v1\/AUTH_59edd422c0c84a879bd37670ae4f538a\/internal_photos\/bs\/2019\/2\/F\/91Q0KQSlSOPBqjYs5AGA\/13b5cdae-0699-4d68-b6cb-61a787a923f2.jpg\" data-max-size=\"1600x900\" data-max-size-url=\"https:\/\/s2.glbimg.com\/VL1VBgF3P6bzpbIBOvi3CHe65mw=\/0x0:1032x581\/1600x0\/smart\/filters:strip_icc()\/i.s3.glbimg.com\/v1\/AUTH_59edd422c0c84a879bd37670ae4f538a\/internal_photos\/bs\/2019\/2\/F\/91Q0KQSlSOPBqjYs5AGA\/13b5cdae-0699-4d68-b6cb-61a787a923f2.jpg\" data-media-index=\"1\">\n<div class=\"mc-column content-text active-extra-styles\" style=\"text-align: justify;\" data-block-type=\"raw\" data-block-weight=\"1\" data-block-id=\"9\">\n<div class=\"content-intertitle\">\n<h2>\u00d4nibus<\/h2>\n<\/div>\n<\/div>\n<div class=\"mc-column content-text active-extra-styles \" data-block-type=\"unstyled\" data-block-weight=\"32\" data-block-id=\"10\">\n<p class=\"content-text__container \" style=\"text-align: justify;\" data-track-category=\"Link no Texto\" data-track-links=\"\">Em entrevista ao\u00a0<strong>G1\u00a0<\/strong>Minas Gerais, o dono da Alc\u00e2ntara Turismo, empresa respons\u00e1vel pelo \u00f4nibus, disse que o coletivo \u00e9 licenciado pela Ag\u00eancia Nacional de Transportes Terrestres (ANTT) para fazer excurs\u00f5es.<\/p>\n<div class=\"mc-column content-text active-extra-styles \" data-block-type=\"unstyled\" data-block-weight=\"35\" data-block-id=\"12\">\n<p class=\"content-text__container \" style=\"text-align: justify;\" data-track-category=\"Link no Texto\" data-track-links=\"\">Ele tamb\u00e9m informou que o ve\u00edculo foi vistoriado e passou por manuten\u00e7\u00e3o antes de seguir para o Esp\u00edrito Santo. Ainda de acordo com o dono da ag\u00eancia, a seguradora do \u00f4nibus j\u00e1 foi acionada.<\/p>\n<\/div>\n<div class=\"row medium-uncollapsed content-media content-photo\" data-block-type=\"backstage-photo\" data-block-id=\"13\">\n<div class=\"mc-column content-media__container\">\n<div class=\"progressive-img can-open-lightbox\" style=\"text-align: justify;\" data-min-size=\"1008x567\" data-min-size-url=\"https:\/\/s2.glbimg.com\/kxyfG4Cy30TPXsbmmiPHugfUIwQ=\/0x0:1032x581\/1008x0\/smart\/filters:strip_icc()\/i.s3.glbimg.com\/v1\/AUTH_59edd422c0c84a879bd37670ae4f538a\/internal_photos\/bs\/2019\/f\/O\/e37VI2Rbibk2kLtwL8Fg\/47e30f33-6557-482c-808f-771b58c7204b.jpg\" data-max-size=\"1600x900\" data-max-size-url=\"https:\/\/s2.glbimg.com\/xIqClkgWh0GqtyEqaiF9zn-EwyU=\/0x0:1032x581\/1600x0\/smart\/filters:strip_icc()\/i.s3.glbimg.com\/v1\/AUTH_59edd422c0c84a879bd37670ae4f538a\/internal_photos\/bs\/2019\/f\/O\/e37VI2Rbibk2kLtwL8Fg\/47e30f33-6557-482c-808f-771b58c7204b.jpg\" data-media-index=\"2\"><img loading=\"lazy\" decoding=\"async\" class=\"alignnone size-full wp-image-10310\" src=\"https:\/\/jorgezanoni.com.br\/2019\/wp-content\/uploads\/2019\/11\/bus\u00e3o2.jpg\" alt=\"\" width=\"1200\" height=\"676\" srcset=\"https:\/\/jorgezanoni.com.br\/2019\/wp-content\/uploads\/2019\/11\/bus\u00e3o2.jpg 1200w, https:\/\/jorgezanoni.com.br\/2019\/wp-content\/uploads\/2019\/11\/bus\u00e3o2-300x169.jpg 300w, https:\/\/jorgezanoni.com.br\/2019\/wp-content\/uploads\/2019\/11\/bus\u00e3o2-768x433.jpg 768w, https:\/\/jorgezanoni.com.br\/2019\/wp-content\/uploads\/2019\/11\/bus\u00e3o2-1024x577.jpg 1024w, https:\/\/jorgezanoni.com.br\/2019\/wp-content\/uploads\/2019\/11\/bus\u00e3o2-696x392.jpg 696w, https:\/\/jorgezanoni.com.br\/2019\/wp-content\/uploads\/2019\/11\/bus\u00e3o2-1068x602.jpg 1068w, https:\/\/jorgezanoni.com.br\/2019\/wp-content\/uploads\/2019\/11\/bus\u00e3o2-746x420.jpg 746w\" sizes=\"auto, (max-width: 1200px) 100vw, 1200px\" \/>\u00d4nibus de excurs\u00e3o \u00e9 da empresa Alc\u00e2ntara Turismo \u2014 Foto: Leandro Manh\u00e3es \/ TV Gazeta<\/div>\n<div style=\"text-align: justify;\" data-min-size=\"1008x567\" data-min-size-url=\"https:\/\/s2.glbimg.com\/kxyfG4Cy30TPXsbmmiPHugfUIwQ=\/0x0:1032x581\/1008x0\/smart\/filters:strip_icc()\/i.s3.glbimg.com\/v1\/AUTH_59edd422c0c84a879bd37670ae4f538a\/internal_photos\/bs\/2019\/f\/O\/e37VI2Rbibk2kLtwL8Fg\/47e30f33-6557-482c-808f-771b58c7204b.jpg\" data-max-size=\"1600x900\" data-max-size-url=\"https:\/\/s2.glbimg.com\/xIqClkgWh0GqtyEqaiF9zn-EwyU=\/0x0:1032x581\/1600x0\/smart\/filters:strip_icc()\/i.s3.glbimg.com\/v1\/AUTH_59edd422c0c84a879bd37670ae4f538a\/internal_photos\/bs\/2019\/f\/O\/e37VI2Rbibk2kLtwL8Fg\/47e30f33-6557-482c-808f-771b58c7204b.jpg\" data-media-index=\"2\">Fonte: G1<\/div>\n<\/div>\n<\/div>\n<\/div>\n<\/div>\n<\/div>\n<div data-min-size=\"1008x567\" data-min-size-url=\"https:\/\/s2.glbimg.com\/8aHtvbotH2xDR8O7yJYZ3YmHqLQ=\/0x0:1032x581\/1008x0\/smart\/filters:strip_icc()\/i.s3.glbimg.com\/v1\/AUTH_59edd422c0c84a879bd37670ae4f538a\/internal_photos\/bs\/2019\/2\/F\/91Q0KQSlSOPBqjYs5AGA\/13b5cdae-0699-4d68-b6cb-61a787a923f2.jpg\" data-max-size=\"1600x900\" data-max-size-url=\"https:\/\/s2.glbimg.com\/VL1VBgF3P6bzpbIBOvi3CHe65mw=\/0x0:1032x581\/1600x0\/smart\/filters:strip_icc()\/i.s3.glbimg.com\/v1\/AUTH_59edd422c0c84a879bd37670ae4f538a\/internal_photos\/bs\/2019\/2\/F\/91Q0KQSlSOPBqjYs5AGA\/13b5cdae-0699-4d68-b6cb-61a787a923f2.jpg\" data-media-index=\"1\"><\/div>\n<div class=\"content-ads content-ads--reveal\" data-block-type=\"ads\" data-block-id=\"5\">\n<div id=\"banner_materia2\" class=\"tag-manager-publicidade-container mc-has-reveal mc-has-ad-lazyload tag-manager-publicidade-banner_materia2 tag-manager-publicidade-container--carregado tag-manager-publicidade-container--visivel\" data-id=\"banner_materia2\" data-google-query-id=\"COOXte29zOUCFY10wQodisMGaA\" data-cid=\"138292242771\" data-lid=\"5210620779\"><\/div>\n<\/div>\n<\/div>\n","protected":false},"excerpt":{"rendered":"<p>Quatro mortes foram confirmadas pela Pol\u00edcia Militar at\u00e9 as 17h30. O acidente aconteceu na rodovia ES-164, no distrito de Soturno, no in\u00edcio da tarde deste s\u00e1bado (2). Quatro pessoas morreram ap\u00f3s um \u00f4nibus de excurs\u00e3o capotar na rodovia ES-164, no distrito de Soturno, em Cachoeiro de Itapemirim, no Sul do Esp\u00edrito Santo. O acidente aconteceu [&hellip;]<\/p>\n","protected":false},"author":1,"featured_media":10311,"comment_status":"closed","ping_status":"open","sticky":false,"template":"","format":"standard","meta":{"footnotes":""},"categories":[170,110],"tags":[],"class_list":["post-10308","post","type-post","status-publish","format-standard","has-post-thumbnail","hentry","category-acidentes","category-noticiasdestaque"],"_links":{"self":[{"href":"https:\/\/jorgezanoni.com.br\/2019\/wp-json\/wp\/v2\/posts\/10308","targetHints":{"allow":["GET"]}}],"collection":[{"href":"https:\/\/jorgezanoni.com.br\/2019\/wp-json\/wp\/v2\/posts"}],"about":[{"href":"https:\/\/jorgezanoni.com.br\/2019\/wp-json\/wp\/v2\/types\/post"}],"author":[{"embeddable":true,"href":"https:\/\/jorgezanoni.com.br\/2019\/wp-json\/wp\/v2\/users\/1"}],"replies":[{"embeddable":true,"href":"https:\/\/jorgezanoni.com.br\/2019\/wp-json\/wp\/v2\/comments?post=10308"}],"version-history":[{"count":0,"href":"https:\/\/jorgezanoni.com.br\/2019\/wp-json\/wp\/v2\/posts\/10308\/revisions"}],"wp:featuredmedia":[{"embeddable":true,"href":"https:\/\/jorgezanoni.com.br\/2019\/wp-json\/wp\/v2\/media\/10311"}],"wp:attachment":[{"href":"https:\/\/jorgezanoni.com.br\/2019\/wp-json\/wp\/v2\/media?parent=10308"}],"wp:term":[{"taxonomy":"category","embeddable":true,"href":"https:\/\/jorgezanoni.com.br\/2019\/wp-json\/wp\/v2\/categories?post=10308"},{"taxonomy":"post_tag","embeddable":true,"href":"https:\/\/jorgezanoni.com.br\/2019\/wp-json\/wp\/v2\/tags?post=10308"}],"curies":[{"name":"wp","href":"https:\/\/api.w.org\/{rel}","templated":true}]}}