{"id":10301,"date":"2019-11-02T21:11:40","date_gmt":"2019-11-02T21:11:40","guid":{"rendered":"https:\/\/jorgezanoni.com.br\/2019\/?p=10301"},"modified":"2019-11-02T21:11:40","modified_gmt":"2019-11-02T21:11:40","slug":"iphone-5-precisa-ser-atualizado-ate-este-sabado-para-nao-perder-funcoes-de-e-mail-navegador-e-outros-aplicativos","status":"publish","type":"post","link":"https:\/\/jorgezanoni.com.br\/2019\/iphone-5-precisa-ser-atualizado-ate-este-sabado-para-nao-perder-funcoes-de-e-mail-navegador-e-outros-aplicativos\/","title":{"rendered":"iPhone 5 precisa ser atualizado at\u00e9 este s\u00e1bado para n\u00e3o perder fun\u00e7\u00f5es de e-mail, navegador e outros aplicativos"},"content":{"rendered":"<h2 class=\"content-head__subtitle\" style=\"text-align: justify;\"><strong>Aparelhos precisam estar na vers\u00e3o 10.3.4 at\u00e9 as 21h ou aplicativos deixar\u00e3o de funcionar e atualiza\u00e7\u00e3o ter\u00e1 que ser feita com a ajuda de um computador.<\/strong><\/h2>\n<div class=\"mc-column content-text active-extra-styles \" data-block-type=\"unstyled\" data-block-weight=\"44\" data-block-id=\"2\">\n<p class=\"content-text__container \" style=\"text-align: justify;\" data-track-category=\"Link no Texto\" data-track-links=\"\">A\u00a0<a href=\"https:\/\/g1.globo.com\/tudo-sobre\/apple\/\">Apple\u00a0<\/a>anunciou que<a href=\"https:\/\/support.apple.com\/en-us\/HT210712#925\" target=\"_blank\" rel=\"noopener noreferrer\">\u00a0usu\u00e1rios do iPhone 5 precisam fazer uma atualiza\u00e7\u00e3o do sistema operacional\u00a0<\/a>do aparelho at\u00e9 este s\u00e1bado (2). Se isso n\u00e3o for feito, aplicativos como a App Store, e-mail, navegador web ou servi\u00e7o de armazenamento em nuvem iCloud deixar\u00e3o de funcionar.<\/p>\n<\/div>\n<div class=\"wall protected-content\">\n<div class=\"mc-column content-text active-extra-styles \" style=\"text-align: justify;\" data-block-type=\"unstyled\" data-block-weight=\"51\" data-block-id=\"3\">\n<p class=\"content-text__container \" data-track-category=\"Link no Texto\" data-track-links=\"\">A data oficial para a corre\u00e7\u00e3o do problema \u00e9 meia-noite do dia 3 de novembro. Mas, por causa do fuso hor\u00e1rio do Brasil em rela\u00e7\u00e3o ao Tempo Universal Coordenado (a partir de onde os fusos s\u00e3o calculados), a atualiza\u00e7\u00e3o precisa ser feita at\u00e9 as 21h do hor\u00e1rio de Bras\u00edlia de hoje.<\/p>\n<\/div>\n<div class=\"mc-column content-text active-extra-styles \" data-block-type=\"unstyled\" data-block-weight=\"41\" data-block-id=\"4\">\n<p class=\"content-text__container \" style=\"text-align: justify;\" data-track-category=\"Link no Texto\" data-track-links=\"\">Sem o iCloud e fun\u00e7\u00f5es de navega\u00e7\u00e3o, n\u00e3o ser\u00e1 poss\u00edvel fazer backup e atualizar o smartphone com uma conex\u00e3o wireless. Por isso, se o aparelho n\u00e3o estiver na vers\u00e3o correta, ser\u00e1 preciso fazer a atualiza\u00e7\u00e3o com a ajuda de um computador.<\/p>\n<div class=\"mc-column content-text active-extra-styles \" style=\"text-align: justify;\" data-block-type=\"unstyled\" data-block-weight=\"41\" data-block-id=\"6\">\n<p class=\"content-text__container \" data-track-category=\"Link no Texto\" data-track-links=\"\">O problema est\u00e1 em um mecanismo de data e hora no sistema do GPS, que deixar\u00e1 de apresentar informa\u00e7\u00f5es precisas. Alguns dispositivos com GPS medem o tempo em semanas e, quando a contagem chega na semana 1.024, ela retorna a zero.<\/p>\n<\/div>\n<div class=\"mc-column content-text active-extra-styles \" style=\"text-align: justify;\" data-block-type=\"unstyled\" data-block-weight=\"39\" data-block-id=\"7\">\n<p class=\"content-text__container \" data-track-category=\"Link no Texto\" data-track-links=\"\">Esse &#8220;reset&#8221; do contador vai afetar aplicativos que precisam dessas informa\u00e7\u00f5es mais precisas de data e hora \u2014 justamente esses que est\u00e3o previstos para parar de funcionar. O problema, segundo a Apple, n\u00e3o afeta iPhone 5S ou 5C.<\/p>\n<\/div>\n<div class=\"mc-column content-text active-extra-styles \" style=\"text-align: justify;\" data-block-type=\"unstyled\" data-block-weight=\"65\" data-block-id=\"8\">\n<p class=\"content-text__container \" data-track-category=\"Link no Texto\" data-track-links=\"\">Problemas na atualiza\u00e7\u00e3o de data e hora em softwares s\u00e3o comuns na tecnologia. O mais not\u00f3rio foi o &#8220;bug do mil\u00eanio&#8221;, em que computadores n\u00e3o conseguiram fazer a atualiza\u00e7\u00e3o na virada do ano 1999 para o ano 2000. Recentemente, diverg\u00eancias nas informa\u00e7\u00f5es de data e hora levaram\u00a0<a href=\"https:\/\/g1.globo.com\/economia\/tecnologia\/noticia\/2019\/10\/20\/mesmo-sem-horario-de-verao-usuarios-afirmam-que-celulares-adiantaram-hora.ghtml\">celulares Android no Brasil a mudar para o hor\u00e1rio de ver\u00e3o<\/a>, mesmo ele tendo sido revogado este ano.<\/p>\n<\/div>\n<div class=\"mc-column content-text active-extra-styles\" style=\"text-align: justify;\" data-block-type=\"raw\" data-block-weight=\"3\" data-block-id=\"9\">\n<div class=\"content-intertitle\">\n<h2>Modelos mais antigos<\/h2>\n<\/div>\n<\/div>\n<div class=\"mc-column content-text active-extra-styles \" style=\"text-align: justify;\" data-block-type=\"unstyled\" data-block-weight=\"47\" data-block-id=\"10\">\n<p class=\"content-text__container \" data-track-category=\"Link no Texto\" data-track-links=\"\">Al\u00e9m do iPhone 5, modelos de produtos com sistema iOS fabricados em 2012 ou antes dever\u00e3o ser atualizados para n\u00e3o ter problemas com a localiza\u00e7\u00e3o. No caso dos iPads, isso s\u00f3 vale para os que t\u00eam Wi-Fi + celular. os que s\u00f3 t\u00eam Wi-Fi n\u00e3o ser\u00e3o afetados.<\/p>\n<\/div>\n<div class=\"mc-column content-text active-extra-styles\" style=\"text-align: justify;\" data-block-type=\"raw\" data-block-weight=\"2\" data-block-id=\"11\">\n<div class=\"content-intertitle\">\n<h2>Como atualizar?<\/h2>\n<\/div>\n<\/div>\n<div class=\"mc-column content-text active-extra-styles\" data-block-type=\"raw\" data-block-weight=\"13\" data-block-id=\"12\">\n<ol class=\"content-ordered-list theme-ordered-list-color-primary\" style=\"text-align: justify;\">\n<li>Abra o aplicativo &#8220;Ajustes&#8221;;<\/li>\n<li>Clique em &#8220;Geral&#8221;;<\/li>\n<li>Depois clique em &#8220;Atualiza\u00e7\u00e3o de Software&#8221;;<\/li>\n<\/ol>\n<article>\n<div class=\"wall protected-content\">\n<div class=\"mc-column content-text active-extra-styles \" data-block-type=\"unstyled\" data-block-weight=\"12\" data-block-id=\"14\">\n<p class=\"content-text__container \" data-track-category=\"Link no Texto\" data-track-links=\"\"><strong>Veja a vers\u00e3o do iOS necess\u00e1ria para evitar problemas, conforme os aparelhos:<\/strong><\/p>\n<\/div>\n<div data-track-category=\"multicontent\" data-track-action=\"ultimo chunk conteudo\" data-track-noninteraction=\"false\" data-track-scroll=\"view\">\n<div class=\"mc-column content-text active-extra-styles\" data-block-type=\"raw\" data-block-weight=\"39\" data-block-id=\"15\">\n<ul class=\"content-unordered-list\">\n<li>iOS 10.3.4, para iPhone 5 e iPad quarta gera\u00e7\u00e3o com Wi-Fi + celular;<\/li>\n<li>iOS 9.3.6, para iPhone 4s, iPad mini (primeira gera\u00e7\u00e3o com Wi-Fi + celular), iPad 2 (Wi-Fi + celular (CDMA), iPad (terceira gera\u00e7\u00e3o, com Wi-Fi + celular<\/li>\n<\/ul>\n<\/div>\n<\/div>\n<\/div>\n<\/article>\n<div class=\"mc-column entities\">\n<ul class=\"entities__list\" style=\"text-align: justify;\" data-track-category=\"multicontent\" data-track-action=\"tag semantica\">\n<li class=\"entities__list-item\"><a class=\"entities__list-itemLink\" href=\"https:\/\/g1.globo.com\/tudo-sobre\/apple\/\" data-track-click=\"Apple\">APPLE<\/a><\/li>\n<\/ul>\n<p style=\"text-align: justify;\">Fonte: G1<\/p>\n<\/div>\n<\/div>\n<\/div>\n<\/div>\n","protected":false},"excerpt":{"rendered":"<p>Aparelhos precisam estar na vers\u00e3o 10.3.4 at\u00e9 as 21h ou aplicativos deixar\u00e3o de funcionar e atualiza\u00e7\u00e3o ter\u00e1 que ser feita com a ajuda de um computador. A\u00a0Apple\u00a0anunciou que\u00a0usu\u00e1rios do iPhone 5 precisam fazer uma atualiza\u00e7\u00e3o do sistema operacional\u00a0do aparelho at\u00e9 este s\u00e1bado (2). Se isso n\u00e3o for feito, aplicativos como a App Store, e-mail, navegador [&hellip;]<\/p>\n","protected":false},"author":1,"featured_media":10302,"comment_status":"closed","ping_status":"open","sticky":false,"template":"","format":"standard","meta":{"footnotes":""},"categories":[120,110],"tags":[],"class_list":["post-10301","post","type-post","status-publish","format-standard","has-post-thumbnail","hentry","category-justicahabitacaotecnologia","category-noticiasdestaque"],"_links":{"self":[{"href":"https:\/\/jorgezanoni.com.br\/2019\/wp-json\/wp\/v2\/posts\/10301","targetHints":{"allow":["GET"]}}],"collection":[{"href":"https:\/\/jorgezanoni.com.br\/2019\/wp-json\/wp\/v2\/posts"}],"about":[{"href":"https:\/\/jorgezanoni.com.br\/2019\/wp-json\/wp\/v2\/types\/post"}],"author":[{"embeddable":true,"href":"https:\/\/jorgezanoni.com.br\/2019\/wp-json\/wp\/v2\/users\/1"}],"replies":[{"embeddable":true,"href":"https:\/\/jorgezanoni.com.br\/2019\/wp-json\/wp\/v2\/comments?post=10301"}],"version-history":[{"count":0,"href":"https:\/\/jorgezanoni.com.br\/2019\/wp-json\/wp\/v2\/posts\/10301\/revisions"}],"wp:featuredmedia":[{"embeddable":true,"href":"https:\/\/jorgezanoni.com.br\/2019\/wp-json\/wp\/v2\/media\/10302"}],"wp:attachment":[{"href":"https:\/\/jorgezanoni.com.br\/2019\/wp-json\/wp\/v2\/media?parent=10301"}],"wp:term":[{"taxonomy":"category","embeddable":true,"href":"https:\/\/jorgezanoni.com.br\/2019\/wp-json\/wp\/v2\/categories?post=10301"},{"taxonomy":"post_tag","embeddable":true,"href":"https:\/\/jorgezanoni.com.br\/2019\/wp-json\/wp\/v2\/tags?post=10301"}],"curies":[{"name":"wp","href":"https:\/\/api.w.org\/{rel}","templated":true}]}}