{"id":10298,"date":"2019-11-02T20:55:51","date_gmt":"2019-11-02T20:55:51","guid":{"rendered":"https:\/\/jorgezanoni.com.br\/2019\/?p=10298"},"modified":"2019-11-02T20:55:51","modified_gmt":"2019-11-02T20:55:51","slug":"google-volta-a-alertar-sobre-risco-de-mudanca-no-relogio-de-celulares-mesmo-com-cancelamento-de-horario-de-verao","status":"publish","type":"post","link":"https:\/\/jorgezanoni.com.br\/2019\/google-volta-a-alertar-sobre-risco-de-mudanca-no-relogio-de-celulares-mesmo-com-cancelamento-de-horario-de-verao\/","title":{"rendered":"Google volta a alertar sobre risco de mudan\u00e7a no rel\u00f3gio de celulares mesmo com cancelamento de hor\u00e1rio de ver\u00e3o"},"content":{"rendered":"<h2 class=\"content-head__subtitle\" style=\"text-align: justify;\"><strong>Medida j\u00e1 n\u00e3o vale no pa\u00eds, mas alguns aparelhos podem fazer atualiza\u00e7\u00e3o do rel\u00f3gio automaticamente. Isso porque, em 2018, o hor\u00e1rio de ver\u00e3o come\u00e7ou dia 3 de novembro.<\/strong><\/h2>\n<div class=\"mc-column content-text active-extra-styles \" data-block-type=\"unstyled\" data-block-weight=\"41\" data-block-id=\"2\">\n<p class=\"content-text__container \" style=\"text-align: justify;\" data-track-category=\"Link no Texto\" data-track-links=\"\">O\u00a0<a href=\"https:\/\/g1.globo.com\/tudo-sobre\/google\/\">Google <\/a>\u00a0volta a alertar sobre risco de mudan\u00e7a no rel\u00f3gio de celulares mesmo com <a href=\"https:\/\/g1.globo.com\/economia\/noticia\/2019\/04\/05\/governo-anuncia-fim-do-horario-de-verao.ghtml\">cancelamento de hor\u00e1rio de ver\u00e3o<\/a>. A empresa orienta que donos de aparelhos com sistema Android no Brasil alterem as configura\u00e7\u00f5es autom\u00e1ticas de data e hora.<\/p>\n<\/div>\n<div class=\"wall protected-content\">\n<div class=\"mc-column content-text active-extra-styles \" style=\"text-align: justify;\" data-block-type=\"unstyled\" data-block-weight=\"32\" data-block-id=\"3\">\n<p class=\"content-text__container \" data-track-category=\"Link no Texto\" data-track-links=\"\">No ano passado, a mudan\u00e7a no hor\u00e1rio come\u00e7ou no dia 3 de novembro, mais tarde do que costumava acontecer. Para este ano,\u00a0<a href=\"https:\/\/g1.globo.com\/politica\/noticia\/2019\/04\/25\/bolsonaro-assina-decreto-que-acaba-com-o-horario-de-verao.ghtml\">o hor\u00e1rio de ver\u00e3o foi revogado<\/a>\u00a0pelo presidente Jair Bolsonaro.<\/p>\n<\/div>\n<div class=\"mc-column content-text active-extra-styles \" data-block-type=\"unstyled\" data-block-weight=\"50\" data-block-id=\"4\">\n<p class=\"content-text__container \" style=\"text-align: justify;\" data-track-category=\"Link no Texto\" data-track-links=\"\">Tradicionalmente, o hor\u00e1rio de ver\u00e3o no Brasil come\u00e7ava em outubro. No \u00faltimo dia 18, as operadoras de telefonia disseram que tinham &#8220;desprogramaram a altera\u00e7\u00e3o&#8221; em suas plataformas, &#8220;de acordo com o novo decreto presidencial&#8221;. Mas, no dia 20, alguns\u00a0<a href=\"https:\/\/g1.globo.com\/economia\/tecnologia\/noticia\/2019\/10\/20\/mesmo-sem-horario-de-verao-usuarios-afirmam-que-celulares-adiantaram-hora.ghtml\">usu\u00e1rios constataram a mudan\u00e7a de hor\u00e1rio<\/a>\u00a0autom\u00e1tica em seus aparelhos.<\/p>\n<article>\n<div class=\"wall protected-content\">\n<div class=\"mc-column content-text active-extra-styles \" data-block-type=\"unstyled\" data-block-weight=\"25\" data-block-id=\"6\">\n<p class=\"content-text__container \" data-track-category=\"Link no Texto\" data-track-links=\"\">O Google sugere manter a desativa\u00e7\u00e3o at\u00e9 o dia 16 de fevereiro, quando o hor\u00e1rio de ver\u00e3o chegaria ao fim, se ainda estivesse em vigor.<\/p>\n<\/div>\n<div class=\"mc-column content-text active-extra-styles\" data-block-type=\"raw\" data-block-weight=\"7\" data-block-id=\"7\">\n<div class=\"content-intertitle\">\n<h2>Como desabilitar a configura\u00e7\u00e3o autom\u00e1tica no Android:<\/h2>\n<\/div>\n<\/div>\n<div data-track-category=\"multicontent\" data-track-action=\"ultimo chunk conteudo\" data-track-noninteraction=\"false\" data-track-scroll=\"view\">\n<div class=\"mc-column content-text active-extra-styles\" data-block-type=\"raw\" data-block-weight=\"44\" data-block-id=\"8\">\n<ol class=\"content-ordered-list theme-ordered-list-color-primary\">\n<li>Entre no menu de configura\u00e7\u00f5es;<\/li>\n<li>Entre na op\u00e7\u00e3o &#8220;Sistema&#8221; (segundo o Google, dependendo do aparelho este passo pode ser pulado);<\/li>\n<li>Escolha as op\u00e7\u00f5es de &#8220;Data e Hora&#8221;;<\/li>\n<li>Desativa as fun\u00e7\u00f5es \u201cData e hora autom\u00e1ticas\u201d e \u201cFuso hor\u00e1rio autom\u00e1tico\u201d.<\/li>\n<\/ol>\n<ul class=\"content-unordered-list\">\n<li><a href=\"https:\/\/g1.globo.com\/economia\/tecnologia\/blog\/ronaldo-prass\/post\/2018\/10\/15\/saiba-corrigir-a-hora-errada-no-iphone-devido-ao-horario-de-verao.ghtml\">Veja tamb\u00e9m: como desabilitar no iPhone<\/a><\/li>\n<\/ul>\n<\/div>\n<\/div>\n<\/div>\n<\/article>\n<div class=\"mc-column entities\">\n<ul class=\"entities__list\" style=\"text-align: justify;\" data-track-category=\"multicontent\" data-track-action=\"tag semantica\">\n<li class=\"entities__list-item\"><a class=\"entities__list-itemLink\" href=\"https:\/\/g1.globo.com\/tudo-sobre\/google\/\" data-track-click=\"Google\">GOOGLE<\/a><\/li>\n<\/ul>\n<p style=\"text-align: justify;\">Fonte: G1<\/p>\n<\/div>\n<\/div>\n<\/div>\n","protected":false},"excerpt":{"rendered":"<p>Medida j\u00e1 n\u00e3o vale no pa\u00eds, mas alguns aparelhos podem fazer atualiza\u00e7\u00e3o do rel\u00f3gio automaticamente. Isso porque, em 2018, o hor\u00e1rio de ver\u00e3o come\u00e7ou dia 3 de novembro. O\u00a0Google \u00a0volta a alertar sobre risco de mudan\u00e7a no rel\u00f3gio de celulares mesmo com cancelamento de hor\u00e1rio de ver\u00e3o. A empresa orienta que donos de aparelhos com [&hellip;]<\/p>\n","protected":false},"author":1,"featured_media":10299,"comment_status":"closed","ping_status":"open","sticky":false,"template":"","format":"standard","meta":{"footnotes":""},"categories":[120,110],"tags":[],"class_list":["post-10298","post","type-post","status-publish","format-standard","has-post-thumbnail","hentry","category-justicahabitacaotecnologia","category-noticiasdestaque"],"_links":{"self":[{"href":"https:\/\/jorgezanoni.com.br\/2019\/wp-json\/wp\/v2\/posts\/10298","targetHints":{"allow":["GET"]}}],"collection":[{"href":"https:\/\/jorgezanoni.com.br\/2019\/wp-json\/wp\/v2\/posts"}],"about":[{"href":"https:\/\/jorgezanoni.com.br\/2019\/wp-json\/wp\/v2\/types\/post"}],"author":[{"embeddable":true,"href":"https:\/\/jorgezanoni.com.br\/2019\/wp-json\/wp\/v2\/users\/1"}],"replies":[{"embeddable":true,"href":"https:\/\/jorgezanoni.com.br\/2019\/wp-json\/wp\/v2\/comments?post=10298"}],"version-history":[{"count":0,"href":"https:\/\/jorgezanoni.com.br\/2019\/wp-json\/wp\/v2\/posts\/10298\/revisions"}],"wp:featuredmedia":[{"embeddable":true,"href":"https:\/\/jorgezanoni.com.br\/2019\/wp-json\/wp\/v2\/media\/10299"}],"wp:attachment":[{"href":"https:\/\/jorgezanoni.com.br\/2019\/wp-json\/wp\/v2\/media?parent=10298"}],"wp:term":[{"taxonomy":"category","embeddable":true,"href":"https:\/\/jorgezanoni.com.br\/2019\/wp-json\/wp\/v2\/categories?post=10298"},{"taxonomy":"post_tag","embeddable":true,"href":"https:\/\/jorgezanoni.com.br\/2019\/wp-json\/wp\/v2\/tags?post=10298"}],"curies":[{"name":"wp","href":"https:\/\/api.w.org\/{rel}","templated":true}]}}