{"id":10292,"date":"2019-11-02T20:47:25","date_gmt":"2019-11-02T20:47:25","guid":{"rendered":"https:\/\/jorgezanoni.com.br\/2019\/?p=10292"},"modified":"2019-11-02T20:47:25","modified_gmt":"2019-11-02T20:47:25","slug":"funeraria-fixa-qr-code-em-tumulos-de-cemiterio-para-contar-historia-de-pessoas-enterradas-no-interior-de-sp","status":"publish","type":"post","link":"https:\/\/jorgezanoni.com.br\/2019\/funeraria-fixa-qr-code-em-tumulos-de-cemiterio-para-contar-historia-de-pessoas-enterradas-no-interior-de-sp\/","title":{"rendered":"Funer\u00e1ria fixa QR Code em t\u00famulos de cemit\u00e9rio para contar hist\u00f3ria de pessoas enterradas no interior de SP"},"content":{"rendered":"<h2 class=\"content-head__subtitle\" style=\"text-align: justify;\"><strong>Projeto procura resgatar lembran\u00e7as de entes queridos e figuras importantes para Ja\u00fa. Neste s\u00e1bado (2), grupo art\u00edstico promove visita\u00e7\u00e3o nos jazigos, contando hist\u00f3rias e divulgando a novidade.<\/strong><\/h2>\n<p style=\"text-align: justify;\"><img loading=\"lazy\" decoding=\"async\" class=\"alignnone size-full wp-image-10293\" src=\"https:\/\/jorgezanoni.com.br\/2019\/wp-content\/uploads\/2019\/11\/code.jpeg\" alt=\"\" width=\"1200\" height=\"675\" srcset=\"https:\/\/jorgezanoni.com.br\/2019\/wp-content\/uploads\/2019\/11\/code.jpeg 1200w, https:\/\/jorgezanoni.com.br\/2019\/wp-content\/uploads\/2019\/11\/code-300x169.jpeg 300w, https:\/\/jorgezanoni.com.br\/2019\/wp-content\/uploads\/2019\/11\/code-768x432.jpeg 768w, https:\/\/jorgezanoni.com.br\/2019\/wp-content\/uploads\/2019\/11\/code-1024x576.jpeg 1024w, https:\/\/jorgezanoni.com.br\/2019\/wp-content\/uploads\/2019\/11\/code-696x392.jpeg 696w, https:\/\/jorgezanoni.com.br\/2019\/wp-content\/uploads\/2019\/11\/code-1068x601.jpeg 1068w, https:\/\/jorgezanoni.com.br\/2019\/wp-content\/uploads\/2019\/11\/code-747x420.jpeg 747w\" sizes=\"auto, (max-width: 1200px) 100vw, 1200px\" \/>Funer\u00e1ria fixa QR Code em t\u00famulos de cemit\u00e9rio para contar hist\u00f3ria de pessoas enterradas em Ja\u00fa \u2014 Foto: Luizinho Andretto\/Divulga\u00e7\u00e3o<\/p>\n<div class=\"mc-column content-text active-extra-styles \" style=\"text-align: justify;\" data-block-type=\"unstyled\" data-block-weight=\"45\" data-block-id=\"2\">\n<p class=\"content-text__container \" data-track-category=\"Link no Texto\" data-track-links=\"\">Uma funer\u00e1ria em Ja\u00fa (SP) criou um projeto que procura resgatar as hist\u00f3rias das pessoas que j\u00e1 morreram na cidade. Um ladrilho com QR Code ser\u00e1 fixado nos jazigos e, atrav\u00e9s dele, ser\u00e1 poss\u00edvel acessar uma p\u00e1gina na internet com informa\u00e7\u00f5es sobre o falecido.<\/p>\n<\/div>\n<div class=\"wall protected-content\">\n<div class=\"mc-column content-text active-extra-styles \" data-block-type=\"unstyled\" data-block-weight=\"38\" data-block-id=\"3\">\n<p class=\"content-text__container \" style=\"text-align: justify;\" data-track-category=\"Link no Texto\" data-track-links=\"\">Um dos propriet\u00e1rios da Funer\u00e1ria Jauense, Guilherme Izatto, conta que a iniciativa surgiu a partir da necessidade de reviver a cultura do cemit\u00e9rio, estimulando a visita das pessoas ao local, para homenagear as pessoas queridas que j\u00e1 morreram.<\/p>\n<p class=\"content-text__container \" style=\"text-align: justify;\" data-track-category=\"Link no Texto\" data-track-links=\"\"><span style=\"font-style: italic; text-align: center;\">\u201cEsse costume de ir ao cemit\u00e9rio est\u00e1 acabando a cada ano que passa. Quem sabe isso \u00e9 um jeito de deixar isso vivo? Um neto que n\u00e3o conheceu o bisav\u00f3 vai poder ver a foto, a hist\u00f3ria dele\u201d, conta o propriet\u00e1rio. <\/span><\/p>\n<p class=\"content-text__container \" style=\"text-align: justify;\" data-track-category=\"Link no Texto\" data-track-links=\"\">Neste s\u00e1bado (2), Dia de Finados, o Cemit\u00e9rio Ana Rosa de Paula vai receber um evento em comemora\u00e7\u00e3o ao Dia de Finados, com a inaugura\u00e7\u00e3o do projeto dos QR Codes. O local \u00e9 considerado um <a href=\"http:\/\/g1.globo.com\/sp\/bauru-marilia\/noticia\/2013\/11\/museu-ceu-aberto-cemiterio-de-jau-guarda-verdadeiras-obras-de-arte.html\">\u201cmuseu em c\u00e9u aberto\u201d<\/a>\u00a0e guarda muitas hist\u00f3rias e verdadeiras obras de arte.<\/p>\n<div class=\"mc-column content-text active-extra-styles \" style=\"text-align: justify;\" data-block-type=\"unstyled\" data-block-weight=\"35\" data-block-id=\"7\">\n<p class=\"content-text__container \" data-track-category=\"Link no Texto\" data-track-links=\"\">Durante a manh\u00e3, o Grupo NecroPollis, em parceria com a funer\u00e1ria e a Secretaria de Cultura, vai promover uma visita\u00e7\u00e3o no cemit\u00e9rio, contando hist\u00f3rias de personalidades importantes da cidade, que est\u00e3o enterradas no local.<\/p>\n<\/div>\n<div class=\"mc-column content-text active-extra-styles \" style=\"text-align: justify;\" data-block-type=\"unstyled\" data-block-weight=\"29\" data-block-id=\"8\">\n<p class=\"content-text__container \" data-track-category=\"Link no Texto\" data-track-links=\"\">Alguns exemplos s\u00e3o o primeiro imigrante, o primeiro sapateiro, o criador do chuveiro el\u00e9trico e o pr\u00f3prio Criolando, personagem de uma lenda famosa que intriga moradores da cidade.<\/p>\n<\/div>\n<div class=\"mc-column content-text active-extra-styles \" style=\"text-align: justify;\" data-block-type=\"unstyled\" data-block-weight=\"30\" data-block-id=\"9\">\n<p class=\"content-text__container \" data-track-category=\"Link no Texto\" data-track-links=\"\">Segundo um participante do grupo, Andr\u00e9 Ricardo da Silva, o NecroPollis ficou respons\u00e1vel por criar os textos com as hist\u00f3rias dos falecidos, que estar\u00e3o dispon\u00edveis atrav\u00e9s dos QR Codes.<\/p>\n<\/div>\n<div class=\"mc-column content-text active-extra-styles \" data-block-type=\"unstyled\" data-block-weight=\"27\" data-block-id=\"10\">\n<p class=\"content-text__container \" style=\"text-align: justify;\" data-track-category=\"Link no Texto\" data-track-links=\"\">Al\u00e9m disso, eles v\u00e3o estar vestidos como os personagens e v\u00e3o ajudar a divulgar a novidade do cemit\u00e9rio, compartilhando algumas curiosidades sobre as figuras que representam.<\/p>\n<p style=\"text-align: justify;\" data-track-category=\"Link no Texto\" data-track-links=\"\"><img loading=\"lazy\" decoding=\"async\" class=\"alignnone size-full wp-image-10294\" src=\"https:\/\/jorgezanoni.com.br\/2019\/wp-content\/uploads\/2019\/11\/code1.jpeg\" alt=\"\" width=\"1600\" height=\"910\" srcset=\"https:\/\/jorgezanoni.com.br\/2019\/wp-content\/uploads\/2019\/11\/code1.jpeg 1600w, https:\/\/jorgezanoni.com.br\/2019\/wp-content\/uploads\/2019\/11\/code1-300x171.jpeg 300w, https:\/\/jorgezanoni.com.br\/2019\/wp-content\/uploads\/2019\/11\/code1-768x437.jpeg 768w, https:\/\/jorgezanoni.com.br\/2019\/wp-content\/uploads\/2019\/11\/code1-1024x582.jpeg 1024w, https:\/\/jorgezanoni.com.br\/2019\/wp-content\/uploads\/2019\/11\/code1-696x396.jpeg 696w, https:\/\/jorgezanoni.com.br\/2019\/wp-content\/uploads\/2019\/11\/code1-1068x607.jpeg 1068w, https:\/\/jorgezanoni.com.br\/2019\/wp-content\/uploads\/2019\/11\/code1-738x420.jpeg 738w\" sizes=\"auto, (max-width: 1600px) 100vw, 1600px\" \/>Projeto procura resgatar lembran\u00e7as de entes queridos e figuras importantes para Ja\u00fa \u2014 Foto: Luizinho Andretto\/Divulga\u00e7\u00e3o<\/p>\n<div class=\"mc-column content-text active-extra-styles \" style=\"text-align: justify;\" data-block-type=\"unstyled\" data-block-weight=\"34\" data-block-id=\"13\">\n<p class=\"content-text__container \" data-track-category=\"Link no Texto\" data-track-links=\"\">De acordo com o Guilherme, o evento tamb\u00e9m vai disponibilizar uma tenda, na qual as fam\u00edlias poder\u00e3o se inscrever para colocar o c\u00f3digo com as informa\u00e7\u00f5es de um ente querido no t\u00famulo dele.<\/p>\n<\/div>\n<div class=\"mc-column content-text active-extra-styles \" data-block-type=\"unstyled\" data-block-weight=\"29\" data-block-id=\"14\">\n<p class=\"content-text__container \" style=\"text-align: justify;\" data-track-category=\"Link no Texto\" data-track-links=\"\">A fam\u00edlia poder\u00e1 ter uma p\u00e1gina do t\u00famulo no site da funer\u00e1ria e aliment\u00e1-la com fotos e homenagens. Segundo Guilherme, ainda n\u00e3o h\u00e1 um custo estimado para o servi\u00e7o.<\/p>\n<div class=\"mc-column content-text active-extra-styles \" data-block-type=\"unstyled\" data-block-weight=\"27\" data-block-id=\"16\">\n<p class=\"content-text__container \" style=\"text-align: justify;\" data-track-category=\"Link no Texto\" data-track-links=\"\">Acima de tudo, o projeto \u00e9 uma maneira de manter viva a hist\u00f3ria da pessoa falecida, atrav\u00e9s das fotos, homenagens e lembran\u00e7as de amigos e parentes.<\/p>\n<p class=\"content-text__container \" style=\"text-align: justify;\" data-track-category=\"Link no Texto\" data-track-links=\"\"><span style=\"font-style: italic; text-align: center;\">\u201cFoto \u00e9 uma coisa muito interessante, que te faz voltar no tempo e lembrar do momento. Ent\u00e3o a ideia foi mais ou menos isso, aproximar a pessoa do ente querido naquele momento de ora\u00e7\u00e3o e tamb\u00e9m deixar a hist\u00f3ria da fam\u00edlia viva\u201d, completa Guilherme.<\/span><\/p>\n<p style=\"text-align: justify;\" data-track-category=\"Link no Texto\" data-track-links=\"\"><img loading=\"lazy\" decoding=\"async\" class=\"alignnone size-full wp-image-10295\" src=\"https:\/\/jorgezanoni.com.br\/2019\/wp-content\/uploads\/2019\/11\/code-capa-1.jpeg\" alt=\"\" width=\"1200\" height=\"810\" srcset=\"https:\/\/jorgezanoni.com.br\/2019\/wp-content\/uploads\/2019\/11\/code-capa-1.jpeg 1200w, https:\/\/jorgezanoni.com.br\/2019\/wp-content\/uploads\/2019\/11\/code-capa-1-300x203.jpeg 300w, https:\/\/jorgezanoni.com.br\/2019\/wp-content\/uploads\/2019\/11\/code-capa-1-768x518.jpeg 768w, https:\/\/jorgezanoni.com.br\/2019\/wp-content\/uploads\/2019\/11\/code-capa-1-1024x691.jpeg 1024w, https:\/\/jorgezanoni.com.br\/2019\/wp-content\/uploads\/2019\/11\/code-capa-1-696x470.jpeg 696w, https:\/\/jorgezanoni.com.br\/2019\/wp-content\/uploads\/2019\/11\/code-capa-1-1068x721.jpeg 1068w, https:\/\/jorgezanoni.com.br\/2019\/wp-content\/uploads\/2019\/11\/code-capa-1-622x420.jpeg 622w\" sizes=\"auto, (max-width: 1200px) 100vw, 1200px\" \/>Grupo art\u00edstico promove visita\u00e7\u00e3o nos jazigos, contando hist\u00f3rias de figuras importantes para Ja\u00fa \u2014 Foto: Nath\u00e1lia Ferraz de Camargo\/Divulga\u00e7\u00e3o<\/p>\n<p data-track-category=\"Link no Texto\" data-track-links=\"\">Fonte: G1<\/p>\n<div class=\"mc-column content-text active-extra-styles \" data-block-type=\"unstyled\" data-block-weight=\"27\" data-block-id=\"16\"><\/div>\n<div class=\"mc-column content-text active-extra-styles\" data-block-type=\"raw\" data-block-weight=\"44\" data-block-id=\"17\"><\/div>\n<\/div>\n<\/div>\n<\/div>\n<\/div>\n<\/div>\n","protected":false},"excerpt":{"rendered":"<p>Projeto procura resgatar lembran\u00e7as de entes queridos e figuras importantes para Ja\u00fa. Neste s\u00e1bado (2), grupo art\u00edstico promove visita\u00e7\u00e3o nos jazigos, contando hist\u00f3rias e divulgando a novidade. Funer\u00e1ria fixa QR Code em t\u00famulos de cemit\u00e9rio para contar hist\u00f3ria de pessoas enterradas em Ja\u00fa \u2014 Foto: Luizinho Andretto\/Divulga\u00e7\u00e3o Uma funer\u00e1ria em Ja\u00fa (SP) criou um projeto [&hellip;]<\/p>\n","protected":false},"author":1,"featured_media":10296,"comment_status":"closed","ping_status":"open","sticky":false,"template":"","format":"standard","meta":{"footnotes":""},"categories":[120,110],"tags":[],"class_list":["post-10292","post","type-post","status-publish","format-standard","has-post-thumbnail","hentry","category-justicahabitacaotecnologia","category-noticiasdestaque"],"_links":{"self":[{"href":"https:\/\/jorgezanoni.com.br\/2019\/wp-json\/wp\/v2\/posts\/10292","targetHints":{"allow":["GET"]}}],"collection":[{"href":"https:\/\/jorgezanoni.com.br\/2019\/wp-json\/wp\/v2\/posts"}],"about":[{"href":"https:\/\/jorgezanoni.com.br\/2019\/wp-json\/wp\/v2\/types\/post"}],"author":[{"embeddable":true,"href":"https:\/\/jorgezanoni.com.br\/2019\/wp-json\/wp\/v2\/users\/1"}],"replies":[{"embeddable":true,"href":"https:\/\/jorgezanoni.com.br\/2019\/wp-json\/wp\/v2\/comments?post=10292"}],"version-history":[{"count":0,"href":"https:\/\/jorgezanoni.com.br\/2019\/wp-json\/wp\/v2\/posts\/10292\/revisions"}],"wp:featuredmedia":[{"embeddable":true,"href":"https:\/\/jorgezanoni.com.br\/2019\/wp-json\/wp\/v2\/media\/10296"}],"wp:attachment":[{"href":"https:\/\/jorgezanoni.com.br\/2019\/wp-json\/wp\/v2\/media?parent=10292"}],"wp:term":[{"taxonomy":"category","embeddable":true,"href":"https:\/\/jorgezanoni.com.br\/2019\/wp-json\/wp\/v2\/categories?post=10292"},{"taxonomy":"post_tag","embeddable":true,"href":"https:\/\/jorgezanoni.com.br\/2019\/wp-json\/wp\/v2\/tags?post=10292"}],"curies":[{"name":"wp","href":"https:\/\/api.w.org\/{rel}","templated":true}]}}