{"id":10277,"date":"2019-11-02T18:48:04","date_gmt":"2019-11-02T18:48:04","guid":{"rendered":"https:\/\/jorgezanoni.com.br\/2019\/?p=10277"},"modified":"2019-11-04T23:20:30","modified_gmt":"2019-11-04T23:20:30","slug":"crianca-e-atropelada-por-moto-ao-pedir-doces-durante-as-celebracoes-do-halloween-em-dracena","status":"publish","type":"post","link":"https:\/\/jorgezanoni.com.br\/2019\/crianca-e-atropelada-por-moto-ao-pedir-doces-durante-as-celebracoes-do-halloween-em-dracena\/","title":{"rendered":"Crian\u00e7a \u00e9 atropelada por moto ao pedir doces durante as celebra\u00e7\u00f5es do Halloween em Dracena"},"content":{"rendered":"<h2 class=\"content-head__subtitle\" style=\"text-align: justify;\"><strong>Menino de seis anos de idade estava acompanhado de dois irm\u00e3os quando foi atingido pelo ve\u00edculo na Avenida dos Expedicion\u00e1rios, no Centro da cidade, na noite desta quinta-feira (31).<\/strong><\/h2>\n<div class=\"mc-column content-text active-extra-styles \" data-block-type=\"unstyled\" data-block-weight=\"23\" data-block-id=\"2\">\n<p class=\"content-text__container \" data-track-category=\"Link no Texto\" data-track-links=\"\">Uma crian\u00e7a de seis anos de idade foi atropelada na Avenida dos Expedicion\u00e1rios, em\u00a0<a href=\"https:\/\/g1.globo.com\/sp\/presidente-prudente-regiao\/cidade\/dracena\/\">Dracena<\/a>, por volta das 21h desta quinta-feira (31).<\/p>\n<\/div>\n<div class=\"wall protected-content\">\n<div class=\"mc-column content-text active-extra-styles \" data-block-type=\"unstyled\" data-block-weight=\"29\" data-block-id=\"3\">\n<p class=\"content-text__container \" style=\"text-align: justify;\" data-track-category=\"Link no Texto\" data-track-links=\"\">Segundo o Corpo de Bombeiros, o menino e mais dois irm\u00e3os, de oito e 12 anos, estavam fantasiados pedindo doces, por conta das celebra\u00e7\u00f5es do dia de Halloween.<\/p>\n<\/div>\n<div class=\"mc-column content-text active-extra-styles \" style=\"text-align: justify;\" data-block-type=\"unstyled\" data-block-weight=\"47\" data-block-id=\"4\">\n<p class=\"content-text__container \" data-track-category=\"Link no Texto\" data-track-links=\"\">Ao atravessar a avenida no sentido da pra\u00e7a da Igreja Matriz, um motociclista de 39 anos acabou atingindo a crian\u00e7a, no Centro da cidade. O homem perdeu o controle da dire\u00e7\u00e3o e ainda bateu na lateral de um carro. As outras crian\u00e7as n\u00e3o se envolveram no acidente.<\/p>\n<\/div>\n<div class=\"mc-column content-text active-extra-styles \" data-block-type=\"unstyled\" data-block-weight=\"37\" data-block-id=\"5\">\n<p class=\"content-text__container \" style=\"text-align: justify;\" data-track-category=\"Link no Texto\" data-track-links=\"\">O menino e o motociclista sofreram ferimentos e foram socorridos e encaminhados ao Pronto Atendimento Municipal (PAM) para receber cuidados m\u00e9dicos. A crian\u00e7a teve uma fratura em um dos p\u00e9s e o motociclista, apenas alguns arranh\u00f5es.<\/p>\n<div class=\"mc-column content-text active-extra-styles \" data-block-type=\"unstyled\" data-block-weight=\"39\" data-block-id=\"7\">\n<p class=\"content-text__container \" style=\"text-align: justify;\" data-track-category=\"Link no Texto\" data-track-links=\"\">A m\u00e3e dos tr\u00eas irm\u00e3os n\u00e3o estava com eles no momento do atropelamento e s\u00f3 os encontrou na unidade de sa\u00fade. Segundo o Conselho Tutelar, que tamb\u00e9m foi acionado para o atendimento do caso, ser\u00e3o tomadas as medidas cab\u00edveis.<\/p>\n<p data-track-category=\"Link no Texto\" data-track-links=\"\"><img loading=\"lazy\" decoding=\"async\" class=\"alignnone size-full wp-image-10278\" src=\"https:\/\/jorgezanoni.com.br\/2019\/wp-content\/uploads\/2019\/11\/atropela-1.jpg\" alt=\"\" width=\"1200\" height=\"900\" srcset=\"https:\/\/jorgezanoni.com.br\/2019\/wp-content\/uploads\/2019\/11\/atropela-1.jpg 1200w, https:\/\/jorgezanoni.com.br\/2019\/wp-content\/uploads\/2019\/11\/atropela-1-300x225.jpg 300w, https:\/\/jorgezanoni.com.br\/2019\/wp-content\/uploads\/2019\/11\/atropela-1-768x576.jpg 768w, https:\/\/jorgezanoni.com.br\/2019\/wp-content\/uploads\/2019\/11\/atropela-1-1024x768.jpg 1024w, https:\/\/jorgezanoni.com.br\/2019\/wp-content\/uploads\/2019\/11\/atropela-1-80x60.jpg 80w, https:\/\/jorgezanoni.com.br\/2019\/wp-content\/uploads\/2019\/11\/atropela-1-265x198.jpg 265w, https:\/\/jorgezanoni.com.br\/2019\/wp-content\/uploads\/2019\/11\/atropela-1-696x522.jpg 696w, https:\/\/jorgezanoni.com.br\/2019\/wp-content\/uploads\/2019\/11\/atropela-1-1068x801.jpg 1068w, https:\/\/jorgezanoni.com.br\/2019\/wp-content\/uploads\/2019\/11\/atropela-1-560x420.jpg 560w\" sizes=\"auto, (max-width: 1200px) 100vw, 1200px\" \/> <img loading=\"lazy\" decoding=\"async\" class=\"alignnone size-full wp-image-10280\" src=\"https:\/\/jorgezanoni.com.br\/2019\/wp-content\/uploads\/2019\/11\/atropela2.jpg\" alt=\"\" width=\"1200\" height=\"900\" srcset=\"https:\/\/jorgezanoni.com.br\/2019\/wp-content\/uploads\/2019\/11\/atropela2.jpg 1200w, https:\/\/jorgezanoni.com.br\/2019\/wp-content\/uploads\/2019\/11\/atropela2-300x225.jpg 300w, https:\/\/jorgezanoni.com.br\/2019\/wp-content\/uploads\/2019\/11\/atropela2-768x576.jpg 768w, https:\/\/jorgezanoni.com.br\/2019\/wp-content\/uploads\/2019\/11\/atropela2-1024x768.jpg 1024w, https:\/\/jorgezanoni.com.br\/2019\/wp-content\/uploads\/2019\/11\/atropela2-80x60.jpg 80w, https:\/\/jorgezanoni.com.br\/2019\/wp-content\/uploads\/2019\/11\/atropela2-265x198.jpg 265w, https:\/\/jorgezanoni.com.br\/2019\/wp-content\/uploads\/2019\/11\/atropela2-696x522.jpg 696w, https:\/\/jorgezanoni.com.br\/2019\/wp-content\/uploads\/2019\/11\/atropela2-1068x801.jpg 1068w, https:\/\/jorgezanoni.com.br\/2019\/wp-content\/uploads\/2019\/11\/atropela2-560x420.jpg 560w\" sizes=\"auto, (max-width: 1200px) 100vw, 1200px\" \/>Fonte: G1<\/p>\n<p style=\"text-align: justify;\" data-track-category=\"Link no Texto\" data-track-links=\"\">NOTA: J.C.T. que era o condutor da Moto, informa que era est\u00e1 com diversas escoria\u00e7\u00f5es, n\u00e3os m\u00e3os e bra\u00e7os, inclusive que est\u00e3o inchados. Tamb\u00e9m garante que estava devagar no momento do acidente.<\/p>\n<p style=\"text-align: justify;\" data-track-category=\"Link no Texto\" data-track-links=\"\">Ainda est\u00e1 indignado porque a crian\u00e7a estava sozinha na rua com mais dois irm\u00e3os menores, isso por volta das 21 Hs. Que o Conselho Tutelar foi acionado porque ningu\u00e9m encontrava os pais deles, que tamb\u00e9m n\u00e3o tinha ningu\u00e9m na resid\u00eancia e que os pais foram encontrados somente por volta das 23 Hs.<\/p>\n<p style=\"text-align: justify;\" data-track-category=\"Link no Texto\" data-track-links=\"\">Disse ainda o condutor que a crian\u00e7a saiu correndo da cal\u00e7ada para atravessar a rua por detr\u00e1s de um ve\u00edculo que estava estacionado.<\/p>\n<p style=\"text-align: justify;\" data-track-category=\"Link no Texto\" data-track-links=\"\">As crian\u00e7as s\u00e3o moradores do bairro Frei Moacir II, portanto estavam bem longe de casa.<\/p>\n<div>\n<div class=\"_1t_p clearfix\">\n<div class=\"_41ud\">\n<div class=\"clearfix _o46 _3erg _29_7 direction_ltr text_align_ltr\" style=\"text-align: justify;\">\n<div id=\"js_ug\" class=\"_3058 _ui9 _hh7 _6ybn _s1- _52mr _3oh-\" data-tooltip-content=\"S\u00e1bado 19:22\" data-hover=\"tooltip\" data-tooltip-position=\"left\"><\/div>\n<\/div>\n<div class=\"clearfix _o46 _3erg _29_7 direction_ltr text_align_ltr\">\n<div id=\"js_yu\" class=\"_3058 _ui9 _hh7 _6ybn _s1- _52mr _3oh-\" data-tooltip-content=\"S\u00e1bado 19:23\" data-hover=\"tooltip\" data-tooltip-position=\"left\">\n<div class=\"_aok\" style=\"text-align: justify;\" tabindex=\"0\" aria-label=\"Gostaria q vc arrumasse a a mat\u00e9ria\"><\/div>\n<\/div>\n<\/div>\n<div class=\"clearfix _o46 _3erg _29_7 direction_ltr text_align_ltr\">\n<div id=\"js_za\" class=\"_3058 _ui9 _hh7 _6ybn _s1- _52mr _3oh-\" data-tooltip-content=\"S\u00e1bado 19:24\" data-hover=\"tooltip\" data-tooltip-position=\"left\"><\/div>\n<\/div>\n<\/div>\n<\/div>\n<\/div>\n<div>\n<div class=\"_1t_p clearfix _5tx1\">\n<div class=\"_1t_q\">\n<div class=\"_7934 _150g uiPopover _6a _6b\">\n<div id=\"js_h5\" class=\"_4ldz _1t_r _p\" role=\"button\" data-tooltip-content=\"Julio Cesar Tobias\" data-hover=\"tooltip\" data-tooltip-position=\"left\" aria-controls=\"js_he\">\n<div class=\"_4ld-\" tabindex=\"0\"><\/div>\n<\/div>\n<\/div>\n<\/div>\n<\/div>\n<\/div>\n<div>\n<div class=\"_1t_p clearfix\">\n<div class=\"_41ud\">\n<h5 class=\"_ih3 _-ne\" aria-label=\"Julio Cesar\"><\/h5>\n<div class=\"clearfix _o46 _3erg _29_7 direction_ltr text_align_ltr\">\n<div id=\"js_12a\" class=\"_3058 _ui9 _hh7 _6ybn _s1- _52mr _3oh-\" data-tooltip-content=\"S\u00e1bado 19:28\" data-hover=\"tooltip\" data-tooltip-position=\"left\"><\/div>\n<\/div>\n<div class=\"clearfix _o46 _3erg _29_7 direction_ltr text_align_ltr\">\n<div class=\"_3058 _ui9 _hh7 _6ybn _s1- _52mr _3oh-\" data-tooltip-content=\"S\u00e1bado 19:28\" data-hover=\"tooltip\" data-tooltip-position=\"left\">\n<div class=\"_aok\" tabindex=\"0\" aria-label=\"Obgd\"><\/div>\n<\/div>\n<\/div>\n<\/div>\n<\/div>\n<\/div>\n<\/div>\n<\/div>\n<\/div>\n","protected":false},"excerpt":{"rendered":"<p>Menino de seis anos de idade estava acompanhado de dois irm\u00e3os quando foi atingido pelo ve\u00edculo na Avenida dos Expedicion\u00e1rios, no Centro da cidade, na noite desta quinta-feira (31). Uma crian\u00e7a de seis anos de idade foi atropelada na Avenida dos Expedicion\u00e1rios, em\u00a0Dracena, por volta das 21h desta quinta-feira (31). Segundo o Corpo de Bombeiros, [&hellip;]<\/p>\n","protected":false},"author":1,"featured_media":10281,"comment_status":"closed","ping_status":"open","sticky":false,"template":"","format":"standard","meta":{"footnotes":""},"categories":[170,110],"tags":[],"class_list":["post-10277","post","type-post","status-publish","format-standard","has-post-thumbnail","hentry","category-acidentes","category-noticiasdestaque"],"_links":{"self":[{"href":"https:\/\/jorgezanoni.com.br\/2019\/wp-json\/wp\/v2\/posts\/10277","targetHints":{"allow":["GET"]}}],"collection":[{"href":"https:\/\/jorgezanoni.com.br\/2019\/wp-json\/wp\/v2\/posts"}],"about":[{"href":"https:\/\/jorgezanoni.com.br\/2019\/wp-json\/wp\/v2\/types\/post"}],"author":[{"embeddable":true,"href":"https:\/\/jorgezanoni.com.br\/2019\/wp-json\/wp\/v2\/users\/1"}],"replies":[{"embeddable":true,"href":"https:\/\/jorgezanoni.com.br\/2019\/wp-json\/wp\/v2\/comments?post=10277"}],"version-history":[{"count":0,"href":"https:\/\/jorgezanoni.com.br\/2019\/wp-json\/wp\/v2\/posts\/10277\/revisions"}],"wp:featuredmedia":[{"embeddable":true,"href":"https:\/\/jorgezanoni.com.br\/2019\/wp-json\/wp\/v2\/media\/10281"}],"wp:attachment":[{"href":"https:\/\/jorgezanoni.com.br\/2019\/wp-json\/wp\/v2\/media?parent=10277"}],"wp:term":[{"taxonomy":"category","embeddable":true,"href":"https:\/\/jorgezanoni.com.br\/2019\/wp-json\/wp\/v2\/categories?post=10277"},{"taxonomy":"post_tag","embeddable":true,"href":"https:\/\/jorgezanoni.com.br\/2019\/wp-json\/wp\/v2\/tags?post=10277"}],"curies":[{"name":"wp","href":"https:\/\/api.w.org\/{rel}","templated":true}]}}