{"id":10253,"date":"2019-11-02T18:00:32","date_gmt":"2019-11-02T18:00:32","guid":{"rendered":"https:\/\/jorgezanoni.com.br\/2019\/?p=10253"},"modified":"2019-11-02T18:01:18","modified_gmt":"2019-11-02T18:01:18","slug":"administracao-municipal-concede-9-de-aumento-real-para-as-organizacoes-da-sociedade-civil-de-dracena","status":"publish","type":"post","link":"https:\/\/jorgezanoni.com.br\/2019\/administracao-municipal-concede-9-de-aumento-real-para-as-organizacoes-da-sociedade-civil-de-dracena\/","title":{"rendered":"Administra\u00e7\u00e3o Municipal concede 9% de aumento real para as organiza\u00e7\u00f5es da sociedade civil de Dracena"},"content":{"rendered":"<p style=\"text-align: justify;\"><strong><em>C\u00e2mara Municipal tamb\u00e9m abriu m\u00e3o de recursos de emendas parlamentares para ajudar financeiramente as entidades.<\/em><\/strong><\/p>\n<p style=\"text-align: justify;\">O prefeito de Dracena anunciou o aumento real de 9% no repasse que a municipalidade faz para as organiza\u00e7\u00f5es da sociedade civil (entidades) de Dracena. Na oportunidade ainda foi divulgada que a C\u00e2mara Municipal abriu m\u00e3o de suas emendas parlamentares para que os recursos sejam repassados \u00e0s entidades.<\/p>\n<p style=\"text-align: justify;\">O an\u00fancio foi feito em uma reuni\u00e3o na Sala do Cidad\u00e3o, com a presen\u00e7a do prefeito, representantes das 13 organiza\u00e7\u00f5es beneficiadas, o vice-prefeito Mois\u00e9s Ant\u00f4nio de Lima, vereadores e os secret\u00e1rios municipais de Fazenda e Or\u00e7amento, Thiago Vicente dos Santos; de Gabinete, Governo e Desenvolvimento Econ\u00f4mico, Silvio Rodrigues; e a secret\u00e1ria designada de Assist\u00eancia Social, Francine Ferrari.<\/p>\n<p style=\"text-align: justify;\">Desde 2009, as organiza\u00e7\u00f5es da sociedade civil que recebem verba municipal n\u00e3o tinham aumento real no repasse da Prefeitura, portanto, a not\u00edcia foi recebida com muita alegria pelos gestores da Apae; Avapac; Avahu; Adef Suli; AABB Comunidade; Associa\u00e7\u00e3o Boas Novas\/Albergue Municipal; Casa da Crian\u00e7a; Casa do Adolescente; Casa dos Velhos; Institui\u00e7\u00e3o Novo Amanhecer (INA); Lar S\u00e3 Doutrina; Pousada Bom Samaritano; e Projeto Esperan\u00e7a.<\/p>\n<p style=\"text-align: justify;\">Al\u00e9m do reajuste depois de longos anos de espera, as organiza\u00e7\u00f5es tamb\u00e9m foram beneficiadas com mais uma boa not\u00edcia, devido a uma iniciativa pol\u00edtica entre C\u00e2mara e Prefeitura.<\/p>\n<p style=\"text-align: justify;\">Ap\u00f3s os vereadores Ailton Lorensetti, C\u00e9lio Ferregutti, Cl\u00e1udio Jos\u00e9 Pasqualeto, Higor Tossato, Milton Polon, Pedro Trabuco, Rodrigo Castilho, Rodrigo Parra e Sara Scarabelli procurarem o prefeito, abrindo m\u00e3o da emenda parlamentar que possuem direito no or\u00e7amento, foi informado que essa verba tamb\u00e9m seria destinada para as 13 associa\u00e7\u00f5es.<\/p>\n<p style=\"text-align: justify;\">\u201cEstou muito emocionada com essas duas not\u00edcias, que ir\u00e1 salvar o nosso trabalho. O Projeto estava a ponto de ser encerrado por falta de recursos, mas com o reajuste dado pelo prefeito mais a verba dos vereadores, conseguiremos dar continuidade as nossas atividades. Em nomes de nossas crian\u00e7as e adolescentes, muito obrigada\u201d, pronunciou-se Juliane\u00a0Lopes, coordenadora do\u00a0Projeto Esperan\u00e7a.<\/p>\n<p style=\"text-align: justify;\">A Assistente Social Franciane Santos, que atende no Lar S\u00e3 Doutrina e ainda na INA, tamb\u00e9m agradeceu as autoridades e destacou que \u201cnos dedicamos a um trabalho por amor, pensando sempre nos assistidos pelos nossos projetos. Ent\u00e3o hoje foi uma conquista muito importante, que est\u00e1vamos esperando h\u00e1 muito tempo\u201d.<\/p>\n<p style=\"text-align: justify;\">\u201cAs boas not\u00edcias que recebemos ilustram a import\u00e2ncia da unidade pol\u00edtica para o desenvolvimento de nossa cidade. Agrade\u00e7o e parabenizo o prefeito e os vereadores pela iniciativa, pois quem ganha com isso \u00e9 a popula\u00e7\u00e3o\u201d, complementou o presidente da Apae, Paulo Sampaio.<\/p>\n<p><img loading=\"lazy\" decoding=\"async\" class=\"alignnone size-full wp-image-10254\" src=\"https:\/\/jorgezanoni.com.br\/2019\/wp-content\/uploads\/2019\/11\/pro.jpeg\" alt=\"\" width=\"1032\" height=\"581\" srcset=\"https:\/\/jorgezanoni.com.br\/2019\/wp-content\/uploads\/2019\/11\/pro.jpeg 1032w, https:\/\/jorgezanoni.com.br\/2019\/wp-content\/uploads\/2019\/11\/pro-300x169.jpeg 300w, https:\/\/jorgezanoni.com.br\/2019\/wp-content\/uploads\/2019\/11\/pro-768x432.jpeg 768w, https:\/\/jorgezanoni.com.br\/2019\/wp-content\/uploads\/2019\/11\/pro-1024x576.jpeg 1024w, https:\/\/jorgezanoni.com.br\/2019\/wp-content\/uploads\/2019\/11\/pro-696x392.jpeg 696w, https:\/\/jorgezanoni.com.br\/2019\/wp-content\/uploads\/2019\/11\/pro-746x420.jpeg 746w\" sizes=\"auto, (max-width: 1032px) 100vw, 1032px\" \/> <img loading=\"lazy\" decoding=\"async\" class=\"alignnone size-full wp-image-10256\" src=\"https:\/\/jorgezanoni.com.br\/2019\/wp-content\/uploads\/2019\/11\/pro2.jpeg\" alt=\"\" width=\"1032\" height=\"581\" srcset=\"https:\/\/jorgezanoni.com.br\/2019\/wp-content\/uploads\/2019\/11\/pro2.jpeg 1032w, https:\/\/jorgezanoni.com.br\/2019\/wp-content\/uploads\/2019\/11\/pro2-300x169.jpeg 300w, https:\/\/jorgezanoni.com.br\/2019\/wp-content\/uploads\/2019\/11\/pro2-768x432.jpeg 768w, https:\/\/jorgezanoni.com.br\/2019\/wp-content\/uploads\/2019\/11\/pro2-1024x576.jpeg 1024w, https:\/\/jorgezanoni.com.br\/2019\/wp-content\/uploads\/2019\/11\/pro2-696x392.jpeg 696w, https:\/\/jorgezanoni.com.br\/2019\/wp-content\/uploads\/2019\/11\/pro2-746x420.jpeg 746w\" sizes=\"auto, (max-width: 1032px) 100vw, 1032px\" \/> <img loading=\"lazy\" decoding=\"async\" class=\"alignnone size-full wp-image-10258\" src=\"https:\/\/jorgezanoni.com.br\/2019\/wp-content\/uploads\/2019\/11\/pro4.jpeg\" alt=\"\" width=\"1032\" height=\"581\" srcset=\"https:\/\/jorgezanoni.com.br\/2019\/wp-content\/uploads\/2019\/11\/pro4.jpeg 1032w, https:\/\/jorgezanoni.com.br\/2019\/wp-content\/uploads\/2019\/11\/pro4-300x169.jpeg 300w, https:\/\/jorgezanoni.com.br\/2019\/wp-content\/uploads\/2019\/11\/pro4-768x432.jpeg 768w, https:\/\/jorgezanoni.com.br\/2019\/wp-content\/uploads\/2019\/11\/pro4-1024x576.jpeg 1024w, https:\/\/jorgezanoni.com.br\/2019\/wp-content\/uploads\/2019\/11\/pro4-696x392.jpeg 696w, https:\/\/jorgezanoni.com.br\/2019\/wp-content\/uploads\/2019\/11\/pro4-746x420.jpeg 746w\" sizes=\"auto, (max-width: 1032px) 100vw, 1032px\" \/> <img loading=\"lazy\" decoding=\"async\" class=\"alignnone size-full wp-image-10259\" src=\"https:\/\/jorgezanoni.com.br\/2019\/wp-content\/uploads\/2019\/11\/pro5.jpeg\" alt=\"\" width=\"1032\" height=\"581\" srcset=\"https:\/\/jorgezanoni.com.br\/2019\/wp-content\/uploads\/2019\/11\/pro5.jpeg 1032w, https:\/\/jorgezanoni.com.br\/2019\/wp-content\/uploads\/2019\/11\/pro5-300x169.jpeg 300w, https:\/\/jorgezanoni.com.br\/2019\/wp-content\/uploads\/2019\/11\/pro5-768x432.jpeg 768w, https:\/\/jorgezanoni.com.br\/2019\/wp-content\/uploads\/2019\/11\/pro5-1024x576.jpeg 1024w, https:\/\/jorgezanoni.com.br\/2019\/wp-content\/uploads\/2019\/11\/pro5-696x392.jpeg 696w, https:\/\/jorgezanoni.com.br\/2019\/wp-content\/uploads\/2019\/11\/pro5-746x420.jpeg 746w\" sizes=\"auto, (max-width: 1032px) 100vw, 1032px\" \/><img loading=\"lazy\" decoding=\"async\" class=\"alignnone size-full wp-image-10261\" src=\"https:\/\/jorgezanoni.com.br\/2019\/wp-content\/uploads\/2019\/11\/pro7.jpeg\" alt=\"\" width=\"1032\" height=\"581\" srcset=\"https:\/\/jorgezanoni.com.br\/2019\/wp-content\/uploads\/2019\/11\/pro7.jpeg 1032w, https:\/\/jorgezanoni.com.br\/2019\/wp-content\/uploads\/2019\/11\/pro7-300x169.jpeg 300w, https:\/\/jorgezanoni.com.br\/2019\/wp-content\/uploads\/2019\/11\/pro7-768x432.jpeg 768w, https:\/\/jorgezanoni.com.br\/2019\/wp-content\/uploads\/2019\/11\/pro7-1024x576.jpeg 1024w, https:\/\/jorgezanoni.com.br\/2019\/wp-content\/uploads\/2019\/11\/pro7-696x392.jpeg 696w, https:\/\/jorgezanoni.com.br\/2019\/wp-content\/uploads\/2019\/11\/pro7-746x420.jpeg 746w\" sizes=\"auto, (max-width: 1032px) 100vw, 1032px\" \/> <img loading=\"lazy\" decoding=\"async\" class=\"alignnone size-full wp-image-10264\" src=\"https:\/\/jorgezanoni.com.br\/2019\/wp-content\/uploads\/2019\/11\/pro10.jpeg\" alt=\"\" width=\"1032\" height=\"581\" srcset=\"https:\/\/jorgezanoni.com.br\/2019\/wp-content\/uploads\/2019\/11\/pro10.jpeg 1032w, https:\/\/jorgezanoni.com.br\/2019\/wp-content\/uploads\/2019\/11\/pro10-300x169.jpeg 300w, https:\/\/jorgezanoni.com.br\/2019\/wp-content\/uploads\/2019\/11\/pro10-768x432.jpeg 768w, https:\/\/jorgezanoni.com.br\/2019\/wp-content\/uploads\/2019\/11\/pro10-1024x576.jpeg 1024w, https:\/\/jorgezanoni.com.br\/2019\/wp-content\/uploads\/2019\/11\/pro10-696x392.jpeg 696w, https:\/\/jorgezanoni.com.br\/2019\/wp-content\/uploads\/2019\/11\/pro10-746x420.jpeg 746w\" sizes=\"auto, (max-width: 1032px) 100vw, 1032px\" \/><\/p>\n<p>Fonte: Diretoria de Comunica\u00e7\u00e3o<\/p>\n","protected":false},"excerpt":{"rendered":"<p>C\u00e2mara Municipal tamb\u00e9m abriu m\u00e3o de recursos de emendas parlamentares para ajudar financeiramente as entidades. O prefeito de Dracena anunciou o aumento real de 9% no repasse que a municipalidade faz para as organiza\u00e7\u00f5es da sociedade civil (entidades) de Dracena. Na oportunidade ainda foi divulgada que a C\u00e2mara Municipal abriu m\u00e3o de suas emendas parlamentares [&hellip;]<\/p>\n","protected":false},"author":1,"featured_media":10263,"comment_status":"closed","ping_status":"open","sticky":false,"template":"","format":"standard","meta":{"footnotes":""},"categories":[179,184,114],"tags":[],"class_list":["post-10253","post","type-post","status-publish","format-standard","has-post-thumbnail","hentry","category-cidadeseregiao","category-dracena","category-geralecomercio"],"_links":{"self":[{"href":"https:\/\/jorgezanoni.com.br\/2019\/wp-json\/wp\/v2\/posts\/10253","targetHints":{"allow":["GET"]}}],"collection":[{"href":"https:\/\/jorgezanoni.com.br\/2019\/wp-json\/wp\/v2\/posts"}],"about":[{"href":"https:\/\/jorgezanoni.com.br\/2019\/wp-json\/wp\/v2\/types\/post"}],"author":[{"embeddable":true,"href":"https:\/\/jorgezanoni.com.br\/2019\/wp-json\/wp\/v2\/users\/1"}],"replies":[{"embeddable":true,"href":"https:\/\/jorgezanoni.com.br\/2019\/wp-json\/wp\/v2\/comments?post=10253"}],"version-history":[{"count":0,"href":"https:\/\/jorgezanoni.com.br\/2019\/wp-json\/wp\/v2\/posts\/10253\/revisions"}],"wp:featuredmedia":[{"embeddable":true,"href":"https:\/\/jorgezanoni.com.br\/2019\/wp-json\/wp\/v2\/media\/10263"}],"wp:attachment":[{"href":"https:\/\/jorgezanoni.com.br\/2019\/wp-json\/wp\/v2\/media?parent=10253"}],"wp:term":[{"taxonomy":"category","embeddable":true,"href":"https:\/\/jorgezanoni.com.br\/2019\/wp-json\/wp\/v2\/categories?post=10253"},{"taxonomy":"post_tag","embeddable":true,"href":"https:\/\/jorgezanoni.com.br\/2019\/wp-json\/wp\/v2\/tags?post=10253"}],"curies":[{"name":"wp","href":"https:\/\/api.w.org\/{rel}","templated":true}]}}