{"id":10249,"date":"2019-11-02T17:39:38","date_gmt":"2019-11-02T17:39:38","guid":{"rendered":"https:\/\/jorgezanoni.com.br\/2019\/?p=10249"},"modified":"2019-11-02T17:40:00","modified_gmt":"2019-11-02T17:40:00","slug":"secretaria-municipal-de-saude-e-ame-promovem-campanha-novembro-azul-em-dracena","status":"publish","type":"post","link":"https:\/\/jorgezanoni.com.br\/2019\/secretaria-municipal-de-saude-e-ame-promovem-campanha-novembro-azul-em-dracena\/","title":{"rendered":"Secretaria Municipal de Sa\u00fade e AME promovem Campanha Novembro Azul em Dracena"},"content":{"rendered":"<p style=\"text-align: justify;\">A Prefeitura Municipal de Dracena, por meio da Secretaria Municipal de Sa\u00fade e Higiene P\u00fablica, em parceria com o AME local, realizar\u00e1 a Campanha Novembro Azul, efetuando a coleta de PSA (ant\u00edgeno prost\u00e1tico espec\u00edfico), devido a este\u00a0m\u00eas ser lembrado como o de preven\u00e7\u00e3o ao c\u00e2ncer de pr\u00f3stata.<\/p>\n<p style=\"text-align: justify;\">As coletas dever\u00e3o ser agendadas de segunda \u00e0 sexta-feira, das 8h \u00e0s 11h, em\u00a0qualquer uma\u00a0das unidades de sa\u00fade do munic\u00edpio, mediante a apresenta\u00e7\u00e3o dos documentos pessoais, cart\u00e3o do SUS e, caso fa\u00e7a uso cont\u00ednuo de alguma medica\u00e7\u00e3o, dizer o nome do rem\u00e9dio.<\/p>\n<p style=\"text-align: justify;\">Durante todo o m\u00eas de novembro, homens acima dos 50 anos poder\u00e3o fazer o exame do PSA. Para homens entre 40 e 49 anos, a orienta\u00e7\u00e3o \u00e9 procurar a Unidade B\u00e1sica de Sa\u00fade do seu bairro e agendar consulta com um cl\u00ednico geral, que vai avaliar se \u00e9 necess\u00e1ria a coleta do PSA.<\/p>\n<p style=\"text-align: justify;\">Em anexo segue a imagem de divulga\u00e7\u00e3o da a\u00e7\u00e3o, mais um informativo sobre o c\u00e2ncer de pr\u00f3stata.<\/p>\n<p><img loading=\"lazy\" decoding=\"async\" class=\"alignnone size-full wp-image-10250\" src=\"https:\/\/jorgezanoni.com.br\/2019\/wp-content\/uploads\/2019\/11\/azul.jpg\" alt=\"\" width=\"169\" height=\"240\" \/><\/p>\n<p>Fonte: Assessoria de Comunica\u00e7\u00e3o<\/p>\n","protected":false},"excerpt":{"rendered":"<p>A Prefeitura Municipal de Dracena, por meio da Secretaria Municipal de Sa\u00fade e Higiene P\u00fablica, em parceria com o AME local, realizar\u00e1 a Campanha Novembro Azul, efetuando a coleta de PSA (ant\u00edgeno prost\u00e1tico espec\u00edfico), devido a este\u00a0m\u00eas ser lembrado como o de preven\u00e7\u00e3o ao c\u00e2ncer de pr\u00f3stata. As coletas dever\u00e3o ser agendadas de segunda \u00e0 [&hellip;]<\/p>\n","protected":false},"author":1,"featured_media":10251,"comment_status":"closed","ping_status":"open","sticky":false,"template":"","format":"standard","meta":{"footnotes":""},"categories":[110,122],"tags":[],"class_list":["post-10249","post","type-post","status-publish","format-standard","has-post-thumbnail","hentry","category-noticiasdestaque","category-saudeeducacaoeconcurso"],"_links":{"self":[{"href":"https:\/\/jorgezanoni.com.br\/2019\/wp-json\/wp\/v2\/posts\/10249","targetHints":{"allow":["GET"]}}],"collection":[{"href":"https:\/\/jorgezanoni.com.br\/2019\/wp-json\/wp\/v2\/posts"}],"about":[{"href":"https:\/\/jorgezanoni.com.br\/2019\/wp-json\/wp\/v2\/types\/post"}],"author":[{"embeddable":true,"href":"https:\/\/jorgezanoni.com.br\/2019\/wp-json\/wp\/v2\/users\/1"}],"replies":[{"embeddable":true,"href":"https:\/\/jorgezanoni.com.br\/2019\/wp-json\/wp\/v2\/comments?post=10249"}],"version-history":[{"count":0,"href":"https:\/\/jorgezanoni.com.br\/2019\/wp-json\/wp\/v2\/posts\/10249\/revisions"}],"wp:featuredmedia":[{"embeddable":true,"href":"https:\/\/jorgezanoni.com.br\/2019\/wp-json\/wp\/v2\/media\/10251"}],"wp:attachment":[{"href":"https:\/\/jorgezanoni.com.br\/2019\/wp-json\/wp\/v2\/media?parent=10249"}],"wp:term":[{"taxonomy":"category","embeddable":true,"href":"https:\/\/jorgezanoni.com.br\/2019\/wp-json\/wp\/v2\/categories?post=10249"},{"taxonomy":"post_tag","embeddable":true,"href":"https:\/\/jorgezanoni.com.br\/2019\/wp-json\/wp\/v2\/tags?post=10249"}],"curies":[{"name":"wp","href":"https:\/\/api.w.org\/{rel}","templated":true}]}}