{"id":10239,"date":"2019-11-02T17:00:08","date_gmt":"2019-11-02T17:00:08","guid":{"rendered":"https:\/\/jorgezanoni.com.br\/2019\/?p=10239"},"modified":"2019-11-02T17:00:08","modified_gmt":"2019-11-02T17:00:08","slug":"dracena-tempersul-bate-o-taubate-e-avanca-direto-para-as-quartas-da-lpf","status":"publish","type":"post","link":"https:\/\/jorgezanoni.com.br\/2019\/dracena-tempersul-bate-o-taubate-e-avanca-direto-para-as-quartas-da-lpf\/","title":{"rendered":"Dracena Tempersul bate o Taubat\u00e9 e avan\u00e7a direto para as quartas da LPF"},"content":{"rendered":"<p style=\"font-weight: 400; text-align: justify;\">O objetivo tra\u00e7ado para o Dracena Futsal Tempersul no in\u00edcio da Liga Paulista de Futsal foi conquistado com a vaga direta nas quartas de final. Na noite de sexta-feira (1), a equipe venceu o Taubat\u00e9 por 6 a 3 no Alaor Ferrari, chegou a 17 pontos e se garantiu na segunda coloca\u00e7\u00e3o do grupo A.<\/p>\n<p style=\"font-weight: 400; text-align: justify;\">\u00a0O l\u00edder \u00e9 o Magnus Sorocaba com 18 e o terceiro \u00e9 o Pulo do Gato, que soma 13. Ambos se enfrentam no domingo (3). Tamb\u00e9m est\u00e3o garantidos na fase final S\u00e3o Jos\u00e9 (4\u00ba), Taubat\u00e9 (5\u00ba) e S\u00e3o Caetano (6\u00ba). J\u00e1 pelo grupo B avan\u00e7aram: Santo Andr\u00e9 (1\u00ba), Corinthians (2\u00ba), Indaiatuba (3\u00ba), Intelli (4\u00ba), FIB (5\u00ba) e Mogi das Cruzes (6\u00ba).<\/p>\n<p style=\"font-weight: 400; text-align: justify;\">Os gols da vit\u00f3ria dracenense foram anotados por Sandrinho (2), Rafa Martins, Dario, Paulo Victor e Jean Neguinho. Descontaram para o time do Vale do Para\u00edba Allex e Dasaiev (2).<\/p>\n<p style=\"font-weight: 400; text-align: justify;\">&#8220;\u00c9 sempre bom voltar a marcar e poder contribuir ainda mais com a equipe&#8221;, disse o ala Sandrinho. &#8220;Quando isso acontece em um jogo contra o advers\u00e1rio t\u00e3o qualificado como o Taubat\u00e9, o gosto \u00e9 at\u00e9 mais especial&#8221;, completou o camisa 27.<\/p>\n<p style=\"font-weight: 400; text-align: justify;\">Para o capit\u00e3o Dario, &#8220;a equipe foi se formando ao longo da competi\u00e7\u00e3o e, mesmo assim, garantiu a vaga direta, o que mostra a qualidade do grupo e do trabalho&#8221;.<\/p>\n<p style=\"font-weight: 400; text-align: justify;\">Quem tamb\u00e9m comemorou a classifica\u00e7\u00e3o foi o t\u00e9cnico Edilson Leite. &#8220;Fizemos um jogo duro, pegado contra Taubat\u00e9. O resultado foi sendo constru\u00eddo em cima do que trabalhamos durante os treinamentos. Agora \u00e9 hora de saborear a vaga, descansar durante a folga e voltar com a energias carregadas para a reta final da temporada, pois ainda temos a Liga e os Jogos Abertos do Interior&#8221;.<\/p>\n<p><img loading=\"lazy\" decoding=\"async\" class=\"alignnone size-full wp-image-10240\" src=\"https:\/\/jorgezanoni.com.br\/2019\/wp-content\/uploads\/2019\/11\/temper.jpg\" alt=\"\" width=\"800\" height=\"533\" srcset=\"https:\/\/jorgezanoni.com.br\/2019\/wp-content\/uploads\/2019\/11\/temper.jpg 800w, https:\/\/jorgezanoni.com.br\/2019\/wp-content\/uploads\/2019\/11\/temper-300x200.jpg 300w, https:\/\/jorgezanoni.com.br\/2019\/wp-content\/uploads\/2019\/11\/temper-768x512.jpg 768w, https:\/\/jorgezanoni.com.br\/2019\/wp-content\/uploads\/2019\/11\/temper-696x464.jpg 696w, https:\/\/jorgezanoni.com.br\/2019\/wp-content\/uploads\/2019\/11\/temper-630x420.jpg 630w\" sizes=\"auto, (max-width: 800px) 100vw, 800px\" \/> <img loading=\"lazy\" decoding=\"async\" class=\"alignnone size-full wp-image-10241\" src=\"https:\/\/jorgezanoni.com.br\/2019\/wp-content\/uploads\/2019\/11\/temper1.jpg\" alt=\"\" width=\"900\" height=\"600\" srcset=\"https:\/\/jorgezanoni.com.br\/2019\/wp-content\/uploads\/2019\/11\/temper1.jpg 900w, https:\/\/jorgezanoni.com.br\/2019\/wp-content\/uploads\/2019\/11\/temper1-300x200.jpg 300w, https:\/\/jorgezanoni.com.br\/2019\/wp-content\/uploads\/2019\/11\/temper1-768x512.jpg 768w, https:\/\/jorgezanoni.com.br\/2019\/wp-content\/uploads\/2019\/11\/temper1-696x464.jpg 696w, https:\/\/jorgezanoni.com.br\/2019\/wp-content\/uploads\/2019\/11\/temper1-630x420.jpg 630w\" sizes=\"auto, (max-width: 900px) 100vw, 900px\" \/><\/p>\n<p style=\"font-weight: 400; text-align: justify;\">Fonte: Assessoria de Imprensa<\/p>\n","protected":false},"excerpt":{"rendered":"<p>O objetivo tra\u00e7ado para o Dracena Futsal Tempersul no in\u00edcio da Liga Paulista de Futsal foi conquistado com a vaga direta nas quartas de final. Na noite de sexta-feira (1), a equipe venceu o Taubat\u00e9 por 6 a 3 no Alaor Ferrari, chegou a 17 pontos e se garantiu na segunda coloca\u00e7\u00e3o do grupo A. [&hellip;]<\/p>\n","protected":false},"author":1,"featured_media":10242,"comment_status":"closed","ping_status":"open","sticky":false,"template":"","format":"standard","meta":{"footnotes":""},"categories":[111],"tags":[],"class_list":["post-10239","post","type-post","status-publish","format-standard","has-post-thumbnail","hentry","category-esporteecultura"],"_links":{"self":[{"href":"https:\/\/jorgezanoni.com.br\/2019\/wp-json\/wp\/v2\/posts\/10239","targetHints":{"allow":["GET"]}}],"collection":[{"href":"https:\/\/jorgezanoni.com.br\/2019\/wp-json\/wp\/v2\/posts"}],"about":[{"href":"https:\/\/jorgezanoni.com.br\/2019\/wp-json\/wp\/v2\/types\/post"}],"author":[{"embeddable":true,"href":"https:\/\/jorgezanoni.com.br\/2019\/wp-json\/wp\/v2\/users\/1"}],"replies":[{"embeddable":true,"href":"https:\/\/jorgezanoni.com.br\/2019\/wp-json\/wp\/v2\/comments?post=10239"}],"version-history":[{"count":0,"href":"https:\/\/jorgezanoni.com.br\/2019\/wp-json\/wp\/v2\/posts\/10239\/revisions"}],"wp:featuredmedia":[{"embeddable":true,"href":"https:\/\/jorgezanoni.com.br\/2019\/wp-json\/wp\/v2\/media\/10242"}],"wp:attachment":[{"href":"https:\/\/jorgezanoni.com.br\/2019\/wp-json\/wp\/v2\/media?parent=10239"}],"wp:term":[{"taxonomy":"category","embeddable":true,"href":"https:\/\/jorgezanoni.com.br\/2019\/wp-json\/wp\/v2\/categories?post=10239"},{"taxonomy":"post_tag","embeddable":true,"href":"https:\/\/jorgezanoni.com.br\/2019\/wp-json\/wp\/v2\/tags?post=10239"}],"curies":[{"name":"wp","href":"https:\/\/api.w.org\/{rel}","templated":true}]}}