{"id":102181,"date":"2026-04-14T16:41:25","date_gmt":"2026-04-14T16:41:25","guid":{"rendered":"https:\/\/jorgezanoni.com.br\/2019\/?p=102181"},"modified":"2026-04-14T16:42:26","modified_gmt":"2026-04-14T16:42:26","slug":"morre-andre-lallo-policial-civil-aposentado","status":"publish","type":"post","link":"https:\/\/jorgezanoni.com.br\/2019\/morre-andre-lallo-policial-civil-aposentado\/","title":{"rendered":"Morre Andr\u00e9 Lallo, Policial Civil aposentado"},"content":{"rendered":"<p style=\"text-align: justify;\">Comunicamos com pesar o falecimento de Andr\u00e9 Lallo de 54 anos. Ele estava internado h\u00e1 v\u00e1rias semanas na Santa Casa de Dracena ap\u00f3s passar por cirurgia e teve complica\u00e7\u00f5es.<\/p>\n<p style=\"text-align: justify;\">Deixa a esposa Isana, filhos Anaisa e Heitor, pais, sogros, demais parentes e amigos.<\/p>\n<p style=\"text-align: justify;\">Como escriv\u00e3o da Policia Civil trabalhou em Junqueir\u00f3polis e depois chefiou o setor na Delegacia Seccional at\u00e9 se aposentar. Foi ainda do time de futsal Ressac\u00e3o e ajudava na administra\u00e7\u00e3o da Est\u00e2ncia V\u00f4 Mingo em Dracena.<\/p>\n<p class=\"isSelectedEnd\" style=\"text-align: justify;\">&#8220;Hoje me despe\u00e7o de algu\u00e9m que compartilhamos de bons momentos juntos, meu primo. A vida \u00e0s vezes segue caminhos dif\u00edceis de entender, mas levo comigo tudo o que voc\u00ea foi: sua alegria, seu jeito, e as lembran\u00e7as que jamais v\u00e3o se apagar. Descanse em paz Andr\u00e9&#8221;<\/p>\n<p>O SITE JZ e TOP TV se solidarizam com a familia, parentes e amigos neste dif\u00edcil momento.<\/p>\n<p>Jorge Zanoni<\/p>\n<p>(Aguarde informa\u00e7\u00f5es sobre Vel\u00f3rio e Sepultamento)<\/p>\n<p>&nbsp;<\/p>\n<p>&nbsp;<\/p>\n<p>&nbsp;<\/p>\n<p>&nbsp;<\/p>\n<div class=\"xdj266r x14z9mp xat24cr x1lziwak x1vvkbs x126k92a\"><\/div>\n<div class=\"x14z9mp xat24cr x1lziwak x1vvkbs xtlvy1s x126k92a\">\n<div dir=\"auto\"><\/div>\n<\/div>\n","protected":false},"excerpt":{"rendered":"<p>Comunicamos com pesar o falecimento de Andr\u00e9 Lallo de 54 anos. Ele estava internado h\u00e1 v\u00e1rias semanas na Santa Casa de Dracena ap\u00f3s passar por cirurgia e teve complica\u00e7\u00f5es. Deixa a esposa Isana, filhos Anaisa e Heitor, pais, sogros, demais parentes e amigos. Como escriv\u00e3o da Policia Civil trabalhou em Junqueir\u00f3polis e depois chefiou o [&hellip;]<\/p>\n","protected":false},"author":1,"featured_media":102182,"comment_status":"closed","ping_status":"open","sticky":false,"template":"","format":"standard","meta":{"footnotes":""},"categories":[178,110],"tags":[],"class_list":["post-102181","post","type-post","status-publish","format-standard","has-post-thumbnail","hentry","category-notadefalecimento","category-noticiasdestaque"],"_links":{"self":[{"href":"https:\/\/jorgezanoni.com.br\/2019\/wp-json\/wp\/v2\/posts\/102181","targetHints":{"allow":["GET"]}}],"collection":[{"href":"https:\/\/jorgezanoni.com.br\/2019\/wp-json\/wp\/v2\/posts"}],"about":[{"href":"https:\/\/jorgezanoni.com.br\/2019\/wp-json\/wp\/v2\/types\/post"}],"author":[{"embeddable":true,"href":"https:\/\/jorgezanoni.com.br\/2019\/wp-json\/wp\/v2\/users\/1"}],"replies":[{"embeddable":true,"href":"https:\/\/jorgezanoni.com.br\/2019\/wp-json\/wp\/v2\/comments?post=102181"}],"version-history":[{"count":2,"href":"https:\/\/jorgezanoni.com.br\/2019\/wp-json\/wp\/v2\/posts\/102181\/revisions"}],"predecessor-version":[{"id":102184,"href":"https:\/\/jorgezanoni.com.br\/2019\/wp-json\/wp\/v2\/posts\/102181\/revisions\/102184"}],"wp:featuredmedia":[{"embeddable":true,"href":"https:\/\/jorgezanoni.com.br\/2019\/wp-json\/wp\/v2\/media\/102182"}],"wp:attachment":[{"href":"https:\/\/jorgezanoni.com.br\/2019\/wp-json\/wp\/v2\/media?parent=102181"}],"wp:term":[{"taxonomy":"category","embeddable":true,"href":"https:\/\/jorgezanoni.com.br\/2019\/wp-json\/wp\/v2\/categories?post=102181"},{"taxonomy":"post_tag","embeddable":true,"href":"https:\/\/jorgezanoni.com.br\/2019\/wp-json\/wp\/v2\/tags?post=102181"}],"curies":[{"name":"wp","href":"https:\/\/api.w.org\/{rel}","templated":true}]}}