{"id":101888,"date":"2026-03-29T13:42:00","date_gmt":"2026-03-29T13:42:00","guid":{"rendered":"https:\/\/jorgezanoni.com.br\/2019\/?p=101888"},"modified":"2026-03-29T13:42:00","modified_gmt":"2026-03-29T13:42:00","slug":"domingo-de-ramos","status":"publish","type":"post","link":"https:\/\/jorgezanoni.com.br\/2019\/domingo-de-ramos\/","title":{"rendered":"Domingo de Ramos"},"content":{"rendered":"<p id=\"mwBw\" style=\"text-align: justify;\">O\u00a0<b id=\"mwCA\">Domingo de Ramos<\/b>, tamb\u00e9m chamado\u00a0<b id=\"mwCQ\">Domingo da Paix\u00e3o do Senhor<\/b>, \u00e9 uma\u00a0<a id=\"mwCg\" title=\"Celebra\u00e7\u00f5es lit\u00fargicas\" href=\"https:\/\/pt.wikipedia.org\/wiki\/Celebra%C3%A7%C3%B5es_lit%C3%BArgicas\" rel=\"mw:WikiLink\">celebra\u00e7\u00e3o<\/a>\u00a0<a id=\"mwCw\" title=\"Cristianismo\" href=\"https:\/\/pt.wikipedia.org\/wiki\/Cristianismo\" rel=\"mw:WikiLink\">crist\u00e3<\/a>\u00a0<a id=\"mwDA\" title=\"Feriado m\u00f3vel\" href=\"https:\/\/pt.wikipedia.org\/wiki\/Feriado_m%C3%B3vel\" rel=\"mw:WikiLink\">m\u00f3vel<\/a>\u00a0realizada no\u00a0<a id=\"mwDQ\" title=\"Domingo\" href=\"https:\/\/pt.wikipedia.org\/wiki\/Domingo\" rel=\"mw:WikiLink\">domingo<\/a>\u00a0que antecede a\u00a0<a id=\"mwDg\" title=\"P\u00e1scoa\" href=\"https:\/\/pt.wikipedia.org\/wiki\/P%C3%A1scoa\" rel=\"mw:WikiLink\">P\u00e1scoa<\/a>. A data comemora a\u00a0<a id=\"mwDw\" title=\"Entrada triunfal em Jerusal\u00e9m\" href=\"https:\/\/pt.wikipedia.org\/wiki\/Entrada_triunfal_em_Jerusal%C3%A9m\" rel=\"mw:WikiLink\">entrada triunfal<\/a>\u00a0de\u00a0<a id=\"mwEA\" title=\"Jesus\" href=\"https:\/\/pt.wikipedia.org\/wiki\/Jesus\" rel=\"mw:WikiLink\">Jesus<\/a>\u00a0em\u00a0<a id=\"mwEQ\" title=\"Jerusal\u00e9m\" href=\"https:\/\/pt.wikipedia.org\/wiki\/Jerusal%C3%A9m\" rel=\"mw:WikiLink\">Jerusal\u00e9m<\/a>, epis\u00f3dio narrado nos quatro\u00a0<a id=\"mwEg\" title=\"Evangelhos can\u00f4nicos\" href=\"https:\/\/pt.wikipedia.org\/wiki\/Evangelhos_can%C3%B4nicos\" rel=\"mw:WikiLink\">evangelhos can\u00f4nicos<\/a>,<sup id=\"cite_ref-1\" class=\"mw-ref reference\" data-mw=\"{&quot;name&quot;:&quot;ref&quot;,&quot;attrs&quot;:{},&quot;body&quot;:{&quot;id&quot;:&quot;mw-reference-text-cite_note-1&quot;}}\"><a id=\"mwEw\" href=\"https:\/\/pt.wikipedia.org\/wiki\/Domingo_de_Ramos#cite_note-1\"><span id=\"mwFA\" class=\"mw-reflink-text\"><span id=\"mwFQ\" class=\"cite-bracket\">[<\/span>1<span id=\"mwFg\" class=\"cite-bracket\">]<\/span><\/span><\/a><\/sup>\u00a0no qual Ele \u00e9 acolhido pela multid\u00e3o que estende mantos e agita ramos pelo caminho. O nome da celebra\u00e7\u00e3o deriva desse gesto simb\u00f3lico, especialmente do uso de\u00a0<a id=\"mwFw\" title=\"Ramo de palmeira\" href=\"https:\/\/pt.wikipedia.org\/wiki\/Ramo_de_palmeira\" rel=\"mw:WikiLink\">ramos de palmeira<\/a>\u00a0para saudar Jesus.<sup id=\"cite_ref-2\" class=\"mw-ref reference\" data-mw=\"{&quot;name&quot;:&quot;ref&quot;,&quot;attrs&quot;:{},&quot;body&quot;:{&quot;id&quot;:&quot;mw-reference-text-cite_note-2&quot;}}\"><a id=\"mwGA\" href=\"https:\/\/pt.wikipedia.org\/wiki\/Domingo_de_Ramos#cite_note-2\"><span id=\"mwGQ\" class=\"mw-reflink-text\"><span id=\"mwGg\" class=\"cite-bracket\">[<\/span>2<span id=\"mwGw\" class=\"cite-bracket\">]<\/span><\/span><\/a><\/sup><\/p>\n<p id=\"mwHA\" style=\"text-align: justify;\">O dia marca o in\u00edcio da\u00a0<a id=\"mwHQ\" title=\"Semana Santa\" href=\"https:\/\/pt.wikipedia.org\/wiki\/Semana_Santa\" rel=\"mw:WikiLink\">Semana Santa<\/a>, per\u00edodo que recorda os acontecimentos finais da\u00a0<a id=\"mwHg\" title=\"Vida de Cristo\" href=\"https:\/\/pt.wikipedia.org\/wiki\/Vida_de_Cristo\" rel=\"mw:WikiLink\">vida de Cristo<\/a>, culminando em sua\u00a0<a id=\"mwHw\" title=\"Paix\u00e3o (cristianismo)\" href=\"https:\/\/pt.wikipedia.org\/wiki\/Paix%C3%A3o_(cristianismo)\" rel=\"mw:WikiLink\">paix\u00e3o<\/a>,\u00a0<a id=\"mwIA\" title=\"Crucifica\u00e7\u00e3o de Jesus\" href=\"https:\/\/pt.wikipedia.org\/wiki\/Crucifica%C3%A7%C3%A3o_de_Jesus\" rel=\"mw:WikiLink\">morte<\/a>\u00a0e\u00a0<a id=\"mwIQ\" title=\"Ressurrei\u00e7\u00e3o de Jesus\" href=\"https:\/\/pt.wikipedia.org\/wiki\/Ressurrei%C3%A7%C3%A3o_de_Jesus\" rel=\"mw:WikiLink\">ressurrei\u00e7\u00e3o<\/a>. No\u00a0<a id=\"mwIg\" title=\"Cristianismo ocidental\" href=\"https:\/\/pt.wikipedia.org\/wiki\/Cristianismo_ocidental\" rel=\"mw:WikiLink\">cristianismo ocidental<\/a>, esse dia inaugura a \u00faltima semana da\u00a0<a id=\"mwIw\" title=\"Quaresma\" href=\"https:\/\/pt.wikipedia.org\/wiki\/Quaresma\" rel=\"mw:WikiLink\">Quaresma<\/a>\u00a0e introduz imediatamente as celebra\u00e7\u00f5es que conduzem ao\u00a0<a id=\"mwJA\" title=\"Tr\u00edduo Pascal\" href=\"https:\/\/pt.wikipedia.org\/wiki\/Tr%C3%ADduo_Pascal\" rel=\"mw:WikiLink\">Tr\u00edduo Pascal<\/a>. No\u00a0<a id=\"mwJQ\" title=\"Cristianismo oriental\" href=\"https:\/\/pt.wikipedia.org\/wiki\/Cristianismo_oriental\" rel=\"mw:WikiLink\">cristianismo oriental<\/a>, embora tamb\u00e9m se celebre a entrada em Jerusal\u00e9m no domingo anterior \u00e0 P\u00e1scoa, a organiza\u00e7\u00e3o do\u00a0<a id=\"mwJg\" title=\"Calend\u00e1rio lit\u00fargico\" href=\"https:\/\/pt.wikipedia.org\/wiki\/Calend%C3%A1rio_lit%C3%BArgico\" rel=\"mw:WikiLink\">calend\u00e1rio lit\u00fargico<\/a>\u00a0apresenta particularidades pr\u00f3prias, estando a data vinculada ao t\u00e9rmino da Grande Quaresma e \u00e0 transi\u00e7\u00e3o para a Semana da Paix\u00e3o.<sup id=\"cite_ref-N\u00e3o_nomeado-xfoP-1_3-0\" class=\"mw-ref reference\" data-mw=\"{&quot;name&quot;:&quot;ref&quot;,&quot;attrs&quot;:{&quot;name&quot;:&quot;N\u00e3o_nomeado-xfoP-1&quot;},&quot;body&quot;:{&quot;id&quot;:&quot;mw-reference-text-cite_note-N\u00e3o_nomeado-xfoP-1-3&quot;}}\"><a id=\"mwJw\" href=\"https:\/\/pt.wikipedia.org\/wiki\/Domingo_de_Ramos#cite_note-N%C3%A3o_nomeado-xfoP-1-3\"><span id=\"mwKA\" class=\"mw-reflink-text\"><span id=\"mwKQ\" class=\"cite-bracket\">[<\/span>3<span id=\"mwKg\" class=\"cite-bracket\">]<\/span><\/span><\/a><\/sup><sup id=\"cite_ref-4\" class=\"mw-ref reference\" data-mw=\"{&quot;name&quot;:&quot;ref&quot;,&quot;attrs&quot;:{},&quot;body&quot;:{&quot;id&quot;:&quot;mw-reference-text-cite_note-4&quot;}}\"><a id=\"mwKw\" href=\"https:\/\/pt.wikipedia.org\/wiki\/Domingo_de_Ramos#cite_note-4\"><span id=\"mwLA\" class=\"mw-reflink-text\"><span id=\"mwLQ\" class=\"cite-bracket\">[<\/span>4<span id=\"mwLg\" class=\"cite-bracket\">]<\/span><\/span><\/a><\/sup><\/p>\n<p id=\"mwLw\" style=\"text-align: justify;\">Na\u00a0<a id=\"mwMA\" title=\"Igreja Cat\u00f3lica\" href=\"https:\/\/pt.wikipedia.org\/wiki\/Igreja_Cat%C3%B3lica\" rel=\"mw:WikiLink\">Igreja Cat\u00f3lica<\/a>, assim como em diversas comunidades\u00a0<a id=\"mwMQ\" title=\"Anglicanismo\" href=\"https:\/\/pt.wikipedia.org\/wiki\/Anglicanismo\" rel=\"mw:WikiLink\">anglicanas<\/a>,\u00a0<a id=\"mwMg\" title=\"Luteranismo\" href=\"https:\/\/pt.wikipedia.org\/wiki\/Luteranismo\" rel=\"mw:WikiLink\">luteranas<\/a>\u00a0e outras tradi\u00e7\u00f5es\u00a0<a id=\"mwMw\" title=\"Protestantismo\" href=\"https:\/\/pt.wikipedia.org\/wiki\/Protestantismo\" rel=\"mw:WikiLink\">protestantes<\/a>, \u00e9 costume realizar a b\u00ean\u00e7\u00e3o e a distribui\u00e7\u00e3o de\u00a0<a id=\"mwNA\" title=\"Ramo\" href=\"https:\/\/pt.wikipedia.org\/wiki\/Ramo\" rel=\"mw:WikiLink\">ramos<\/a>\u00a0aos fi\u00e9is durante a celebra\u00e7\u00e3o lit\u00fargica. Esses ramos (que s\u00e3o tradicionalmente de\u00a0<a id=\"mwNQ\" title=\"Arec\u00e1ceas\" href=\"https:\/\/pt.wikipedia.org\/wiki\/Arec%C3%A1ceas\" rel=\"mw:WikiLink\">palmeira<\/a>, mas tamb\u00e9m de\u00a0<a id=\"mwNg\" title=\"Oliveira\" href=\"https:\/\/pt.wikipedia.org\/wiki\/Oliveira\" rel=\"mw:WikiLink\">oliveira<\/a>,\u00a0<a id=\"mwNw\" title=\"Salgueiro\" href=\"https:\/\/pt.wikipedia.org\/wiki\/Salgueiro\" rel=\"mw:WikiLink\">salgueiro<\/a>\u00a0ou de outras \u00e1rvores conforme a disponibilidade local) recordam o gesto da multid\u00e3o descrito nos\u00a0<a id=\"mwOA\" title=\"Evangelho\" href=\"https:\/\/pt.wikipedia.org\/wiki\/Evangelho\" rel=\"mw:WikiLink\">Evangelhos<\/a>\u00a0e constituem um dos elementos mais caracter\u00edsticos da celebra\u00e7\u00e3o.<sup id=\"cite_ref-5\" class=\"mw-ref reference\" data-mw=\"{&quot;name&quot;:&quot;ref&quot;,&quot;attrs&quot;:{},&quot;body&quot;:{&quot;id&quot;:&quot;mw-reference-text-cite_note-5&quot;}}\"><a id=\"mwOQ\" href=\"https:\/\/pt.wikipedia.org\/wiki\/Domingo_de_Ramos#cite_note-5\"><span id=\"mwOg\" class=\"mw-reflink-text\"><span id=\"mwOw\" class=\"cite-bracket\">[<\/span><\/span><\/a><\/sup><\/p>\n<p>Fonte: https:\/\/pt.wikipedia.org\/wiki\/Domingo_de_Ramos<\/p>\n<p id=\"mwHA\">\n<p id=\"mwLw\">\n","protected":false},"excerpt":{"rendered":"<p>O\u00a0Domingo de Ramos, tamb\u00e9m chamado\u00a0Domingo da Paix\u00e3o do Senhor, \u00e9 uma\u00a0celebra\u00e7\u00e3o\u00a0crist\u00e3\u00a0m\u00f3vel\u00a0realizada no\u00a0domingo\u00a0que antecede a\u00a0P\u00e1scoa. A data comemora a\u00a0entrada triunfal\u00a0de\u00a0Jesus\u00a0em\u00a0Jerusal\u00e9m, epis\u00f3dio narrado nos quatro\u00a0evangelhos can\u00f4nicos,[1]\u00a0no qual Ele \u00e9 acolhido pela multid\u00e3o que estende mantos e agita ramos pelo caminho. O nome da celebra\u00e7\u00e3o deriva desse gesto simb\u00f3lico, especialmente do uso de\u00a0ramos de palmeira\u00a0para saudar Jesus.[2] O [&hellip;]<\/p>\n","protected":false},"author":1,"featured_media":101889,"comment_status":"closed","ping_status":"open","sticky":false,"template":"","format":"standard","meta":{"footnotes":""},"categories":[110,118],"tags":[],"class_list":["post-101888","post","type-post","status-publish","format-standard","has-post-thumbnail","hentry","category-noticiasdestaque","category-religiaoesolidariedade"],"_links":{"self":[{"href":"https:\/\/jorgezanoni.com.br\/2019\/wp-json\/wp\/v2\/posts\/101888","targetHints":{"allow":["GET"]}}],"collection":[{"href":"https:\/\/jorgezanoni.com.br\/2019\/wp-json\/wp\/v2\/posts"}],"about":[{"href":"https:\/\/jorgezanoni.com.br\/2019\/wp-json\/wp\/v2\/types\/post"}],"author":[{"embeddable":true,"href":"https:\/\/jorgezanoni.com.br\/2019\/wp-json\/wp\/v2\/users\/1"}],"replies":[{"embeddable":true,"href":"https:\/\/jorgezanoni.com.br\/2019\/wp-json\/wp\/v2\/comments?post=101888"}],"version-history":[{"count":1,"href":"https:\/\/jorgezanoni.com.br\/2019\/wp-json\/wp\/v2\/posts\/101888\/revisions"}],"predecessor-version":[{"id":101890,"href":"https:\/\/jorgezanoni.com.br\/2019\/wp-json\/wp\/v2\/posts\/101888\/revisions\/101890"}],"wp:featuredmedia":[{"embeddable":true,"href":"https:\/\/jorgezanoni.com.br\/2019\/wp-json\/wp\/v2\/media\/101889"}],"wp:attachment":[{"href":"https:\/\/jorgezanoni.com.br\/2019\/wp-json\/wp\/v2\/media?parent=101888"}],"wp:term":[{"taxonomy":"category","embeddable":true,"href":"https:\/\/jorgezanoni.com.br\/2019\/wp-json\/wp\/v2\/categories?post=101888"},{"taxonomy":"post_tag","embeddable":true,"href":"https:\/\/jorgezanoni.com.br\/2019\/wp-json\/wp\/v2\/tags?post=101888"}],"curies":[{"name":"wp","href":"https:\/\/api.w.org\/{rel}","templated":true}]}}