{"id":101857,"date":"2026-03-27T21:08:47","date_gmt":"2026-03-27T21:08:47","guid":{"rendered":"https:\/\/jorgezanoni.com.br\/2019\/?p=101857"},"modified":"2026-03-27T21:08:47","modified_gmt":"2026-03-27T21:08:47","slug":"sicredi-centro-oeste-paulista-encerra-ciclo-assemblear-2026-com-aumento-na-participacao-dos-associados","status":"publish","type":"post","link":"https:\/\/jorgezanoni.com.br\/2019\/sicredi-centro-oeste-paulista-encerra-ciclo-assemblear-2026-com-aumento-na-participacao-dos-associados\/","title":{"rendered":"Sicredi Centro Oeste Paulista encerra Ciclo Assemblear 2026 com aumento na participa\u00e7\u00e3o dos associados"},"content":{"rendered":"<p class=\"v1MsoNormal\" style=\"text-align: justify;\" align=\"center\"><strong><i>Assembleias em formato simult\u00e2neo registraram crescimento na participa\u00e7\u00e3o e refor\u00e7aram a governan\u00e7a cooperativa.<\/i><\/strong><\/p>\n<p class=\"v1MsoNormal\" style=\"text-align: justify;\">A Sicredi Centro Oeste Paulista encerrou, no dia 24 de mar\u00e7o de 2026, o Ciclo Assemblear 2026 com a realiza\u00e7\u00e3o da Assembleia Geral Ordin\u00e1ria (AGO). O per\u00edodo foi marcado por expressiva participa\u00e7\u00e3o e por decis\u00f5es estrat\u00e9gicas que refor\u00e7am a governan\u00e7a e a solidez da cooperativa.<\/p>\n<p class=\"v1MsoNormal\" style=\"text-align: justify;\">Realizadas em formato simult\u00e2neo, unindo encontros presenciais e participa\u00e7\u00e3o digital, as assembleias ampliaram a proximidade e a conveni\u00eancia, facilitando o envolvimento dos associados nos momentos decis\u00f3rios. Ao todo, 18.133 participantes contribu\u00edram com o processo, n\u00famero que representa 25,5% do total de associados da cooperativa, com crescimento de 20% em rela\u00e7\u00e3o ao ano anterior.<\/p>\n<p class=\"v1MsoNormal\" style=\"text-align: justify;\">Durante a AGO, foram apreciados temas como a presta\u00e7\u00e3o de contas do exerc\u00edcio, as demonstra\u00e7\u00f5es financeiras e a elei\u00e7\u00e3o dos novos conselhos da cooperativa, reafirmando o compromisso com a transpar\u00eancia e a democracia cooperativista.<\/p>\n<p class=\"v1MsoNormal\" style=\"text-align: justify;\">O Ciclo Assemblear 2026 tamb\u00e9m marcou a celebra\u00e7\u00e3o de resultados hist\u00f3ricos. A Sicredi Centro Oeste Paulista registrou resultado de R$ 29 milh\u00f5es, atingiu a marca de mais de 70 mil associados, alcan\u00e7ou mais de R$ 2 bilh\u00f5es em recursos totais e R$ 180 milh\u00f5es em patrim\u00f4nio, indicadores que refletem o crescimento sustent\u00e1vel e a confian\u00e7a no modelo cooperativista. Al\u00e9m dos resultados econ\u00f4micos, o impacto social permaneceu em 2025, com a\u00e7\u00f5es de educa\u00e7\u00e3o financeira que impactaram mais de 32 mil pessoas nas comunidades da \u00e1rea de atua\u00e7\u00e3o.<\/p>\n<p class=\"v1MsoNormal\" style=\"text-align: justify;\">Os resultados do ciclo refletem a efetividade do modelo adotado. Para Jo\u00e3o Salvi, presidente da Sicredi Centro Oeste Paulista, a combina\u00e7\u00e3o entre presen\u00e7a f\u00edsica e digital fortaleceu o engajamento: &#8220;Unir encontros presenciais e digitais amplia a participa\u00e7\u00e3o e contribui para uma governan\u00e7a mais colaborativa, conectada \u00e0s decis\u00f5es da cooperativa&#8221;, destaca.<\/p>\n<p class=\"v1MsoNormal\" style=\"text-align: justify;\">&#8220;Encerrar o Ciclo Assemblear 2026 com crescimento na participa\u00e7\u00e3o demonstra a confian\u00e7a dos associados na gest\u00e3o e no nosso modelo cooperativo. Al\u00e9m disso, a elei\u00e7\u00e3o dos novos conselhos representa continuidade, responsabilidade e compromisso com o desenvolvimento sustent\u00e1vel das comunidades onde o Sicredi est\u00e1 presente&#8221;, complementa o presidente da cooperativa.<\/p>\n<p class=\"v1MsoNormal\" style=\"text-align: justify;\">Com a conclus\u00e3o do Ciclo Assemblear 2026, a Sicredi Centro Oeste Paulista refor\u00e7a seu compromisso com a transpar\u00eancia, a participa\u00e7\u00e3o democr\u00e1tica e o fortalecimento da governan\u00e7a cooperativa. Ao ampliar o acesso e incentivar a participa\u00e7\u00e3o ativa, a cooperativa segue construindo, de forma coletiva, decis\u00f5es que impulsionam o desenvolvimento sustent\u00e1vel e a proximidade com seus associados e com as comunidades onde atua.<\/p>\n<p class=\"v1MsoNormal\" style=\"text-align: justify;\"><b><i>Sobre o Sicredi<\/i><\/b><i><\/i><\/p>\n<p class=\"v1MsoNormal\" style=\"text-align: justify;\"><i>O Sicredi \u00e9 uma institui\u00e7\u00e3o financeira cooperativa comprometida com o crescimento de seus associados e com o desenvolvimento das regi\u00f5es onde atua. Possui um modelo de gest\u00e3o que valoriza a participa\u00e7\u00e3o dos mais de 10 milh\u00f5es de associados, que exercem o papel de donos do neg\u00f3cio. Com mais de 3 mil ag\u00eancias, o Sicredi est\u00e1 presente fisicamente em todos os estados brasileiros e no Distrito Federal, disponibilizando uma gama completa de solu\u00e7\u00f5es financeiras e n\u00e3o financeiras.<\/i><\/p>\n<p class=\"v1MsoNormal\"><b><i>Site do Sicredi:\u00a0<a href=\"http:\/\/www.sicredi.com.br\/\" target=\"_blank\" rel=\"noopener noreferrer\">www.sicredi.com.br<\/a><\/i><\/b><\/p>\n<p class=\"v1MsoNormal\"><b><i>Redes Sociais:\u00a0<\/i><\/b><em><b><u><span lang=\"EN-US\"><a href=\"http:\/\/www.facebook.com\/sicredicentrooestepaulista\" target=\"_blank\" rel=\"noopener noreferrer\"><i><span lang=\"PT-BR\">Facebook<\/span><\/i><\/a><\/span><\/u><\/b><\/em><em>\u00a0|<\/em>\u00a0<em><b><u><span lang=\"EN-US\"><a href=\"https:\/\/www.linkedin.com\/company\/sicredi-centro-oeste-paulista\/\" target=\"_blank\" rel=\"noopener noreferrer\"><i><span lang=\"PT-BR\">LinkedIn<\/span><\/i><\/a><\/span><\/u><\/b><\/em><em>\u00a0|<\/em>\u00a0<em><b><u><span lang=\"EN-US\"><a href=\"http:\/\/www.youtube.com\/sicredicentrooestepaulista\" target=\"_blank\" rel=\"noopener noreferrer\"><i><span lang=\"PT-BR\">YouTube<\/span><\/i><\/a><\/span><\/u><\/b><\/em><span lang=\"EN-US\">\u00a0<\/span><em>|\u00a0<\/em><em><b><u><span lang=\"EN-US\"><a href=\"http:\/\/www.instagram.com\/sicredicentrooestepaulista\" target=\"_blank\" rel=\"noopener noreferrer\"><i><span lang=\"PT-BR\">Instagram<\/span><\/i><\/a><\/span><\/u><\/b><\/em><\/p>\n<p><img loading=\"lazy\" decoding=\"async\" class=\"alignnone size-full wp-image-101859\" src=\"https:\/\/jorgezanoni.com.br\/2019\/wp-content\/uploads\/2026\/03\/Presidente-e-Vices-scaled.jpg\" alt=\"\" width=\"2560\" height=\"1707\" srcset=\"https:\/\/jorgezanoni.com.br\/2019\/wp-content\/uploads\/2026\/03\/Presidente-e-Vices-scaled.jpg 2560w, https:\/\/jorgezanoni.com.br\/2019\/wp-content\/uploads\/2026\/03\/Presidente-e-Vices-300x200.jpg 300w, https:\/\/jorgezanoni.com.br\/2019\/wp-content\/uploads\/2026\/03\/Presidente-e-Vices-1024x683.jpg 1024w, https:\/\/jorgezanoni.com.br\/2019\/wp-content\/uploads\/2026\/03\/Presidente-e-Vices-768x512.jpg 768w, https:\/\/jorgezanoni.com.br\/2019\/wp-content\/uploads\/2026\/03\/Presidente-e-Vices-1536x1024.jpg 1536w, https:\/\/jorgezanoni.com.br\/2019\/wp-content\/uploads\/2026\/03\/Presidente-e-Vices-2048x1365.jpg 2048w, https:\/\/jorgezanoni.com.br\/2019\/wp-content\/uploads\/2026\/03\/Presidente-e-Vices-696x464.jpg 696w, https:\/\/jorgezanoni.com.br\/2019\/wp-content\/uploads\/2026\/03\/Presidente-e-Vices-1068x712.jpg 1068w, https:\/\/jorgezanoni.com.br\/2019\/wp-content\/uploads\/2026\/03\/Presidente-e-Vices-630x420.jpg 630w\" sizes=\"auto, (max-width: 2560px) 100vw, 2560px\" \/>Presidente e vices do Sicredi Centro Oeste Paulista.<\/p>\n<p>CAPA: Mesa de Honra<\/p>\n<p>Fonte: Comunica\u00e7\u00e3o e Marketing<\/p>\n","protected":false},"excerpt":{"rendered":"<p>Assembleias em formato simult\u00e2neo registraram crescimento na participa\u00e7\u00e3o e refor\u00e7aram a governan\u00e7a cooperativa. A Sicredi Centro Oeste Paulista encerrou, no dia 24 de mar\u00e7o de 2026, o Ciclo Assemblear 2026 com a realiza\u00e7\u00e3o da Assembleia Geral Ordin\u00e1ria (AGO). O per\u00edodo foi marcado por expressiva participa\u00e7\u00e3o e por decis\u00f5es estrat\u00e9gicas que refor\u00e7am a governan\u00e7a e a [&hellip;]<\/p>\n","protected":false},"author":1,"featured_media":101858,"comment_status":"closed","ping_status":"open","sticky":false,"template":"","format":"standard","meta":{"footnotes":""},"categories":[110,116],"tags":[],"class_list":["post-101857","post","type-post","status-publish","format-standard","has-post-thumbnail","hentry","category-noticiasdestaque","category-politicaeeconomia"],"_links":{"self":[{"href":"https:\/\/jorgezanoni.com.br\/2019\/wp-json\/wp\/v2\/posts\/101857","targetHints":{"allow":["GET"]}}],"collection":[{"href":"https:\/\/jorgezanoni.com.br\/2019\/wp-json\/wp\/v2\/posts"}],"about":[{"href":"https:\/\/jorgezanoni.com.br\/2019\/wp-json\/wp\/v2\/types\/post"}],"author":[{"embeddable":true,"href":"https:\/\/jorgezanoni.com.br\/2019\/wp-json\/wp\/v2\/users\/1"}],"replies":[{"embeddable":true,"href":"https:\/\/jorgezanoni.com.br\/2019\/wp-json\/wp\/v2\/comments?post=101857"}],"version-history":[{"count":1,"href":"https:\/\/jorgezanoni.com.br\/2019\/wp-json\/wp\/v2\/posts\/101857\/revisions"}],"predecessor-version":[{"id":101860,"href":"https:\/\/jorgezanoni.com.br\/2019\/wp-json\/wp\/v2\/posts\/101857\/revisions\/101860"}],"wp:featuredmedia":[{"embeddable":true,"href":"https:\/\/jorgezanoni.com.br\/2019\/wp-json\/wp\/v2\/media\/101858"}],"wp:attachment":[{"href":"https:\/\/jorgezanoni.com.br\/2019\/wp-json\/wp\/v2\/media?parent=101857"}],"wp:term":[{"taxonomy":"category","embeddable":true,"href":"https:\/\/jorgezanoni.com.br\/2019\/wp-json\/wp\/v2\/categories?post=101857"},{"taxonomy":"post_tag","embeddable":true,"href":"https:\/\/jorgezanoni.com.br\/2019\/wp-json\/wp\/v2\/tags?post=101857"}],"curies":[{"name":"wp","href":"https:\/\/api.w.org\/{rel}","templated":true}]}}