{"id":10174,"date":"2019-11-01T01:24:21","date_gmt":"2019-11-01T01:24:21","guid":{"rendered":"https:\/\/jorgezanoni.com.br\/2019\/?p=10174"},"modified":"2019-11-01T01:24:21","modified_gmt":"2019-11-01T01:24:21","slug":"aos-61-anos-mulher-da-a-luz-bebe-e-realiza-sonho-de-ser-mae-em-londrina","status":"publish","type":"post","link":"https:\/\/jorgezanoni.com.br\/2019\/aos-61-anos-mulher-da-a-luz-bebe-e-realiza-sonho-de-ser-mae-em-londrina\/","title":{"rendered":"Aos 61 anos, mulher d\u00e1 \u00e0 luz beb\u00ea e realiza sonho de ser m\u00e3e em Londrina"},"content":{"rendered":"<h2 class=\"content-head__subtitle\" style=\"text-align: justify;\"><strong>Crian\u00e7a nasceu com 47 cent\u00edmetros e 3,415 gramas ap\u00f3s fertiliza\u00e7\u00e3o in vitro.<\/strong><\/h2>\n<div class=\"mc-column content-text active-extra-styles \" data-block-type=\"unstyled\" data-block-weight=\"42\" data-block-id=\"2\">\n<p class=\"content-text__container \" data-track-category=\"Link no Texto\" data-track-links=\"\">Com 61 anos, a t\u00e9cnica em enfermagem Ana Maria Pontelo Moreira engravidou e deu \u00e0 luz um menino em Londrina, no norte do Paran\u00e1, na quarta-feira (30). Depois de cinco anos de tratamento, ela n\u00e3o desistiu do sonho de ser m\u00e3e.<\/p>\n<p class=\"content-text__container \" data-track-category=\"Link no Texto\" data-track-links=\"\"><span style=\"font-style: italic; text-align: center;\">\u201c\u00c9 um sonho realizado. O tratamento n\u00e3o foi f\u00e1cil porque tem que tomar horm\u00f4nios, gasta bastante e tamb\u00e9m tem muita gente que n\u00e3o acredita. Estou muito feliz\u201d, conta emocionada Ana Maria.<\/span><\/p>\n<\/div>\n<div class=\"wall protected-content\">\n<div class=\"mc-column content-text active-extra-styles \" data-block-type=\"unstyled\" data-block-weight=\"28\" data-block-id=\"4\">\n<p class=\"content-text__container \" data-track-category=\"Link no Texto\" data-track-links=\"\">Ana Maria diz que antes de decidir pela fertiliza\u00e7\u00e3o in vitro ficou na fila para adotar uma crian\u00e7a. Depois de se separar do marido, ela decidiu engravidar.<\/p>\n<div class=\"mc-column content-text active-extra-styles \" data-block-type=\"unstyled\" data-block-weight=\"50\" data-block-id=\"6\">\n<p class=\"content-text__container \" data-track-category=\"Link no Texto\" data-track-links=\"\">\u201cComo fazia muitos cursos, faculdade e trabalhava o sonho foi adiado. Mas, em 2014 comecei o tratamento de fertiliza\u00e7\u00e3o porque n\u00e3o tenho parceiro. A gesta\u00e7\u00e3o foi tranquila, s\u00f3 tive um problema na coluna, mas fiz tratamento com ortopedista, pilates e fisioterapia. Tirando isso, foi tudo tranquilo\u201d, diz Ana Maria.<\/p>\n<\/div>\n<div class=\"mc-column content-text active-extra-styles \" data-block-type=\"unstyled\" data-block-weight=\"40\" data-block-id=\"7\">\n<p class=\"content-text__container \" data-track-category=\"Link no Texto\" data-track-links=\"\">O beb\u00ea, chamado de Ian, nasceu com 47,5 cent\u00edmetros e 3,4 quilos. O m\u00e9dico obstetra que acompanhou Ana Maria durante as 39 semanas de gesta\u00e7\u00e3o explica que pela idade da t\u00e9cnica em enfermagem a gravidez poderia ser de risco.<\/p>\n<\/div>\n<div class=\"mc-column content-text active-extra-styles \" data-block-type=\"unstyled\" data-block-weight=\"65\" data-block-id=\"8\">\n<p class=\"content-text__container \" data-track-category=\"Link no Texto\" data-track-links=\"\">\u201cAtualmente, a medicina d\u00e1 essa op\u00e7\u00e3o. Antigamente, aos 40 ou 43 anos a vida obst\u00e9trica da paciente estava encerrada. Mas, agora as mulheres querem trabalhar mais, estudar mais, \u00e0s vezes tem o segundo casamento. A medicina oferece a op\u00e7\u00e3o de fertilidade, est\u00e1 mais acess\u00edvel e h\u00e1 faculdades que oferecem isso gratuitamente. Al\u00e9m disso, o pr\u00e9-natal tamb\u00e9m evoluiu\u201d, diz o m\u00e9dico Jo\u00e3o Cafaro Goes Filho.<\/p>\n<\/div>\n<div class=\"mc-column content-text active-extra-styles\" data-block-type=\"raw\" data-block-weight=\"1\" data-block-id=\"9\">\n<div class=\"content-intertitle\">\n<h2>Fertiliza\u00e7\u00e3o<\/h2>\n<\/div>\n<\/div>\n<div class=\"mc-column content-text active-extra-styles \" data-block-type=\"unstyled\" data-block-weight=\"32\" data-block-id=\"10\">\n<p class=\"content-text__container \" data-track-category=\"Link no Texto\" data-track-links=\"\">Para realizar o sonho de ser m\u00e3e, Ana Maria recorreu aos bancos de \u00f3vulos e de s\u00eamen. Ela escolheu materiais gen\u00e9ticos compat\u00edveis com as pr\u00f3prias caracter\u00edsticas para a fertiliza\u00e7\u00e3o in vitro.<\/p>\n<\/div>\n<div class=\"mc-column content-text active-extra-styles \" data-block-type=\"unstyled\" data-block-weight=\"36\" data-block-id=\"11\">\n<p class=\"content-text__container \" data-track-category=\"Link no Texto\" data-track-links=\"\">&#8220;A partir dos 40 anos n\u00e3o \u00e9 poss\u00edvel mais usar os \u00f3vulos, ent\u00e3o apelei para uma pessoa mais jovem, compat\u00edvel com o meu tipo sangu\u00edneo. Para a fertiliza\u00e7\u00e3o dar certo, v\u00e1rios exames foram realizados&#8221;, explicou.<\/p>\n<p data-track-category=\"Link no Texto\" data-track-links=\"\">\u201cEspero que a minha hist\u00f3ria seja uma inspira\u00e7\u00e3o para outras pessoas, \u00e9 muito gratificante. Sei que t\u00eam mulheres mais velhas que querem ser m\u00e3es, mas t\u00eam medo. Eu realizei o meu sonho\u201d, concluiu Ana Maria Pontelo Moreira.<\/p>\n<p data-track-category=\"Link no Texto\" data-track-links=\"\"><img loading=\"lazy\" decoding=\"async\" class=\"alignnone size-full wp-image-10175\" src=\"https:\/\/jorgezanoni.com.br\/2019\/wp-content\/uploads\/2019\/11\/idosa-gravida.jpg\" alt=\"\" width=\"1200\" height=\"673\" srcset=\"https:\/\/jorgezanoni.com.br\/2019\/wp-content\/uploads\/2019\/11\/idosa-gravida.jpg 1200w, https:\/\/jorgezanoni.com.br\/2019\/wp-content\/uploads\/2019\/11\/idosa-gravida-300x168.jpg 300w, https:\/\/jorgezanoni.com.br\/2019\/wp-content\/uploads\/2019\/11\/idosa-gravida-768x431.jpg 768w, https:\/\/jorgezanoni.com.br\/2019\/wp-content\/uploads\/2019\/11\/idosa-gravida-1024x574.jpg 1024w, https:\/\/jorgezanoni.com.br\/2019\/wp-content\/uploads\/2019\/11\/idosa-gravida-696x390.jpg 696w, https:\/\/jorgezanoni.com.br\/2019\/wp-content\/uploads\/2019\/11\/idosa-gravida-1068x599.jpg 1068w, https:\/\/jorgezanoni.com.br\/2019\/wp-content\/uploads\/2019\/11\/idosa-gravida-749x420.jpg 749w\" sizes=\"auto, (max-width: 1200px) 100vw, 1200px\" \/>Ana Maria teve o primeiro filho aos 61 anos \u2014 Foto: Reprodu\u00e7\u00e3o\/RPC<\/p>\n<p data-track-category=\"Link no Texto\" data-track-links=\"\">Fonte: G1<\/p>\n<\/div>\n<\/div>\n<\/div>\n","protected":false},"excerpt":{"rendered":"<p>Crian\u00e7a nasceu com 47 cent\u00edmetros e 3,415 gramas ap\u00f3s fertiliza\u00e7\u00e3o in vitro. Com 61 anos, a t\u00e9cnica em enfermagem Ana Maria Pontelo Moreira engravidou e deu \u00e0 luz um menino em Londrina, no norte do Paran\u00e1, na quarta-feira (30). Depois de cinco anos de tratamento, ela n\u00e3o desistiu do sonho de ser m\u00e3e. \u201c\u00c9 um [&hellip;]<\/p>\n","protected":false},"author":1,"featured_media":10176,"comment_status":"closed","ping_status":"open","sticky":false,"template":"","format":"standard","meta":{"footnotes":""},"categories":[110,122],"tags":[],"class_list":["post-10174","post","type-post","status-publish","format-standard","has-post-thumbnail","hentry","category-noticiasdestaque","category-saudeeducacaoeconcurso"],"_links":{"self":[{"href":"https:\/\/jorgezanoni.com.br\/2019\/wp-json\/wp\/v2\/posts\/10174","targetHints":{"allow":["GET"]}}],"collection":[{"href":"https:\/\/jorgezanoni.com.br\/2019\/wp-json\/wp\/v2\/posts"}],"about":[{"href":"https:\/\/jorgezanoni.com.br\/2019\/wp-json\/wp\/v2\/types\/post"}],"author":[{"embeddable":true,"href":"https:\/\/jorgezanoni.com.br\/2019\/wp-json\/wp\/v2\/users\/1"}],"replies":[{"embeddable":true,"href":"https:\/\/jorgezanoni.com.br\/2019\/wp-json\/wp\/v2\/comments?post=10174"}],"version-history":[{"count":0,"href":"https:\/\/jorgezanoni.com.br\/2019\/wp-json\/wp\/v2\/posts\/10174\/revisions"}],"wp:featuredmedia":[{"embeddable":true,"href":"https:\/\/jorgezanoni.com.br\/2019\/wp-json\/wp\/v2\/media\/10176"}],"wp:attachment":[{"href":"https:\/\/jorgezanoni.com.br\/2019\/wp-json\/wp\/v2\/media?parent=10174"}],"wp:term":[{"taxonomy":"category","embeddable":true,"href":"https:\/\/jorgezanoni.com.br\/2019\/wp-json\/wp\/v2\/categories?post=10174"},{"taxonomy":"post_tag","embeddable":true,"href":"https:\/\/jorgezanoni.com.br\/2019\/wp-json\/wp\/v2\/tags?post=10174"}],"curies":[{"name":"wp","href":"https:\/\/api.w.org\/{rel}","templated":true}]}}