{"id":101730,"date":"2026-03-18T21:16:50","date_gmt":"2026-03-18T21:16:50","guid":{"rendered":"https:\/\/jorgezanoni.com.br\/2019\/?p=101730"},"modified":"2026-03-18T21:16:50","modified_gmt":"2026-03-18T21:16:50","slug":"policia-civil-realiza-operacao-divisa-segura-e-captura-procurados-da-justica-na-regiao-de-pauliceia","status":"publish","type":"post","link":"https:\/\/jorgezanoni.com.br\/2019\/policia-civil-realiza-operacao-divisa-segura-e-captura-procurados-da-justica-na-regiao-de-pauliceia\/","title":{"rendered":"Pol\u00edcia Civil realiza \u201cOPERA\u00c7\u00c3O DIVISA SEGURA\u201d e captura procurados da Justi\u00e7a na regi\u00e3o de Paulic\u00e9ia"},"content":{"rendered":"<p style=\"text-align: justify;\"><strong>A\u00e7\u00e3o integrada refor\u00e7a a atua\u00e7\u00e3o de pol\u00edcia judici\u00e1ria e intensifica o combate \u00e0 criminalidade na faixa de divisa entre S\u00e3o Paulo e Mato Grosso do Sul.<\/strong><\/p>\n<p style=\"text-align: justify;\">A Pol\u00edcia Civil do Estado de S\u00e3o Paulo (PCSP), por interm\u00e9dio da Delegacia de Pol\u00edcia de Paulic\u00e9ia, com apoio operacional das unidades especializadas (DIG\/DISE) de Dracena, deflagrou, nesta quarta-feira (18), a \u201cOpera\u00e7\u00e3o Divisa Segura\u201d, com o objetivo de cumprir mandados de pris\u00e3o e intensificar o policiamento preventivo especializado na regi\u00e3o de divisa entre os Estados de S\u00e3o Paulo e Mato Grosso do Sul.<\/p>\n<p style=\"text-align: justify;\">A a\u00e7\u00e3o foi desenvolvida nos munic\u00edpios de Paulic\u00e9ia e Junqueir\u00f3polis, a partir de levantamentos investigativos e da produ\u00e7\u00e3o de intelig\u00eancia policial, voltados \u00e0 localiza\u00e7\u00e3o de indiv\u00edduos procurados pela Justi\u00e7a. Como resultado, tr\u00eas homens, com idades de 21, 38 e 45 anos, foram capturados em raz\u00e3o de mandados judiciais em aberto.<\/p>\n<p style=\"text-align: justify;\">O indiv\u00edduo de 21 anos possu\u00eda mandado de pris\u00e3o preventiva pelo crime de tr\u00e1fico de drogas. J\u00e1 o homem de 38 anos foi preso em raz\u00e3o de condena\u00e7\u00e3o definitiva pelos crimes de amea\u00e7a, inj\u00faria e desobedi\u00eancia, por determina\u00e7\u00e3o da DEECRIM \u2013 2\u00aa RAJ de Ara\u00e7atuba. O terceiro capturado, de 45 anos, teve a pris\u00e3o decretada em raz\u00e3o do n\u00e3o pagamento de pens\u00e3o aliment\u00edcia.<\/p>\n<p style=\"text-align: justify;\">As pris\u00f5es ocorreram de forma segura e sem intercorr\u00eancias, evidenciando o planejamento e a atua\u00e7\u00e3o t\u00e9cnica das equipes envolvidas. Ap\u00f3s os procedimentos de pol\u00edcia judici\u00e1ria, os capturados foram apresentados em audi\u00eancia de cust\u00f3dia, permanecendo \u00e0 disposi\u00e7\u00e3o da Justi\u00e7a, sendo posteriormente encaminhados \u00e0s unidades do sistema prisional, conforme a natureza de cada caso.<\/p>\n<p style=\"text-align: justify;\">No caso espec\u00edfico da pris\u00e3o por inadimplemento de pens\u00e3o aliment\u00edcia, a legisla\u00e7\u00e3o prev\u00ea a possibilidade de expedi\u00e7\u00e3o de alvar\u00e1 de soltura mediante a quita\u00e7\u00e3o integral do d\u00e9bito junto ao Poder Judici\u00e1rio.<\/p>\n<p style=\"text-align: justify;\">A opera\u00e7\u00e3o foi coordenada pela autoridade policial respons\u00e1vel pela Delegacia de Pol\u00edcia de Paulic\u00e9ia e contou com o emprego de oito policiais civis, distribu\u00eddos em equipes que atuaram com tr\u00eas viaturas no padr\u00e3o t\u00e1tico-operacional.<\/p>\n<p style=\"text-align: justify;\">A \u201cOpera\u00e7\u00e3o Divisa Segura\u201d refor\u00e7a o compromisso da Pol\u00edcia Civil com a efetividade das decis\u00f5es judiciais, a responsabiliza\u00e7\u00e3o criminal e a retirada de circula\u00e7\u00e3o de indiv\u00edduos em conflito com a lei. Al\u00e9m do car\u00e1ter repressivo, a\u00e7\u00f5es dessa natureza tamb\u00e9m possuem relevante impacto preventivo, contribuindo para a redu\u00e7\u00e3o dos \u00edndices criminais e o fortalecimento da seguran\u00e7a p\u00fablica na regi\u00e3o.<\/p>\n<p style=\"text-align: justify;\">A Pol\u00edcia Civil destaca, ainda, a import\u00e2ncia da integra\u00e7\u00e3o entre as unidades policiais e da colabora\u00e7\u00e3o da popula\u00e7\u00e3o, por meio de den\u00fancias an\u00f4nimas, como ferramentas essenciais para o \u00eaxito das a\u00e7\u00f5es de investiga\u00e7\u00e3o e localiza\u00e7\u00e3o de foragidos da Justi\u00e7a.<\/p>\n<p><img loading=\"lazy\" decoding=\"async\" class=\"alignnone size-full wp-image-101732\" src=\"https:\/\/jorgezanoni.com.br\/2019\/wp-content\/uploads\/2026\/03\/z-pc1.jpg\" alt=\"\" width=\"1288\" height=\"987\" srcset=\"https:\/\/jorgezanoni.com.br\/2019\/wp-content\/uploads\/2026\/03\/z-pc1.jpg 1288w, https:\/\/jorgezanoni.com.br\/2019\/wp-content\/uploads\/2026\/03\/z-pc1-300x230.jpg 300w, https:\/\/jorgezanoni.com.br\/2019\/wp-content\/uploads\/2026\/03\/z-pc1-1024x785.jpg 1024w, https:\/\/jorgezanoni.com.br\/2019\/wp-content\/uploads\/2026\/03\/z-pc1-768x589.jpg 768w, https:\/\/jorgezanoni.com.br\/2019\/wp-content\/uploads\/2026\/03\/z-pc1-80x60.jpg 80w, https:\/\/jorgezanoni.com.br\/2019\/wp-content\/uploads\/2026\/03\/z-pc1-696x533.jpg 696w, https:\/\/jorgezanoni.com.br\/2019\/wp-content\/uploads\/2026\/03\/z-pc1-1068x818.jpg 1068w, https:\/\/jorgezanoni.com.br\/2019\/wp-content\/uploads\/2026\/03\/z-pc1-548x420.jpg 548w\" sizes=\"auto, (max-width: 1288px) 100vw, 1288px\" \/> <img loading=\"lazy\" decoding=\"async\" class=\"alignnone size-full wp-image-101733\" src=\"https:\/\/jorgezanoni.com.br\/2019\/wp-content\/uploads\/2026\/03\/z-pc2.jpg\" alt=\"\" width=\"890\" height=\"890\" srcset=\"https:\/\/jorgezanoni.com.br\/2019\/wp-content\/uploads\/2026\/03\/z-pc2.jpg 890w, https:\/\/jorgezanoni.com.br\/2019\/wp-content\/uploads\/2026\/03\/z-pc2-300x300.jpg 300w, https:\/\/jorgezanoni.com.br\/2019\/wp-content\/uploads\/2026\/03\/z-pc2-150x150.jpg 150w, https:\/\/jorgezanoni.com.br\/2019\/wp-content\/uploads\/2026\/03\/z-pc2-768x768.jpg 768w, https:\/\/jorgezanoni.com.br\/2019\/wp-content\/uploads\/2026\/03\/z-pc2-696x696.jpg 696w, https:\/\/jorgezanoni.com.br\/2019\/wp-content\/uploads\/2026\/03\/z-pc2-420x420.jpg 420w\" sizes=\"auto, (max-width: 890px) 100vw, 890px\" \/> <img loading=\"lazy\" decoding=\"async\" class=\"alignnone size-full wp-image-101734\" src=\"https:\/\/jorgezanoni.com.br\/2019\/wp-content\/uploads\/2026\/03\/z-pc3.jpg\" alt=\"\" width=\"896\" height=\"896\" srcset=\"https:\/\/jorgezanoni.com.br\/2019\/wp-content\/uploads\/2026\/03\/z-pc3.jpg 896w, https:\/\/jorgezanoni.com.br\/2019\/wp-content\/uploads\/2026\/03\/z-pc3-300x300.jpg 300w, https:\/\/jorgezanoni.com.br\/2019\/wp-content\/uploads\/2026\/03\/z-pc3-150x150.jpg 150w, https:\/\/jorgezanoni.com.br\/2019\/wp-content\/uploads\/2026\/03\/z-pc3-768x768.jpg 768w, https:\/\/jorgezanoni.com.br\/2019\/wp-content\/uploads\/2026\/03\/z-pc3-696x696.jpg 696w, https:\/\/jorgezanoni.com.br\/2019\/wp-content\/uploads\/2026\/03\/z-pc3-420x420.jpg 420w\" sizes=\"auto, (max-width: 896px) 100vw, 896px\" \/>Fonte: Comunica\u00e7\u00e3o Social Pol\u00edcia Civil<\/p>\n","protected":false},"excerpt":{"rendered":"<p>A\u00e7\u00e3o integrada refor\u00e7a a atua\u00e7\u00e3o de pol\u00edcia judici\u00e1ria e intensifica o combate \u00e0 criminalidade na faixa de divisa entre S\u00e3o Paulo e Mato Grosso do Sul. A Pol\u00edcia Civil do Estado de S\u00e3o Paulo (PCSP), por interm\u00e9dio da Delegacia de Pol\u00edcia de Paulic\u00e9ia, com apoio operacional das unidades especializadas (DIG\/DISE) de Dracena, deflagrou, nesta quarta-feira [&hellip;]<\/p>\n","protected":false},"author":1,"featured_media":101731,"comment_status":"closed","ping_status":"open","sticky":false,"template":"","format":"standard","meta":{"footnotes":""},"categories":[110,2],"tags":[],"class_list":["post-101730","post","type-post","status-publish","format-standard","has-post-thumbnail","hentry","category-noticiasdestaque","category-policial"],"_links":{"self":[{"href":"https:\/\/jorgezanoni.com.br\/2019\/wp-json\/wp\/v2\/posts\/101730","targetHints":{"allow":["GET"]}}],"collection":[{"href":"https:\/\/jorgezanoni.com.br\/2019\/wp-json\/wp\/v2\/posts"}],"about":[{"href":"https:\/\/jorgezanoni.com.br\/2019\/wp-json\/wp\/v2\/types\/post"}],"author":[{"embeddable":true,"href":"https:\/\/jorgezanoni.com.br\/2019\/wp-json\/wp\/v2\/users\/1"}],"replies":[{"embeddable":true,"href":"https:\/\/jorgezanoni.com.br\/2019\/wp-json\/wp\/v2\/comments?post=101730"}],"version-history":[{"count":1,"href":"https:\/\/jorgezanoni.com.br\/2019\/wp-json\/wp\/v2\/posts\/101730\/revisions"}],"predecessor-version":[{"id":101735,"href":"https:\/\/jorgezanoni.com.br\/2019\/wp-json\/wp\/v2\/posts\/101730\/revisions\/101735"}],"wp:featuredmedia":[{"embeddable":true,"href":"https:\/\/jorgezanoni.com.br\/2019\/wp-json\/wp\/v2\/media\/101731"}],"wp:attachment":[{"href":"https:\/\/jorgezanoni.com.br\/2019\/wp-json\/wp\/v2\/media?parent=101730"}],"wp:term":[{"taxonomy":"category","embeddable":true,"href":"https:\/\/jorgezanoni.com.br\/2019\/wp-json\/wp\/v2\/categories?post=101730"},{"taxonomy":"post_tag","embeddable":true,"href":"https:\/\/jorgezanoni.com.br\/2019\/wp-json\/wp\/v2\/tags?post=101730"}],"curies":[{"name":"wp","href":"https:\/\/api.w.org\/{rel}","templated":true}]}}