{"id":101645,"date":"2026-03-13T20:48:46","date_gmt":"2026-03-13T20:48:46","guid":{"rendered":"https:\/\/jorgezanoni.com.br\/2019\/?p=101645"},"modified":"2026-03-13T20:49:55","modified_gmt":"2026-03-13T20:49:55","slug":"policia-civil-apreende-arma-de-fogo-e-municoes-durante-cumprimento-de-mandado-de-busca-em-tupi-paulista","status":"publish","type":"post","link":"https:\/\/jorgezanoni.com.br\/2019\/policia-civil-apreende-arma-de-fogo-e-municoes-durante-cumprimento-de-mandado-de-busca-em-tupi-paulista\/","title":{"rendered":"Pol\u00edcia Civil apreende arma de fogo e muni\u00e7\u00f5es durante cumprimento de mandado de busca em Tupi Paulista"},"content":{"rendered":"<p style=\"text-align: justify;\"><strong>A\u00e7\u00e3o foi realizada ap\u00f3s investiga\u00e7\u00e3o sobre amea\u00e7a registrada no munic\u00edpio; homem foi autuado por posse irregular de arma de fogo.<\/strong><\/p>\n<p style=\"text-align: justify;\">A Pol\u00edcia Civil do Estado de S\u00e3o Paulo (PCSP), por interm\u00e9dio da Delegacia de Pol\u00edcia de Tupi Paulista, prendeu em flagrante, nesta sexta-feira (13), um homem de 76 anos por posse irregular de arma de fogo de uso permitido no munic\u00edpio.<\/p>\n<p style=\"text-align: justify;\">A a\u00e7\u00e3o ocorreu durante o cumprimento de mandado de busca e apreens\u00e3o em uma resid\u00eancia localizada na Rua S\u00e3o Francisco. No local, os policiais civis localizaram um rev\u00f3lver calibre .38 municiado com quatro cartuchos intactos.<\/p>\n<p style=\"text-align: justify;\">A medida judicial foi solicitada pela autoridade policial no curso de investiga\u00e7\u00e3o conduzida pela Delegacia de Pol\u00edcia de Tupi Paulista. Segundo apurado, em meados do m\u00eas de fevereiro, ap\u00f3s uma discuss\u00e3o em frente \u00e0 sua resid\u00eancia, o investigado teria sacado um rev\u00f3lver e amea\u00e7ado um rapaz em via p\u00fablica, fato que teria sido presenciado por outras pessoas.<\/p>\n<p style=\"text-align: justify;\">Ap\u00f3s o registro da ocorr\u00eancia, foram realizadas dilig\u00eancias investigativas, que resultaram na representa\u00e7\u00e3o pela expedi\u00e7\u00e3o de mandado de busca e apreens\u00e3o. A medida foi posteriormente autorizada pelo Poder Judici\u00e1rio, ap\u00f3s manifesta\u00e7\u00e3o favor\u00e1vel do Minist\u00e9rio P\u00fablico.<\/p>\n<p style=\"text-align: justify;\">Com a localiza\u00e7\u00e3o da arma e das muni\u00e7\u00f5es, o suspeito foi conduzido \u00e0 Delegacia de Pol\u00edcia do munic\u00edpio, onde foi autuado em flagrante pelo crime de posse irregular de arma de fogo de uso permitido.<\/p>\n<p style=\"text-align: justify;\">Foi arbitrada fian\u00e7a, a qual foi paga pelo investigado, que responder\u00e1 ao processo em liberdade.<\/p>\n<p style=\"text-align: justify;\">A Pol\u00edcia Civil ressalta que a posse e a guarda de arma de fogo no Brasil est\u00e3o sujeitas ao cumprimento de requisitos legais, incluindo registro e autoriza\u00e7\u00e3o nos termos da legisla\u00e7\u00e3o vigente. A manuten\u00e7\u00e3o de armamento em desacordo com a lei configura crime e pode resultar em responsabiliza\u00e7\u00e3o penal.<\/p>\n<p style=\"text-align: justify;\">A institui\u00e7\u00e3o refor\u00e7a ainda a import\u00e2ncia da responsabilidade do cidad\u00e3o no cumprimento das normas legais relacionadas \u00e0 posse e ao registro de armas de fogo, medida essencial para a preserva\u00e7\u00e3o da seguran\u00e7a coletiva.<\/p>\n<p style=\"text-align: justify;\">Fonte: Comunica\u00e7\u00e3o Social Pol\u00edcia Civil<\/p>\n","protected":false},"excerpt":{"rendered":"<p>A\u00e7\u00e3o foi realizada ap\u00f3s investiga\u00e7\u00e3o sobre amea\u00e7a registrada no munic\u00edpio; homem foi autuado por posse irregular de arma de fogo. A Pol\u00edcia Civil do Estado de S\u00e3o Paulo (PCSP), por interm\u00e9dio da Delegacia de Pol\u00edcia de Tupi Paulista, prendeu em flagrante, nesta sexta-feira (13), um homem de 76 anos por posse irregular de arma de [&hellip;]<\/p>\n","protected":false},"author":1,"featured_media":101646,"comment_status":"closed","ping_status":"open","sticky":false,"template":"","format":"standard","meta":{"footnotes":""},"categories":[110,2],"tags":[],"class_list":["post-101645","post","type-post","status-publish","format-standard","has-post-thumbnail","hentry","category-noticiasdestaque","category-policial"],"_links":{"self":[{"href":"https:\/\/jorgezanoni.com.br\/2019\/wp-json\/wp\/v2\/posts\/101645","targetHints":{"allow":["GET"]}}],"collection":[{"href":"https:\/\/jorgezanoni.com.br\/2019\/wp-json\/wp\/v2\/posts"}],"about":[{"href":"https:\/\/jorgezanoni.com.br\/2019\/wp-json\/wp\/v2\/types\/post"}],"author":[{"embeddable":true,"href":"https:\/\/jorgezanoni.com.br\/2019\/wp-json\/wp\/v2\/users\/1"}],"replies":[{"embeddable":true,"href":"https:\/\/jorgezanoni.com.br\/2019\/wp-json\/wp\/v2\/comments?post=101645"}],"version-history":[{"count":2,"href":"https:\/\/jorgezanoni.com.br\/2019\/wp-json\/wp\/v2\/posts\/101645\/revisions"}],"predecessor-version":[{"id":101648,"href":"https:\/\/jorgezanoni.com.br\/2019\/wp-json\/wp\/v2\/posts\/101645\/revisions\/101648"}],"wp:featuredmedia":[{"embeddable":true,"href":"https:\/\/jorgezanoni.com.br\/2019\/wp-json\/wp\/v2\/media\/101646"}],"wp:attachment":[{"href":"https:\/\/jorgezanoni.com.br\/2019\/wp-json\/wp\/v2\/media?parent=101645"}],"wp:term":[{"taxonomy":"category","embeddable":true,"href":"https:\/\/jorgezanoni.com.br\/2019\/wp-json\/wp\/v2\/categories?post=101645"},{"taxonomy":"post_tag","embeddable":true,"href":"https:\/\/jorgezanoni.com.br\/2019\/wp-json\/wp\/v2\/tags?post=101645"}],"curies":[{"name":"wp","href":"https:\/\/api.w.org\/{rel}","templated":true}]}}