{"id":101639,"date":"2026-03-13T20:39:19","date_gmt":"2026-03-13T20:39:19","guid":{"rendered":"https:\/\/jorgezanoni.com.br\/2019\/?p=101639"},"modified":"2026-03-13T20:39:19","modified_gmt":"2026-03-13T20:39:19","slug":"policia-civil-presta-apoio-ao-mpsp-em-mandados-de-prisao-e-buscas-em-tupi-paulista","status":"publish","type":"post","link":"https:\/\/jorgezanoni.com.br\/2019\/policia-civil-presta-apoio-ao-mpsp-em-mandados-de-prisao-e-buscas-em-tupi-paulista\/","title":{"rendered":"Pol\u00edcia Civil presta apoio ao MPSP em mandados de pris\u00e3o e buscas em Tupi Paulista"},"content":{"rendered":"<p style=\"text-align: justify;\"><strong>POL\u00cdCIA CIVIL PRESTA APOIO OPERACIONAL AO MINIST\u00c9RIO P\u00daBLICO DO ESTADO DE S\u00c3O PAULO NO CUMPRIMENTO DE MANDADOS DE PRIS\u00c3O E DE BUSCAS EM TUPI PAULISTA<\/strong><\/p>\n<p style=\"text-align: justify;\">A\u00e7\u00e3o integra opera\u00e7\u00e3o conduzida pelo Minist\u00e9rio P\u00fablico e conta com apoio da Delegacia Seccional de Pol\u00edcia de Dracena<\/p>\n<p style=\"text-align: justify;\">A Pol\u00edcia Civil do Estado de S\u00e3o Paulo (PCSP), por interm\u00e9dio da Delegacia Seccional de Pol\u00edcia de Dracena, integrou, nesta sexta-feira (13), a Opera\u00e7\u00e3o \u201cM\u00e1gico de Oz\u201d em apoio ao Minist\u00e9rio P\u00fablico do Estado de S\u00e3o Paulo (MPSP), por meio do Grupo de Atua\u00e7\u00e3o Especial de Combate ao Crime Organizado (GAECO) e do Grupo de Atua\u00e7\u00e3o Especial de Repress\u00e3o aos Delitos Econ\u00f4micos (GEDEC), no munic\u00edpio de Tupi Paulista.<\/p>\n<p style=\"text-align: justify;\">Durante a a\u00e7\u00e3o, foram cumpridos seis mandados de busca e apreens\u00e3o domiciliar, al\u00e9m de um mandado de pris\u00e3o, expedidos pela Justi\u00e7a no \u00e2mbito de investiga\u00e7\u00e3o conduzida pelo Minist\u00e9rio P\u00fablico.<\/p>\n<p style=\"text-align: justify;\">A opera\u00e7\u00e3o contou com a participa\u00e7\u00e3o de 52 policiais civis, distribu\u00eddos em 18 viaturas de padr\u00e3o t\u00e1tico-operacional, al\u00e9m de membros e servidores do Minist\u00e9rio P\u00fablico do Estado de S\u00e3o Paulo.<\/p>\n<p style=\"text-align: justify;\">Os objetos apreendidos foram encaminhados ao GAECO. O suspeito, um homem de 42 anos, contra o qual havia mandado de pris\u00e3o expedido, foi localizado e preso na cidade de Valinhos.<\/p>\n<p style=\"text-align: justify;\">Outras informa\u00e7\u00f5es poder\u00e3o ser divulgadas posteriormente pela coordena\u00e7\u00e3o da opera\u00e7\u00e3o junto ao Minist\u00e9rio P\u00fablico do Estado de S\u00e3o Paulo.<\/p>\n<p><img loading=\"lazy\" decoding=\"async\" class=\"alignnone size-full wp-image-101640\" src=\"https:\/\/jorgezanoni.com.br\/2019\/wp-content\/uploads\/2026\/03\/tupi.jpg\" alt=\"\" width=\"1512\" height=\"1512\" srcset=\"https:\/\/jorgezanoni.com.br\/2019\/wp-content\/uploads\/2026\/03\/tupi.jpg 1512w, https:\/\/jorgezanoni.com.br\/2019\/wp-content\/uploads\/2026\/03\/tupi-300x300.jpg 300w, https:\/\/jorgezanoni.com.br\/2019\/wp-content\/uploads\/2026\/03\/tupi-1024x1024.jpg 1024w, https:\/\/jorgezanoni.com.br\/2019\/wp-content\/uploads\/2026\/03\/tupi-150x150.jpg 150w, https:\/\/jorgezanoni.com.br\/2019\/wp-content\/uploads\/2026\/03\/tupi-768x768.jpg 768w, https:\/\/jorgezanoni.com.br\/2019\/wp-content\/uploads\/2026\/03\/tupi-696x696.jpg 696w, https:\/\/jorgezanoni.com.br\/2019\/wp-content\/uploads\/2026\/03\/tupi-1068x1068.jpg 1068w, https:\/\/jorgezanoni.com.br\/2019\/wp-content\/uploads\/2026\/03\/tupi-420x420.jpg 420w\" sizes=\"auto, (max-width: 1512px) 100vw, 1512px\" \/> <img loading=\"lazy\" decoding=\"async\" class=\"alignnone size-full wp-image-101641\" src=\"https:\/\/jorgezanoni.com.br\/2019\/wp-content\/uploads\/2026\/03\/tupi1.jpg\" alt=\"\" width=\"1512\" height=\"1249\" srcset=\"https:\/\/jorgezanoni.com.br\/2019\/wp-content\/uploads\/2026\/03\/tupi1.jpg 1512w, https:\/\/jorgezanoni.com.br\/2019\/wp-content\/uploads\/2026\/03\/tupi1-300x248.jpg 300w, https:\/\/jorgezanoni.com.br\/2019\/wp-content\/uploads\/2026\/03\/tupi1-1024x846.jpg 1024w, https:\/\/jorgezanoni.com.br\/2019\/wp-content\/uploads\/2026\/03\/tupi1-768x634.jpg 768w, https:\/\/jorgezanoni.com.br\/2019\/wp-content\/uploads\/2026\/03\/tupi1-696x575.jpg 696w, https:\/\/jorgezanoni.com.br\/2019\/wp-content\/uploads\/2026\/03\/tupi1-1068x882.jpg 1068w, https:\/\/jorgezanoni.com.br\/2019\/wp-content\/uploads\/2026\/03\/tupi1-508x420.jpg 508w\" sizes=\"auto, (max-width: 1512px) 100vw, 1512px\" \/><\/p>\n<p>Fonte: Comunica\u00e7\u00e3o Social Pol\u00edcia Civil<\/p>\n","protected":false},"excerpt":{"rendered":"<p>POL\u00cdCIA CIVIL PRESTA APOIO OPERACIONAL AO MINIST\u00c9RIO P\u00daBLICO DO ESTADO DE S\u00c3O PAULO NO CUMPRIMENTO DE MANDADOS DE PRIS\u00c3O E DE BUSCAS EM TUPI PAULISTA A\u00e7\u00e3o integra opera\u00e7\u00e3o conduzida pelo Minist\u00e9rio P\u00fablico e conta com apoio da Delegacia Seccional de Pol\u00edcia de Dracena A Pol\u00edcia Civil do Estado de S\u00e3o Paulo (PCSP), por interm\u00e9dio da [&hellip;]<\/p>\n","protected":false},"author":1,"featured_media":101642,"comment_status":"closed","ping_status":"open","sticky":false,"template":"","format":"standard","meta":{"footnotes":""},"categories":[110,2],"tags":[],"class_list":["post-101639","post","type-post","status-publish","format-standard","has-post-thumbnail","hentry","category-noticiasdestaque","category-policial"],"_links":{"self":[{"href":"https:\/\/jorgezanoni.com.br\/2019\/wp-json\/wp\/v2\/posts\/101639","targetHints":{"allow":["GET"]}}],"collection":[{"href":"https:\/\/jorgezanoni.com.br\/2019\/wp-json\/wp\/v2\/posts"}],"about":[{"href":"https:\/\/jorgezanoni.com.br\/2019\/wp-json\/wp\/v2\/types\/post"}],"author":[{"embeddable":true,"href":"https:\/\/jorgezanoni.com.br\/2019\/wp-json\/wp\/v2\/users\/1"}],"replies":[{"embeddable":true,"href":"https:\/\/jorgezanoni.com.br\/2019\/wp-json\/wp\/v2\/comments?post=101639"}],"version-history":[{"count":1,"href":"https:\/\/jorgezanoni.com.br\/2019\/wp-json\/wp\/v2\/posts\/101639\/revisions"}],"predecessor-version":[{"id":101643,"href":"https:\/\/jorgezanoni.com.br\/2019\/wp-json\/wp\/v2\/posts\/101639\/revisions\/101643"}],"wp:featuredmedia":[{"embeddable":true,"href":"https:\/\/jorgezanoni.com.br\/2019\/wp-json\/wp\/v2\/media\/101642"}],"wp:attachment":[{"href":"https:\/\/jorgezanoni.com.br\/2019\/wp-json\/wp\/v2\/media?parent=101639"}],"wp:term":[{"taxonomy":"category","embeddable":true,"href":"https:\/\/jorgezanoni.com.br\/2019\/wp-json\/wp\/v2\/categories?post=101639"},{"taxonomy":"post_tag","embeddable":true,"href":"https:\/\/jorgezanoni.com.br\/2019\/wp-json\/wp\/v2\/tags?post=101639"}],"curies":[{"name":"wp","href":"https:\/\/api.w.org\/{rel}","templated":true}]}}