{"id":101553,"date":"2026-03-09T00:37:28","date_gmt":"2026-03-09T00:37:28","guid":{"rendered":"https:\/\/jorgezanoni.com.br\/2019\/?p=101553"},"modified":"2026-03-09T00:37:28","modified_gmt":"2026-03-09T00:37:28","slug":"prefeita-de-dracena-geni-lobo-sofre-acidente-domestico-e-esta-se-recuperando","status":"publish","type":"post","link":"https:\/\/jorgezanoni.com.br\/2019\/prefeita-de-dracena-geni-lobo-sofre-acidente-domestico-e-esta-se-recuperando\/","title":{"rendered":"Prefeita de Dracena Geni Lobo sofre acidente dom\u00e9stico e est\u00e1 se recuperando"},"content":{"rendered":"<p style=\"text-align: justify;\">A Prefeita Municipal de Dracena Geni Pereira Lobo Pesin (PP), sofreu uma queda em sua resid\u00eancia na noite da \u00faltima sexta-feira (6) e ap\u00f3s passar pelo Pronto Atendimento Municipal (PAM), ficou internada na Santa Casa de Dracena at\u00e9 neste domingo (08).<\/p>\n<p style=\"text-align: justify;\">Segundo informa\u00e7\u00f5es obtidas pela reportagem do SITE JZ e TOP TV em contato com a pr\u00f3pria prefeita, a mesma informou que teve fratura em tr\u00eas costelas, que est\u00e1 em casa se recuperando e necessita de repouso.<\/p>\n<p style=\"text-align: justify;\">Informou tamb\u00e9m que dar\u00e1 continuidade aos trabalhos dentro das possibilidades.<\/p>\n<p style=\"text-align: justify;\">Desejamos pronta recupera\u00e7\u00e3o \u00e0 prefeita e que volte rapidamente.<\/p>\n<p style=\"text-align: justify;\">Jorge Zanoni<\/p>\n<p>&nbsp;<\/p>\n<p><em>\u00a0 \u00a0 \u00a0<\/em><\/p>\n","protected":false},"excerpt":{"rendered":"<p>A Prefeita Municipal de Dracena Geni Pereira Lobo Pesin (PP), sofreu uma queda em sua resid\u00eancia na noite da \u00faltima sexta-feira (6) e ap\u00f3s passar pelo Pronto Atendimento Municipal (PAM), ficou internada na Santa Casa de Dracena at\u00e9 neste domingo (08). Segundo informa\u00e7\u00f5es obtidas pela reportagem do SITE JZ e TOP TV em contato com [&hellip;]<\/p>\n","protected":false},"author":1,"featured_media":101554,"comment_status":"closed","ping_status":"open","sticky":false,"template":"","format":"standard","meta":{"footnotes":""},"categories":[179,184,110,116],"tags":[],"class_list":["post-101553","post","type-post","status-publish","format-standard","has-post-thumbnail","hentry","category-cidadeseregiao","category-dracena","category-noticiasdestaque","category-politicaeeconomia"],"_links":{"self":[{"href":"https:\/\/jorgezanoni.com.br\/2019\/wp-json\/wp\/v2\/posts\/101553","targetHints":{"allow":["GET"]}}],"collection":[{"href":"https:\/\/jorgezanoni.com.br\/2019\/wp-json\/wp\/v2\/posts"}],"about":[{"href":"https:\/\/jorgezanoni.com.br\/2019\/wp-json\/wp\/v2\/types\/post"}],"author":[{"embeddable":true,"href":"https:\/\/jorgezanoni.com.br\/2019\/wp-json\/wp\/v2\/users\/1"}],"replies":[{"embeddable":true,"href":"https:\/\/jorgezanoni.com.br\/2019\/wp-json\/wp\/v2\/comments?post=101553"}],"version-history":[{"count":1,"href":"https:\/\/jorgezanoni.com.br\/2019\/wp-json\/wp\/v2\/posts\/101553\/revisions"}],"predecessor-version":[{"id":101555,"href":"https:\/\/jorgezanoni.com.br\/2019\/wp-json\/wp\/v2\/posts\/101553\/revisions\/101555"}],"wp:featuredmedia":[{"embeddable":true,"href":"https:\/\/jorgezanoni.com.br\/2019\/wp-json\/wp\/v2\/media\/101554"}],"wp:attachment":[{"href":"https:\/\/jorgezanoni.com.br\/2019\/wp-json\/wp\/v2\/media?parent=101553"}],"wp:term":[{"taxonomy":"category","embeddable":true,"href":"https:\/\/jorgezanoni.com.br\/2019\/wp-json\/wp\/v2\/categories?post=101553"},{"taxonomy":"post_tag","embeddable":true,"href":"https:\/\/jorgezanoni.com.br\/2019\/wp-json\/wp\/v2\/tags?post=101553"}],"curies":[{"name":"wp","href":"https:\/\/api.w.org\/{rel}","templated":true}]}}